{"id":1395,"date":"2021-10-26T10:12:20","date_gmt":"2021-10-26T10:12:20","guid":{"rendered":"http:\/\/650tontor.sare.eus\/donostia-acoge-la-manifestacion-bajo-el-lema-ibilian-ibilian-etxerako-bidean\/"},"modified":"2021-10-26T10:12:20","modified_gmt":"2021-10-26T10:12:20","slug":"donostia-acoge-la-manifestacion-bajo-el-lema-ibilian-ibilian-etxerako-bidean","status":"publish","type":"post","link":"https:\/\/sare.eus\/es\/donostia-acoge-la-manifestacion-bajo-el-lema-ibilian-ibilian-etxerako-bidean\/","title":{"rendered":"Donostia acoge la Manifestaci\u00f3n bajo el lema \u00abIbilian-ibilian etxerako bidean\u00bb"},"content":{"rendered":"<div class=\"uncode_text_column\">\n<p>Una vez m\u00e1s, gracias por la respuesta masiva, contundente en esta manifestaci\u00f3n. Una y mil veces, eskerrik asko!<\/p>\n<p>Un agradecimiento especial, tambi\u00e9n, a quienes desde opciones pol\u00edticas, sindicales y sociales diferentes, hab\u00e9is querido acompa\u00f1arnos y reivindicar juntos y juntas, la necesidad de avanzar hacia la convivencia, desde el respeto a quienes piensan de manera diferente.<\/p>\n<p>Nos une algo fundamental, como es la defensa de los derechos humanos. De todos los derechos para todas las personas, sin excepci\u00f3n. Porque los DDHH no pueden parcelarse y defender unos y obviar otros.<\/p>\n<p>Prepararos ya, para el 8 de enero. Ese d\u00eda, tenemos que volver a llenar las calles. Tenemos que lanzar ese grito silencioso o ruidoso, diciendo que hay que terminar con la vulneraci\u00f3n de derechos que sufren los presos y presas vascas. Que nos oigan bien, en aquellas instancias que tienen en sus manos poner fin a una pol\u00edtica penitenciaria de excepci\u00f3n que dura ya muchas d\u00e9cadas y tanto sufrimiento ha causado a tanta y tanta gente.<\/p>\n<p>Es cierto que el \u00faltimo a\u00f1o ha supuesto un avance hacia otro tipo de pol\u00edtica penitenciaria. Con el esfuerzo de los hombres y mujeres de este pa\u00eds, junto a la mayor\u00eda pol\u00edtica y sindical de nuestro pueblo, hemos avanzado. Hemos dejado atr\u00e1s las c\u00e1rceles de Levante, Andaluc\u00eda o Galizia, pero a\u00fan son un centenar de presos y presas en c\u00e1rceles de Espa\u00f1a y una veintena en Francia. Ahora nos toca vaciar las c\u00e1rceles de Castilla, Arag\u00f3n, Cantabria, Asturias, Logro\u00f1o o Madrid y a nuestros compa\u00f1eros de Iparralde, hacer lo mismo, con las c\u00e1rceles de francesas.<\/p>\n<p>No estamos reivindicando privilegios. Exigimos justicia. Pedimos una legislaci\u00f3n de car\u00e1cter ordinaria, que impida cadenas perpetuas encubiertas; que posibilite la progresi\u00f3n de grados o los permisos penitenciarios a los que tienen derechos los presos y presas vascas.<\/p>\n<p>Con la aplicaci\u00f3n de una pol\u00edtica penitenciaria ordinaria, mas de un tercio de estos presos y presas, hoy estar\u00edan en sus casas.<\/p>\n<p>Desde el pasado 1 de Octubre, encaramos un nuevo tiempo. 23 d\u00edas hace que la Administraci\u00f3n de la CAV, tiene en sus manos la posibilidad de desarrollar una pol\u00edtica penitenciaria de car\u00e1cter humanista, no represiva y que nos acerque a la reconstrucci\u00f3n de la convivencia, tras tantos a\u00f1os de confrontaci\u00f3n y sufrimiento.<\/p>\n<p>Esto solo ser\u00e1 posible, si entre todos somos capaces de dejar al margen confrontaciones est\u00e9riles y buscar una soluci\u00f3n justa al problema de las c\u00e1rceles.<br \/>Si es esta, y confiamos que as\u00ed es, la posici\u00f3n de quienes aqu\u00ed van a desarrollar esta nueva pol\u00edtica penitenciaria, nos tendr\u00e1n a su lado y si as\u00ed no fuera, continuaremos recordando que una paz justa, requiere de audacia, justicia y humanidad.<\/p>\n<p>SARE, en este objetivo solo est\u00e1 para sumar. No estamos para hacer competencia a la actuaci\u00f3n en el \u00e1mbito pol\u00edtico. Sabemos cual es nuestro campo de actuaci\u00f3n y en \u00e9l, siempre tendr\u00e1n nuestra colaboraci\u00f3n en este objetivo.<\/p>\n<p>Desde la convicci\u00f3n de que es posible avanzar sin olvidar y sin odiar, trasladamos, tambi\u00e9n, nuestro respeto a todas las victimas de todas las violencias y la necesidad de que su dolor no sea utilizado por nadie, como arma pol\u00edtica arrojadiza contra el contrario.<\/p>\n<p>Y todo ello, porque es compatible el respeto a quienes han sufrido cualquiera de las violencias padecidas en nuestro pueblo, con la exigencia del respeto a los derechos que asisten a las personas privadas de libertad.<\/p>\n<p>Es esta la posici\u00f3n que siempre ha defendido la Red Ciudadana SARE y es la que vamos a continuar defendiendo. Y es muy importante que lo hagamos entre todos y todas, porque posiblemente el mayor valor de lo que se ha venido realizando en nuestro Pa\u00eds en los \u00faltimos dos o tres a\u00f1os, es el haber sido capaces de articular un consenso entre la mayor\u00eda pol\u00edtica, sindical y social vasca, representada en las instituciones y en la calle.<\/p>\n<p>Preservemos este consenso, porque es el que nos va a permitir presentarnos ante los Gobiernos de Madrid y Par\u00eds, con el respaldo que representa ese 80% de la mayor\u00eda pol\u00edtica vasca y la unanimidad sindical. Teng\u00e1moslo muy en cuenta, porque esa es nuestra fortaleza.<\/p>\n<p>Y si a esto unimos a los miles y miles de ciudadanos que en las calles, pacifica y democr\u00e1ticamente, defienden estos objetivos, tenemos una parte importante del camino recorrido.<\/p>\n<p>Gracias una vez m\u00e1s, por esta aqu\u00ed. Por estar siempre ah\u00ed. No olvid\u00e9is de hacer de la utop\u00eda, nuestros sue\u00f1os.<\/p>\n<p>Y terminamos por el principio: el 8 de enero, es la gran cita. Todos y todas apostando por la paz, la convivencia y la resoluci\u00f3n.<\/p>\n<\/div>\n\n<figure class=\"wp-block-embed is-type-video is-provider-youtube wp-block-embed-youtube wp-embed-aspect-16-9 wp-has-aspect-ratio\">\r\n<div class=\"wp-block-embed__wrapper\">https:\/\/youtu.be\/avTwBDXMY2M<\/div>\r\n<\/figure>\n","protected":false},"excerpt":{"rendered":"<p>Una vez m\u00e1s, gracias por la respuesta masiva, contundente en esta manifestaci\u00f3n. Una y mil veces, eskerrik asko! Un agradecimiento especial, tambi\u00e9n, a quienes desde opciones pol\u00edticas, sindicales y sociales [&hellip;]<\/p>\n","protected":false},"author":1,"featured_media":1393,"comment_status":"closed","ping_status":"closed","sticky":false,"template":"","format":"standard","meta":{"_acf_changed":false,"_et_pb_use_builder":"off","_et_pb_old_content":"","_et_gb_content_width":"","footnotes":""},"categories":[60],"tags":[],"class_list":["post-1395","post","type-post","status-publish","format-standard","has-post-thumbnail","hentry","category-etxera-es","et-has-post-format-content","et_post_format-et-post-format-standard"],"acf":[],"yoast_head":"<!-- This site is optimized with the Yoast SEO plugin v26.4 - https:\/\/yoast.com\/wordpress\/plugins\/seo\/ -->\n<title>Donostia acoge la Manifestaci\u00f3n bajo el lema \u00abIbilian-ibilian etxerako bidean\u00bb - Sare Herritarra<\/title>\n<meta name=\"robots\" content=\"index, follow, max-snippet:-1, max-image-preview:large, max-video-preview:-1\" \/>\n<link rel=\"canonical\" href=\"https:\/\/sare.eus\/es\/donostia-acoge-la-manifestacion-bajo-el-lema-ibilian-ibilian-etxerako-bidean\/\" \/>\n<meta property=\"og:locale\" content=\"es_ES\" \/>\n<meta property=\"og:type\" content=\"article\" \/>\n<meta property=\"og:title\" content=\"Donostia acoge la Manifestaci\u00f3n bajo el lema \u00abIbilian-ibilian etxerako bidean\u00bb - Sare Herritarra\" \/>\n<meta property=\"og:description\" content=\"Una vez m\u00e1s, gracias por la respuesta masiva, contundente en esta manifestaci\u00f3n. Una y mil veces, eskerrik asko! Un agradecimiento especial, tambi\u00e9n, a quienes desde opciones pol\u00edticas, sindicales y sociales [&hellip;]\" \/>\n<meta property=\"og:url\" content=\"https:\/\/sare.eus\/es\/donostia-acoge-la-manifestacion-bajo-el-lema-ibilian-ibilian-etxerako-bidean\/\" \/>\n<meta property=\"og:site_name\" content=\"Sare Herritarra\" \/>\n<meta property=\"article:published_time\" content=\"2021-10-26T10:12:20+00:00\" \/>\n<meta property=\"og:image\" content=\"https:\/\/sare.eus\/wp-content\/uploads\/2021\/10\/U23_DONOSTIA-23-uai-516x323-1.jpeg\" \/>\n\t<meta property=\"og:image:width\" content=\"516\" \/>\n\t<meta property=\"og:image:height\" content=\"323\" \/>\n\t<meta property=\"og:image:type\" content=\"image\/jpeg\" \/>\n<meta name=\"author\" content=\"admin\" \/>\n<meta name=\"twitter:card\" content=\"summary_large_image\" \/>\n<meta name=\"twitter:label1\" content=\"Escrito por\" \/>\n\t<meta name=\"twitter:data1\" content=\"admin\" \/>\n\t<meta name=\"twitter:label2\" content=\"Tiempo de lectura\" \/>\n\t<meta name=\"twitter:data2\" content=\"4 minutos\" \/>\n<script type=\"application\/ld+json\" class=\"yoast-schema-graph\">{\"@context\":\"https:\/\/schema.org\",\"@graph\":[{\"@type\":\"Article\",\"@id\":\"https:\/\/sare.eus\/es\/donostia-acoge-la-manifestacion-bajo-el-lema-ibilian-ibilian-etxerako-bidean\/#article\",\"isPartOf\":{\"@id\":\"https:\/\/sare.eus\/es\/donostia-acoge-la-manifestacion-bajo-el-lema-ibilian-ibilian-etxerako-bidean\/\"},\"author\":{\"name\":\"admin\",\"@id\":\"https:\/\/sare.eus\/#\/schema\/person\/5a711e7396face0569eb43391127616d\"},\"headline\":\"Donostia acoge la Manifestaci\u00f3n bajo el lema \u00abIbilian-ibilian etxerako bidean\u00bb\",\"datePublished\":\"2021-10-26T10:12:20+00:00\",\"mainEntityOfPage\":{\"@id\":\"https:\/\/sare.eus\/es\/donostia-acoge-la-manifestacion-bajo-el-lema-ibilian-ibilian-etxerako-bidean\/\"},\"wordCount\":832,\"publisher\":{\"@id\":\"https:\/\/sare.eus\/#organization\"},\"image\":{\"@id\":\"https:\/\/sare.eus\/es\/donostia-acoge-la-manifestacion-bajo-el-lema-ibilian-ibilian-etxerako-bidean\/#primaryimage\"},\"thumbnailUrl\":\"https:\/\/sare.eus\/wp-content\/uploads\/2021\/10\/U23_DONOSTIA-23-uai-516x323-1.jpeg\",\"articleSection\":[\"Etxera\"],\"inLanguage\":\"es\"},{\"@type\":\"WebPage\",\"@id\":\"https:\/\/sare.eus\/es\/donostia-acoge-la-manifestacion-bajo-el-lema-ibilian-ibilian-etxerako-bidean\/\",\"url\":\"https:\/\/sare.eus\/es\/donostia-acoge-la-manifestacion-bajo-el-lema-ibilian-ibilian-etxerako-bidean\/\",\"name\":\"Donostia acoge la Manifestaci\u00f3n bajo el lema \u00abIbilian-ibilian etxerako bidean\u00bb - Sare Herritarra\",\"isPartOf\":{\"@id\":\"https:\/\/sare.eus\/#website\"},\"primaryImageOfPage\":{\"@id\":\"https:\/\/sare.eus\/es\/donostia-acoge-la-manifestacion-bajo-el-lema-ibilian-ibilian-etxerako-bidean\/#primaryimage\"},\"image\":{\"@id\":\"https:\/\/sare.eus\/es\/donostia-acoge-la-manifestacion-bajo-el-lema-ibilian-ibilian-etxerako-bidean\/#primaryimage\"},\"thumbnailUrl\":\"https:\/\/sare.eus\/wp-content\/uploads\/2021\/10\/U23_DONOSTIA-23-uai-516x323-1.jpeg\",\"datePublished\":\"2021-10-26T10:12:20+00:00\",\"breadcrumb\":{\"@id\":\"https:\/\/sare.eus\/es\/donostia-acoge-la-manifestacion-bajo-el-lema-ibilian-ibilian-etxerako-bidean\/#breadcrumb\"},\"inLanguage\":\"es\",\"potentialAction\":[{\"@type\":\"ReadAction\",\"target\":[\"https:\/\/sare.eus\/es\/donostia-acoge-la-manifestacion-bajo-el-lema-ibilian-ibilian-etxerako-bidean\/\"]}]},{\"@type\":\"ImageObject\",\"inLanguage\":\"es\",\"@id\":\"https:\/\/sare.eus\/es\/donostia-acoge-la-manifestacion-bajo-el-lema-ibilian-ibilian-etxerako-bidean\/#primaryimage\",\"url\":\"https:\/\/sare.eus\/wp-content\/uploads\/2021\/10\/U23_DONOSTIA-23-uai-516x323-1.jpeg\",\"contentUrl\":\"https:\/\/sare.eus\/wp-content\/uploads\/2021\/10\/U23_DONOSTIA-23-uai-516x323-1.jpeg\",\"width\":516,\"height\":323},{\"@type\":\"BreadcrumbList\",\"@id\":\"https:\/\/sare.eus\/es\/donostia-acoge-la-manifestacion-bajo-el-lema-ibilian-ibilian-etxerako-bidean\/#breadcrumb\",\"itemListElement\":[{\"@type\":\"ListItem\",\"position\":1,\"name\":\"Home\",\"item\":\"https:\/\/sare.eus\/\"},{\"@type\":\"ListItem\",\"position\":2,\"name\":\"Donostia acoge la Manifestaci\u00f3n bajo el lema \u00abIbilian-ibilian etxerako bidean\u00bb\"}]},{\"@type\":\"WebSite\",\"@id\":\"https:\/\/sare.eus\/#website\",\"url\":\"https:\/\/sare.eus\/\",\"name\":\"Sare Herritarra\",\"description\":\"KONPONBIDEAREN ETA GIZA ESKUBIDEEN ALDEKO SARE HERRITARRA\",\"publisher\":{\"@id\":\"https:\/\/sare.eus\/#organization\"},\"potentialAction\":[{\"@type\":\"SearchAction\",\"target\":{\"@type\":\"EntryPoint\",\"urlTemplate\":\"https:\/\/sare.eus\/?s={search_term_string}\"},\"query-input\":{\"@type\":\"PropertyValueSpecification\",\"valueRequired\":true,\"valueName\":\"search_term_string\"}}],\"inLanguage\":\"es\"},{\"@type\":\"Organization\",\"@id\":\"https:\/\/sare.eus\/#organization\",\"name\":\"Sare Herritarra\",\"url\":\"https:\/\/sare.eus\/\",\"logo\":{\"@type\":\"ImageObject\",\"inLanguage\":\"es\",\"@id\":\"https:\/\/sare.eus\/#\/schema\/logo\/image\/\",\"url\":\"https:\/\/sare.eus\/wp-content\/uploads\/2021\/08\/sare.png\",\"contentUrl\":\"https:\/\/sare.eus\/wp-content\/uploads\/2021\/08\/sare.png\",\"width\":120,\"height\":142,\"caption\":\"Sare Herritarra\"},\"image\":{\"@id\":\"https:\/\/sare.eus\/#\/schema\/logo\/image\/\"}},{\"@type\":\"Person\",\"@id\":\"https:\/\/sare.eus\/#\/schema\/person\/5a711e7396face0569eb43391127616d\",\"name\":\"admin\",\"image\":{\"@type\":\"ImageObject\",\"inLanguage\":\"es\",\"@id\":\"https:\/\/sare.eus\/#\/schema\/person\/image\/\",\"url\":\"https:\/\/secure.gravatar.com\/avatar\/d22a8cc353ba20fa3181b73b7b53a33b5b98923d9a2f9945443604d7359581c4?s=96&d=mm&r=g\",\"contentUrl\":\"https:\/\/secure.gravatar.com\/avatar\/d22a8cc353ba20fa3181b73b7b53a33b5b98923d9a2f9945443604d7359581c4?s=96&d=mm&r=g\",\"caption\":\"admin\"},\"url\":\"https:\/\/sare.eus\/es\/author\/prueba3371_a2783y7n\/\"}]}<\/script>\n<!-- \/ Yoast SEO plugin. -->","yoast_head_json":{"title":"Donostia acoge la Manifestaci\u00f3n bajo el lema \u00abIbilian-ibilian etxerako bidean\u00bb - Sare Herritarra","robots":{"index":"index","follow":"follow","max-snippet":"max-snippet:-1","max-image-preview":"max-image-preview:large","max-video-preview":"max-video-preview:-1"},"canonical":"https:\/\/sare.eus\/es\/donostia-acoge-la-manifestacion-bajo-el-lema-ibilian-ibilian-etxerako-bidean\/","og_locale":"es_ES","og_type":"article","og_title":"Donostia acoge la Manifestaci\u00f3n bajo el lema \u00abIbilian-ibilian etxerako bidean\u00bb - Sare Herritarra","og_description":"Una vez m\u00e1s, gracias por la respuesta masiva, contundente en esta manifestaci\u00f3n. Una y mil veces, eskerrik asko! Un agradecimiento especial, tambi\u00e9n, a quienes desde opciones pol\u00edticas, sindicales y sociales [&hellip;]","og_url":"https:\/\/sare.eus\/es\/donostia-acoge-la-manifestacion-bajo-el-lema-ibilian-ibilian-etxerako-bidean\/","og_site_name":"Sare Herritarra","article_published_time":"2021-10-26T10:12:20+00:00","og_image":[{"width":516,"height":323,"url":"https:\/\/sare.eus\/wp-content\/uploads\/2021\/10\/U23_DONOSTIA-23-uai-516x323-1.jpeg","type":"image\/jpeg"}],"author":"admin","twitter_card":"summary_large_image","twitter_misc":{"Escrito por":"admin","Tiempo de lectura":"4 minutos"},"schema":{"@context":"https:\/\/schema.org","@graph":[{"@type":"Article","@id":"https:\/\/sare.eus\/es\/donostia-acoge-la-manifestacion-bajo-el-lema-ibilian-ibilian-etxerako-bidean\/#article","isPartOf":{"@id":"https:\/\/sare.eus\/es\/donostia-acoge-la-manifestacion-bajo-el-lema-ibilian-ibilian-etxerako-bidean\/"},"author":{"name":"admin","@id":"https:\/\/sare.eus\/#\/schema\/person\/5a711e7396face0569eb43391127616d"},"headline":"Donostia acoge la Manifestaci\u00f3n bajo el lema \u00abIbilian-ibilian etxerako bidean\u00bb","datePublished":"2021-10-26T10:12:20+00:00","mainEntityOfPage":{"@id":"https:\/\/sare.eus\/es\/donostia-acoge-la-manifestacion-bajo-el-lema-ibilian-ibilian-etxerako-bidean\/"},"wordCount":832,"publisher":{"@id":"https:\/\/sare.eus\/#organization"},"image":{"@id":"https:\/\/sare.eus\/es\/donostia-acoge-la-manifestacion-bajo-el-lema-ibilian-ibilian-etxerako-bidean\/#primaryimage"},"thumbnailUrl":"https:\/\/sare.eus\/wp-content\/uploads\/2021\/10\/U23_DONOSTIA-23-uai-516x323-1.jpeg","articleSection":["Etxera"],"inLanguage":"es"},{"@type":"WebPage","@id":"https:\/\/sare.eus\/es\/donostia-acoge-la-manifestacion-bajo-el-lema-ibilian-ibilian-etxerako-bidean\/","url":"https:\/\/sare.eus\/es\/donostia-acoge-la-manifestacion-bajo-el-lema-ibilian-ibilian-etxerako-bidean\/","name":"Donostia acoge la Manifestaci\u00f3n bajo el lema \u00abIbilian-ibilian etxerako bidean\u00bb - Sare Herritarra","isPartOf":{"@id":"https:\/\/sare.eus\/#website"},"primaryImageOfPage":{"@id":"https:\/\/sare.eus\/es\/donostia-acoge-la-manifestacion-bajo-el-lema-ibilian-ibilian-etxerako-bidean\/#primaryimage"},"image":{"@id":"https:\/\/sare.eus\/es\/donostia-acoge-la-manifestacion-bajo-el-lema-ibilian-ibilian-etxerako-bidean\/#primaryimage"},"thumbnailUrl":"https:\/\/sare.eus\/wp-content\/uploads\/2021\/10\/U23_DONOSTIA-23-uai-516x323-1.jpeg","datePublished":"2021-10-26T10:12:20+00:00","breadcrumb":{"@id":"https:\/\/sare.eus\/es\/donostia-acoge-la-manifestacion-bajo-el-lema-ibilian-ibilian-etxerako-bidean\/#breadcrumb"},"inLanguage":"es","potentialAction":[{"@type":"ReadAction","target":["https:\/\/sare.eus\/es\/donostia-acoge-la-manifestacion-bajo-el-lema-ibilian-ibilian-etxerako-bidean\/"]}]},{"@type":"ImageObject","inLanguage":"es","@id":"https:\/\/sare.eus\/es\/donostia-acoge-la-manifestacion-bajo-el-lema-ibilian-ibilian-etxerako-bidean\/#primaryimage","url":"https:\/\/sare.eus\/wp-content\/uploads\/2021\/10\/U23_DONOSTIA-23-uai-516x323-1.jpeg","contentUrl":"https:\/\/sare.eus\/wp-content\/uploads\/2021\/10\/U23_DONOSTIA-23-uai-516x323-1.jpeg","width":516,"height":323},{"@type":"BreadcrumbList","@id":"https:\/\/sare.eus\/es\/donostia-acoge-la-manifestacion-bajo-el-lema-ibilian-ibilian-etxerako-bidean\/#breadcrumb","itemListElement":[{"@type":"ListItem","position":1,"name":"Home","item":"https:\/\/sare.eus\/"},{"@type":"ListItem","position":2,"name":"Donostia acoge la Manifestaci\u00f3n bajo el lema \u00abIbilian-ibilian etxerako bidean\u00bb"}]},{"@type":"WebSite","@id":"https:\/\/sare.eus\/#website","url":"https:\/\/sare.eus\/","name":"Sare Herritarra","description":"KONPONBIDEAREN ETA GIZA ESKUBIDEEN ALDEKO SARE HERRITARRA","publisher":{"@id":"https:\/\/sare.eus\/#organization"},"potentialAction":[{"@type":"SearchAction","target":{"@type":"EntryPoint","urlTemplate":"https:\/\/sare.eus\/?s={search_term_string}"},"query-input":{"@type":"PropertyValueSpecification","valueRequired":true,"valueName":"search_term_string"}}],"inLanguage":"es"},{"@type":"Organization","@id":"https:\/\/sare.eus\/#organization","name":"Sare Herritarra","url":"https:\/\/sare.eus\/","logo":{"@type":"ImageObject","inLanguage":"es","@id":"https:\/\/sare.eus\/#\/schema\/logo\/image\/","url":"https:\/\/sare.eus\/wp-content\/uploads\/2021\/08\/sare.png","contentUrl":"https:\/\/sare.eus\/wp-content\/uploads\/2021\/08\/sare.png","width":120,"height":142,"caption":"Sare Herritarra"},"image":{"@id":"https:\/\/sare.eus\/#\/schema\/logo\/image\/"}},{"@type":"Person","@id":"https:\/\/sare.eus\/#\/schema\/person\/5a711e7396face0569eb43391127616d","name":"admin","image":{"@type":"ImageObject","inLanguage":"es","@id":"https:\/\/sare.eus\/#\/schema\/person\/image\/","url":"https:\/\/secure.gravatar.com\/avatar\/d22a8cc353ba20fa3181b73b7b53a33b5b98923d9a2f9945443604d7359581c4?s=96&d=mm&r=g","contentUrl":"https:\/\/secure.gravatar.com\/avatar\/d22a8cc353ba20fa3181b73b7b53a33b5b98923d9a2f9945443604d7359581c4?s=96&d=mm&r=g","caption":"admin"},"url":"https:\/\/sare.eus\/es\/author\/prueba3371_a2783y7n\/"}]}},"_links":{"self":[{"href":"https:\/\/sare.eus\/es\/wp-json\/wp\/v2\/posts\/1395","targetHints":{"allow":["GET"]}}],"collection":[{"href":"https:\/\/sare.eus\/es\/wp-json\/wp\/v2\/posts"}],"about":[{"href":"https:\/\/sare.eus\/es\/wp-json\/wp\/v2\/types\/post"}],"author":[{"embeddable":true,"href":"https:\/\/sare.eus\/es\/wp-json\/wp\/v2\/users\/1"}],"replies":[{"embeddable":true,"href":"https:\/\/sare.eus\/es\/wp-json\/wp\/v2\/comments?post=1395"}],"version-history":[{"count":1,"href":"https:\/\/sare.eus\/es\/wp-json\/wp\/v2\/posts\/1395\/revisions"}],"predecessor-version":[{"id":1396,"href":"https:\/\/sare.eus\/es\/wp-json\/wp\/v2\/posts\/1395\/revisions\/1396"}],"wp:featuredmedia":[{"embeddable":true,"href":"https:\/\/sare.eus\/es\/wp-json\/wp\/v2\/media\/1393"}],"wp:attachment":[{"href":"https:\/\/sare.eus\/es\/wp-json\/wp\/v2\/media?parent=1395"}],"wp:term":[{"taxonomy":"category","embeddable":true,"href":"https:\/\/sare.eus\/es\/wp-json\/wp\/v2\/categories?post=1395"},{"taxonomy":"post_tag","embeddable":true,"href":"https:\/\/sare.eus\/es\/wp-json\/wp\/v2\/tags?post=1395"}],"curies":[{"name":"wp","href":"https:\/\/api.w.org\/{rel}","templated":true}]}}