{"id":1378,"date":"2020-08-24T17:26:22","date_gmt":"2020-08-24T17:26:22","guid":{"rendered":"http:\/\/650tontor.sare.eus\/nota-de-sare-nafarroa-tras-denegar-la-peticion-de-libertad-de-mikel-barrios\/"},"modified":"2021-10-20T17:29:09","modified_gmt":"2021-10-20T17:29:09","slug":"nota-de-sare-nafarroa-tras-denegar-la-peticion-de-libertad-de-mikel-barrios","status":"publish","type":"post","link":"https:\/\/sare.eus\/es\/nota-de-sare-nafarroa-tras-denegar-la-peticion-de-libertad-de-mikel-barrios\/","title":{"rendered":"Nota de Sare Nafarroa tras denegar la petici\u00f3n de libertad de Mikel Barrios"},"content":{"rendered":"<p>El Tribunal de Apelaci\u00f3n de Par\u00eds ha denegado la petici\u00f3n de puesta en libertad del preso vasco Mikel Barrios y ha ratificado la decisi\u00f3n adoptada el pasado junio: es decir, ha condenado al preso vasco a cinco a\u00f1os de prisi\u00f3n por un delito de pertenencia a una \u00aborganizaci\u00f3n criminal\u00bb.<br \/>Criticamos duramente la decisi\u00f3n de hoy, a\u00fan m\u00e1s; queremos subrayar que es desproporcionada e incomprensible a la vista del contexto actual en Euskal Herria.<br \/>\u00a1Es tiempo de soluciones! \u00a1Basta ya! Queremos dejar atr\u00e1s los tiempos de sufrimiento y construir un futuro tanto en paz como en libertad. Y en ese sentido, ante todas estas injusticias, no vamos a dejar de movilizarnos, vamos a seguir recorriendo el camino. Necesitamos una Nafarroa, Euskal Herria sin presos\/as, exiliados\/as y deportados\/as, porque esa ser\u00e1 la mejor aportaci\u00f3n que podamos hacer a la convivencia y a la paz real.<\/p>\n<p>La marcha en bicicleta organizada por la SARE Arrosadia del 4 al 6 de septiembre denunciar\u00e1 la decisi\u00f3n de hoy y pedir\u00e1 la puesta en libertad de Mikel Barrios. La primera etapa comenzar\u00e1 a las 8.30 horas en Iturgoien y finalizar\u00e1 en Aldude con una cena. La segunda etapa ser\u00e1 de Aldude a Lahontan y la comida se celebrar\u00e1 en Itsasu, donde en los \u00faltimos a\u00f1os ha vivido Mikel Barrios. Finalmente, la marcha llegar\u00e1 hasta la prisi\u00f3n de Mont de Marsan y despu\u00e9s se celebrar\u00e1 el Elkartasun Eguna en Itsasu.<\/p>\n<p> A trav\u00e9s de esta nota, queremos hacer un llamamiento a la ciudadan\u00eda para que se apunte a la iniciativa y participe en la marcha ciclista. <a target=\"_blank\" rel=\"noopener noreferrer\">\u00a0onartezinatxikitorena@gmail.com<\/a><\/p>\n<p>Mikel Barrios est\u00e1 preso en la prisi\u00f3n de Mont-de-Marsan (Occitania). Barrios fue detenido en octubre de 2017 en Alemania, desde donde fue trasladado a Francia en diciembre. Fue encarcelado en la prisi\u00f3n de Osny (Francia) y un a\u00f1o despu\u00e9s fue puesto en libertad bajo custodia. El juicio contra \u00e9l se celebr\u00f3 el pasado 23 de junio. La Fiscal\u00eda pidi\u00f3 seis a\u00f1os de prisi\u00f3n, mientras que la defensa pidi\u00f3 su suspensi\u00f3n alegando que las acusaciones en su contra son posteriores al cese definitivo de la lucha armada por parte de ETA. El Tribunal de Apelaci\u00f3n de Par\u00eds le conden\u00f3 a cinco a\u00f1os de c\u00e1rcel y a la prohibici\u00f3n de permanecer diez a\u00f1os en Francia.<\/p>\n\n<blockquote class=\"twitter-tweet\"><p lang=\"eu\" dir=\"ltr\">&#x26a0;&#xfe0f;DEIALDI GUZTIAK HEMEN &#x26a0;&#xfe0f;<br\/><br\/>&#x2197;&#xfe0f;Mikel Barrios etxera!&#x2199;&#xfe0f; &#x1f6b2; Bizikleta Martxa <br\/><br\/>&#x1f5d3;&#xfe0f;Irailak 4, 5 eta 6 <br\/><br\/>&#x1f4cc;Iturgoien, Arrosadia, Itsasu, CP. Mont de Marsan <a href=\"https:\/\/t.co\/1PgKO7ydXI\">pic.twitter.com\/1PgKO7ydXI<\/a><\/p>\u2014 Sare Nafarroa (@SareNafarroa) <a href=\"https:\/\/twitter.com\/SareNafarroa\/status\/1299256043256586241?ref_src=twsrc%5Etfw\">August 28, 2020<\/a><\/blockquote> <script async=\"\" src=\"https:\/\/platform.twitter.com\/widgets.js\" charset=\"utf-8\"><\/script>\n","protected":false},"excerpt":{"rendered":"<p>El Tribunal de Apelaci\u00f3n de Par\u00eds ha denegado la petici\u00f3n de puesta en libertad del preso vasco Mikel Barrios y ha ratificado la decisi\u00f3n adoptada el pasado junio: es decir, [&hellip;]<\/p>\n","protected":false},"author":1,"featured_media":1177,"comment_status":"closed","ping_status":"closed","sticky":false,"template":"","format":"standard","meta":{"_acf_changed":false,"_et_pb_use_builder":"off","_et_pb_old_content":"","_et_gb_content_width":"","footnotes":""},"categories":[66],"tags":[],"class_list":["post-1378","post","type-post","status-publish","format-standard","has-post-thumbnail","hentry","category-pueblos","et-has-post-format-content","et_post_format-et-post-format-standard"],"acf":[],"yoast_head":"<!-- This site is optimized with the Yoast SEO plugin v26.4 - https:\/\/yoast.com\/wordpress\/plugins\/seo\/ -->\n<title>Nota de Sare Nafarroa tras denegar la petici\u00f3n de libertad de Mikel Barrios - Sare Herritarra<\/title>\n<meta name=\"robots\" content=\"index, follow, max-snippet:-1, max-image-preview:large, max-video-preview:-1\" \/>\n<link rel=\"canonical\" href=\"https:\/\/sare.eus\/es\/nota-de-sare-nafarroa-tras-denegar-la-peticion-de-libertad-de-mikel-barrios\/\" \/>\n<meta property=\"og:locale\" content=\"es_ES\" \/>\n<meta property=\"og:type\" content=\"article\" \/>\n<meta property=\"og:title\" content=\"Nota de Sare Nafarroa tras denegar la petici\u00f3n de libertad de Mikel Barrios - Sare Herritarra\" \/>\n<meta property=\"og:description\" content=\"El Tribunal de Apelaci\u00f3n de Par\u00eds ha denegado la petici\u00f3n de puesta en libertad del preso vasco Mikel Barrios y ha ratificado la decisi\u00f3n adoptada el pasado junio: es decir, [&hellip;]\" \/>\n<meta property=\"og:url\" content=\"https:\/\/sare.eus\/es\/nota-de-sare-nafarroa-tras-denegar-la-peticion-de-libertad-de-mikel-barrios\/\" \/>\n<meta property=\"og:site_name\" content=\"Sare Herritarra\" \/>\n<meta property=\"article:published_time\" content=\"2020-08-24T17:26:22+00:00\" \/>\n<meta property=\"article:modified_time\" content=\"2021-10-20T17:29:09+00:00\" \/>\n<meta property=\"og:image\" content=\"https:\/\/sare.eus\/wp-content\/uploads\/2021\/10\/Mikel-Barrios-Uztailak-04-scaled-uai-516x329-1.jpeg\" \/>\n\t<meta property=\"og:image:width\" content=\"516\" \/>\n\t<meta property=\"og:image:height\" content=\"329\" \/>\n\t<meta property=\"og:image:type\" content=\"image\/jpeg\" \/>\n<meta name=\"author\" content=\"admin\" \/>\n<meta name=\"twitter:card\" content=\"summary_large_image\" \/>\n<meta name=\"twitter:label1\" content=\"Escrito por\" \/>\n\t<meta name=\"twitter:data1\" content=\"admin\" \/>\n\t<meta name=\"twitter:label2\" content=\"Tiempo de lectura\" \/>\n\t<meta name=\"twitter:data2\" content=\"2 minutos\" \/>\n<script type=\"application\/ld+json\" class=\"yoast-schema-graph\">{\"@context\":\"https:\/\/schema.org\",\"@graph\":[{\"@type\":\"Article\",\"@id\":\"https:\/\/sare.eus\/es\/nota-de-sare-nafarroa-tras-denegar-la-peticion-de-libertad-de-mikel-barrios\/#article\",\"isPartOf\":{\"@id\":\"https:\/\/sare.eus\/es\/nota-de-sare-nafarroa-tras-denegar-la-peticion-de-libertad-de-mikel-barrios\/\"},\"author\":{\"name\":\"admin\",\"@id\":\"https:\/\/sare.eus\/#\/schema\/person\/5a711e7396face0569eb43391127616d\"},\"headline\":\"Nota de Sare Nafarroa tras denegar la petici\u00f3n de libertad de Mikel Barrios\",\"datePublished\":\"2020-08-24T17:26:22+00:00\",\"dateModified\":\"2021-10-20T17:29:09+00:00\",\"mainEntityOfPage\":{\"@id\":\"https:\/\/sare.eus\/es\/nota-de-sare-nafarroa-tras-denegar-la-peticion-de-libertad-de-mikel-barrios\/\"},\"wordCount\":469,\"publisher\":{\"@id\":\"https:\/\/sare.eus\/#organization\"},\"image\":{\"@id\":\"https:\/\/sare.eus\/es\/nota-de-sare-nafarroa-tras-denegar-la-peticion-de-libertad-de-mikel-barrios\/#primaryimage\"},\"thumbnailUrl\":\"https:\/\/sare.eus\/wp-content\/uploads\/2021\/10\/Mikel-Barrios-Uztailak-04-scaled-uai-516x329-1.jpeg\",\"articleSection\":[\"Pueblos\"],\"inLanguage\":\"es\"},{\"@type\":\"WebPage\",\"@id\":\"https:\/\/sare.eus\/es\/nota-de-sare-nafarroa-tras-denegar-la-peticion-de-libertad-de-mikel-barrios\/\",\"url\":\"https:\/\/sare.eus\/es\/nota-de-sare-nafarroa-tras-denegar-la-peticion-de-libertad-de-mikel-barrios\/\",\"name\":\"Nota de Sare Nafarroa tras denegar la petici\u00f3n de libertad de Mikel Barrios - Sare Herritarra\",\"isPartOf\":{\"@id\":\"https:\/\/sare.eus\/#website\"},\"primaryImageOfPage\":{\"@id\":\"https:\/\/sare.eus\/es\/nota-de-sare-nafarroa-tras-denegar-la-peticion-de-libertad-de-mikel-barrios\/#primaryimage\"},\"image\":{\"@id\":\"https:\/\/sare.eus\/es\/nota-de-sare-nafarroa-tras-denegar-la-peticion-de-libertad-de-mikel-barrios\/#primaryimage\"},\"thumbnailUrl\":\"https:\/\/sare.eus\/wp-content\/uploads\/2021\/10\/Mikel-Barrios-Uztailak-04-scaled-uai-516x329-1.jpeg\",\"datePublished\":\"2020-08-24T17:26:22+00:00\",\"dateModified\":\"2021-10-20T17:29:09+00:00\",\"breadcrumb\":{\"@id\":\"https:\/\/sare.eus\/es\/nota-de-sare-nafarroa-tras-denegar-la-peticion-de-libertad-de-mikel-barrios\/#breadcrumb\"},\"inLanguage\":\"es\",\"potentialAction\":[{\"@type\":\"ReadAction\",\"target\":[\"https:\/\/sare.eus\/es\/nota-de-sare-nafarroa-tras-denegar-la-peticion-de-libertad-de-mikel-barrios\/\"]}]},{\"@type\":\"ImageObject\",\"inLanguage\":\"es\",\"@id\":\"https:\/\/sare.eus\/es\/nota-de-sare-nafarroa-tras-denegar-la-peticion-de-libertad-de-mikel-barrios\/#primaryimage\",\"url\":\"https:\/\/sare.eus\/wp-content\/uploads\/2021\/10\/Mikel-Barrios-Uztailak-04-scaled-uai-516x329-1.jpeg\",\"contentUrl\":\"https:\/\/sare.eus\/wp-content\/uploads\/2021\/10\/Mikel-Barrios-Uztailak-04-scaled-uai-516x329-1.jpeg\",\"width\":516,\"height\":329},{\"@type\":\"BreadcrumbList\",\"@id\":\"https:\/\/sare.eus\/es\/nota-de-sare-nafarroa-tras-denegar-la-peticion-de-libertad-de-mikel-barrios\/#breadcrumb\",\"itemListElement\":[{\"@type\":\"ListItem\",\"position\":1,\"name\":\"Home\",\"item\":\"https:\/\/sare.eus\/\"},{\"@type\":\"ListItem\",\"position\":2,\"name\":\"Nota de Sare Nafarroa tras denegar la petici\u00f3n de libertad de Mikel Barrios\"}]},{\"@type\":\"WebSite\",\"@id\":\"https:\/\/sare.eus\/#website\",\"url\":\"https:\/\/sare.eus\/\",\"name\":\"Sare Herritarra\",\"description\":\"KONPONBIDEAREN ETA GIZA ESKUBIDEEN ALDEKO SARE HERRITARRA\",\"publisher\":{\"@id\":\"https:\/\/sare.eus\/#organization\"},\"potentialAction\":[{\"@type\":\"SearchAction\",\"target\":{\"@type\":\"EntryPoint\",\"urlTemplate\":\"https:\/\/sare.eus\/?s={search_term_string}\"},\"query-input\":{\"@type\":\"PropertyValueSpecification\",\"valueRequired\":true,\"valueName\":\"search_term_string\"}}],\"inLanguage\":\"es\"},{\"@type\":\"Organization\",\"@id\":\"https:\/\/sare.eus\/#organization\",\"name\":\"Sare Herritarra\",\"url\":\"https:\/\/sare.eus\/\",\"logo\":{\"@type\":\"ImageObject\",\"inLanguage\":\"es\",\"@id\":\"https:\/\/sare.eus\/#\/schema\/logo\/image\/\",\"url\":\"https:\/\/sare.eus\/wp-content\/uploads\/2021\/08\/sare.png\",\"contentUrl\":\"https:\/\/sare.eus\/wp-content\/uploads\/2021\/08\/sare.png\",\"width\":120,\"height\":142,\"caption\":\"Sare Herritarra\"},\"image\":{\"@id\":\"https:\/\/sare.eus\/#\/schema\/logo\/image\/\"}},{\"@type\":\"Person\",\"@id\":\"https:\/\/sare.eus\/#\/schema\/person\/5a711e7396face0569eb43391127616d\",\"name\":\"admin\",\"image\":{\"@type\":\"ImageObject\",\"inLanguage\":\"es\",\"@id\":\"https:\/\/sare.eus\/#\/schema\/person\/image\/\",\"url\":\"https:\/\/secure.gravatar.com\/avatar\/d22a8cc353ba20fa3181b73b7b53a33b5b98923d9a2f9945443604d7359581c4?s=96&d=mm&r=g\",\"contentUrl\":\"https:\/\/secure.gravatar.com\/avatar\/d22a8cc353ba20fa3181b73b7b53a33b5b98923d9a2f9945443604d7359581c4?s=96&d=mm&r=g\",\"caption\":\"admin\"},\"url\":\"https:\/\/sare.eus\/es\/author\/prueba3371_a2783y7n\/\"}]}<\/script>\n<!-- \/ Yoast SEO plugin. -->","yoast_head_json":{"title":"Nota de Sare Nafarroa tras denegar la petici\u00f3n de libertad de Mikel Barrios - Sare Herritarra","robots":{"index":"index","follow":"follow","max-snippet":"max-snippet:-1","max-image-preview":"max-image-preview:large","max-video-preview":"max-video-preview:-1"},"canonical":"https:\/\/sare.eus\/es\/nota-de-sare-nafarroa-tras-denegar-la-peticion-de-libertad-de-mikel-barrios\/","og_locale":"es_ES","og_type":"article","og_title":"Nota de Sare Nafarroa tras denegar la petici\u00f3n de libertad de Mikel Barrios - Sare Herritarra","og_description":"El Tribunal de Apelaci\u00f3n de Par\u00eds ha denegado la petici\u00f3n de puesta en libertad del preso vasco Mikel Barrios y ha ratificado la decisi\u00f3n adoptada el pasado junio: es decir, [&hellip;]","og_url":"https:\/\/sare.eus\/es\/nota-de-sare-nafarroa-tras-denegar-la-peticion-de-libertad-de-mikel-barrios\/","og_site_name":"Sare Herritarra","article_published_time":"2020-08-24T17:26:22+00:00","article_modified_time":"2021-10-20T17:29:09+00:00","og_image":[{"width":516,"height":329,"url":"https:\/\/sare.eus\/wp-content\/uploads\/2021\/10\/Mikel-Barrios-Uztailak-04-scaled-uai-516x329-1.jpeg","type":"image\/jpeg"}],"author":"admin","twitter_card":"summary_large_image","twitter_misc":{"Escrito por":"admin","Tiempo de lectura":"2 minutos"},"schema":{"@context":"https:\/\/schema.org","@graph":[{"@type":"Article","@id":"https:\/\/sare.eus\/es\/nota-de-sare-nafarroa-tras-denegar-la-peticion-de-libertad-de-mikel-barrios\/#article","isPartOf":{"@id":"https:\/\/sare.eus\/es\/nota-de-sare-nafarroa-tras-denegar-la-peticion-de-libertad-de-mikel-barrios\/"},"author":{"name":"admin","@id":"https:\/\/sare.eus\/#\/schema\/person\/5a711e7396face0569eb43391127616d"},"headline":"Nota de Sare Nafarroa tras denegar la petici\u00f3n de libertad de Mikel Barrios","datePublished":"2020-08-24T17:26:22+00:00","dateModified":"2021-10-20T17:29:09+00:00","mainEntityOfPage":{"@id":"https:\/\/sare.eus\/es\/nota-de-sare-nafarroa-tras-denegar-la-peticion-de-libertad-de-mikel-barrios\/"},"wordCount":469,"publisher":{"@id":"https:\/\/sare.eus\/#organization"},"image":{"@id":"https:\/\/sare.eus\/es\/nota-de-sare-nafarroa-tras-denegar-la-peticion-de-libertad-de-mikel-barrios\/#primaryimage"},"thumbnailUrl":"https:\/\/sare.eus\/wp-content\/uploads\/2021\/10\/Mikel-Barrios-Uztailak-04-scaled-uai-516x329-1.jpeg","articleSection":["Pueblos"],"inLanguage":"es"},{"@type":"WebPage","@id":"https:\/\/sare.eus\/es\/nota-de-sare-nafarroa-tras-denegar-la-peticion-de-libertad-de-mikel-barrios\/","url":"https:\/\/sare.eus\/es\/nota-de-sare-nafarroa-tras-denegar-la-peticion-de-libertad-de-mikel-barrios\/","name":"Nota de Sare Nafarroa tras denegar la petici\u00f3n de libertad de Mikel Barrios - Sare Herritarra","isPartOf":{"@id":"https:\/\/sare.eus\/#website"},"primaryImageOfPage":{"@id":"https:\/\/sare.eus\/es\/nota-de-sare-nafarroa-tras-denegar-la-peticion-de-libertad-de-mikel-barrios\/#primaryimage"},"image":{"@id":"https:\/\/sare.eus\/es\/nota-de-sare-nafarroa-tras-denegar-la-peticion-de-libertad-de-mikel-barrios\/#primaryimage"},"thumbnailUrl":"https:\/\/sare.eus\/wp-content\/uploads\/2021\/10\/Mikel-Barrios-Uztailak-04-scaled-uai-516x329-1.jpeg","datePublished":"2020-08-24T17:26:22+00:00","dateModified":"2021-10-20T17:29:09+00:00","breadcrumb":{"@id":"https:\/\/sare.eus\/es\/nota-de-sare-nafarroa-tras-denegar-la-peticion-de-libertad-de-mikel-barrios\/#breadcrumb"},"inLanguage":"es","potentialAction":[{"@type":"ReadAction","target":["https:\/\/sare.eus\/es\/nota-de-sare-nafarroa-tras-denegar-la-peticion-de-libertad-de-mikel-barrios\/"]}]},{"@type":"ImageObject","inLanguage":"es","@id":"https:\/\/sare.eus\/es\/nota-de-sare-nafarroa-tras-denegar-la-peticion-de-libertad-de-mikel-barrios\/#primaryimage","url":"https:\/\/sare.eus\/wp-content\/uploads\/2021\/10\/Mikel-Barrios-Uztailak-04-scaled-uai-516x329-1.jpeg","contentUrl":"https:\/\/sare.eus\/wp-content\/uploads\/2021\/10\/Mikel-Barrios-Uztailak-04-scaled-uai-516x329-1.jpeg","width":516,"height":329},{"@type":"BreadcrumbList","@id":"https:\/\/sare.eus\/es\/nota-de-sare-nafarroa-tras-denegar-la-peticion-de-libertad-de-mikel-barrios\/#breadcrumb","itemListElement":[{"@type":"ListItem","position":1,"name":"Home","item":"https:\/\/sare.eus\/"},{"@type":"ListItem","position":2,"name":"Nota de Sare Nafarroa tras denegar la petici\u00f3n de libertad de Mikel Barrios"}]},{"@type":"WebSite","@id":"https:\/\/sare.eus\/#website","url":"https:\/\/sare.eus\/","name":"Sare Herritarra","description":"KONPONBIDEAREN ETA GIZA ESKUBIDEEN ALDEKO SARE HERRITARRA","publisher":{"@id":"https:\/\/sare.eus\/#organization"},"potentialAction":[{"@type":"SearchAction","target":{"@type":"EntryPoint","urlTemplate":"https:\/\/sare.eus\/?s={search_term_string}"},"query-input":{"@type":"PropertyValueSpecification","valueRequired":true,"valueName":"search_term_string"}}],"inLanguage":"es"},{"@type":"Organization","@id":"https:\/\/sare.eus\/#organization","name":"Sare Herritarra","url":"https:\/\/sare.eus\/","logo":{"@type":"ImageObject","inLanguage":"es","@id":"https:\/\/sare.eus\/#\/schema\/logo\/image\/","url":"https:\/\/sare.eus\/wp-content\/uploads\/2021\/08\/sare.png","contentUrl":"https:\/\/sare.eus\/wp-content\/uploads\/2021\/08\/sare.png","width":120,"height":142,"caption":"Sare Herritarra"},"image":{"@id":"https:\/\/sare.eus\/#\/schema\/logo\/image\/"}},{"@type":"Person","@id":"https:\/\/sare.eus\/#\/schema\/person\/5a711e7396face0569eb43391127616d","name":"admin","image":{"@type":"ImageObject","inLanguage":"es","@id":"https:\/\/sare.eus\/#\/schema\/person\/image\/","url":"https:\/\/secure.gravatar.com\/avatar\/d22a8cc353ba20fa3181b73b7b53a33b5b98923d9a2f9945443604d7359581c4?s=96&d=mm&r=g","contentUrl":"https:\/\/secure.gravatar.com\/avatar\/d22a8cc353ba20fa3181b73b7b53a33b5b98923d9a2f9945443604d7359581c4?s=96&d=mm&r=g","caption":"admin"},"url":"https:\/\/sare.eus\/es\/author\/prueba3371_a2783y7n\/"}]}},"_links":{"self":[{"href":"https:\/\/sare.eus\/es\/wp-json\/wp\/v2\/posts\/1378","targetHints":{"allow":["GET"]}}],"collection":[{"href":"https:\/\/sare.eus\/es\/wp-json\/wp\/v2\/posts"}],"about":[{"href":"https:\/\/sare.eus\/es\/wp-json\/wp\/v2\/types\/post"}],"author":[{"embeddable":true,"href":"https:\/\/sare.eus\/es\/wp-json\/wp\/v2\/users\/1"}],"replies":[{"embeddable":true,"href":"https:\/\/sare.eus\/es\/wp-json\/wp\/v2\/comments?post=1378"}],"version-history":[{"count":1,"href":"https:\/\/sare.eus\/es\/wp-json\/wp\/v2\/posts\/1378\/revisions"}],"predecessor-version":[{"id":1379,"href":"https:\/\/sare.eus\/es\/wp-json\/wp\/v2\/posts\/1378\/revisions\/1379"}],"wp:featuredmedia":[{"embeddable":true,"href":"https:\/\/sare.eus\/es\/wp-json\/wp\/v2\/media\/1177"}],"wp:attachment":[{"href":"https:\/\/sare.eus\/es\/wp-json\/wp\/v2\/media?parent=1378"}],"wp:term":[{"taxonomy":"category","embeddable":true,"href":"https:\/\/sare.eus\/es\/wp-json\/wp\/v2\/categories?post=1378"},{"taxonomy":"post_tag","embeddable":true,"href":"https:\/\/sare.eus\/es\/wp-json\/wp\/v2\/tags?post=1378"}],"curies":[{"name":"wp","href":"https:\/\/api.w.org\/{rel}","templated":true}]}}