{"id":1377,"date":"2020-12-21T17:23:48","date_gmt":"2020-12-21T17:23:48","guid":{"rendered":"http:\/\/650tontor.sare.eus\/invitamos-a-todos-los-eibarreses-a-reunirse-con-nosotros-el-9-de-enero-a-las-1730-de-la-tarde-en-la-plaza-de-unzaga-bajo-el-lema-bidea-gara\/"},"modified":"2021-10-20T17:29:30","modified_gmt":"2021-10-20T17:29:30","slug":"invitamos-a-todos-los-eibarreses-a-reunirse-con-nosotros-el-9-de-enero-a-las-1730-de-la-tarde-en-la-plaza-de-unzaga-bajo-el-lema-bidea-gara","status":"publish","type":"post","link":"https:\/\/sare.eus\/es\/invitamos-a-todos-los-eibarreses-a-reunirse-con-nosotros-el-9-de-enero-a-las-1730-de-la-tarde-en-la-plaza-de-unzaga-bajo-el-lema-bidea-gara\/","title":{"rendered":"Invitamos a todos los eibarreses a reunirse con nosotros el 9 de enero a las 17:30 de la tarde en la Plaza de Unzaga bajo el lema BIDEA GARA."},"content":{"rendered":"<div class=\"uncode_text_column\">\n<div class=\"uncode_text_column\">\n<p>La movilizaci\u00f3n que durante a\u00f1os se ha celebrado en Bilbao en enero es especialmente importante y \u00fanica. En ella nos solemos reunir hasta 100.000 personas para reclamar una salida a la cuesti\u00f3n de los presos y exiliados y dar pasos hacia la paz y la convivencia.<\/p>\n<p>Debido a la inusual situaci\u00f3n de este a\u00f1o, el 9 de enero no podremos reunirnos en Bilbao. En su lugar, quienes nos hemos reunido a\u00f1o tras a\u00f1o all\u00ed, nos reuniremos en nuestros pueblos y barrios.<\/p>\n<p>Creemos que estamos ante un a\u00f1o importante. A la mayor\u00eda pol\u00edtica, sindical, institucional y social favorable al fin de la legislaci\u00f3n de excepci\u00f3n, se han sumado los cambios que se est\u00e1n dando en la pol\u00edtica penitenciaria tanto en Espa\u00f1a como en Francia.<\/p>\n<p>Vivimos, con esperanza, algunos movimientos que se est\u00e1n produciendo en relaci\u00f3n al r\u00e9gimen de excepcionalidad que se aplica a los presos y presas vascos y sus familias. Ojala, este sea el inicio del fin de esta situaci\u00f3n.<\/p>\n<p>Por lo tanto, valoramos positivamente estos t\u00edmidos movimientos, pero a la vez, queremos manifestar que la mayor parte de estos presos y presas se encuentran alejados a cientos de kms de sus casas; 18 presos contin\u00faan privados de libertad pese a sus graves enfermedades; 127 de los 172 presos en c\u00e1rceles espa\u00f1olas, se encuentran a\u00fan en primer grado, lo que impide que realicen el itinerario jur\u00eddico-penitenciario en una perspectiva de excarcelaci\u00f3n.<\/p>\n<p>A pesar de tener todav\u00eda un largo camino por delante, y teniendo en cuenta los pasos dados, creemos que es imprescindible impulsar este camino desde Euskal Herria. En este sentido, consideramos que es realmente importante movilizarnos como lo hacemos el 9 de enero en Bilbao.<\/p>\n<p><strong>Por eso, invitamos a todos los eibarreses a reunirse con nosotros el 9 de enero a las 17:30 de la tarde en la Plaza de Unzaga bajo el lema BIDEA GARA. Para ir construyendo entre todos ese camino que traiga a los presos a casa, y nos lleve a la convivencia y a la paz.<\/strong><\/p>\n<p>No ser\u00e1 una movilizaci\u00f3n al uso, sino un Festival reivindicativo cuyo programa daremos a conocer m\u00e1s adelante.<\/p>\n<p><strong>ETXERAKO \u2013 ELKARBIZITZARAKO -BAKERAKO<\/strong><br \/><strong>BIDEA GARA \u2013 SARE EIBAR<\/strong><\/p>\n<\/div>\n<div class=\"uncode_text_column\">\u00a0<\/div>\n<\/div>\n<div class=\"uncode_text_column\"><a href=\"https:\/\/sare.eus\/wp-content\/uploads\/2021\/10\/U-9-sinatz.zerrenda.pdf\">&gt;&gt; LISTA DE ADHESIONES<\/a><\/div>\n","protected":false},"excerpt":{"rendered":"<p>La movilizaci\u00f3n que durante a\u00f1os se ha celebrado en Bilbao en enero es especialmente importante y \u00fanica. En ella nos solemos reunir hasta 100.000 personas para reclamar una salida a [&hellip;]<\/p>\n","protected":false},"author":1,"featured_media":1170,"comment_status":"closed","ping_status":"closed","sticky":false,"template":"","format":"standard","meta":{"_acf_changed":false,"_et_pb_use_builder":"off","_et_pb_old_content":"","_et_gb_content_width":"","footnotes":""},"categories":[66],"tags":[],"class_list":["post-1377","post","type-post","status-publish","format-standard","has-post-thumbnail","hentry","category-pueblos","et-has-post-format-content","et_post_format-et-post-format-standard"],"acf":[],"yoast_head":"<!-- This site is optimized with the Yoast SEO plugin v26.4 - https:\/\/yoast.com\/wordpress\/plugins\/seo\/ -->\n<title>Invitamos a todos los eibarreses a reunirse con nosotros el 9 de enero a las 17:30 de la tarde en la Plaza de Unzaga bajo el lema BIDEA GARA. - Sare Herritarra<\/title>\n<meta name=\"robots\" content=\"index, follow, max-snippet:-1, max-image-preview:large, max-video-preview:-1\" \/>\n<link rel=\"canonical\" href=\"https:\/\/sare.eus\/es\/invitamos-a-todos-los-eibarreses-a-reunirse-con-nosotros-el-9-de-enero-a-las-1730-de-la-tarde-en-la-plaza-de-unzaga-bajo-el-lema-bidea-gara\/\" \/>\n<meta property=\"og:locale\" content=\"es_ES\" \/>\n<meta property=\"og:type\" content=\"article\" \/>\n<meta property=\"og:title\" content=\"Invitamos a todos los eibarreses a reunirse con nosotros el 9 de enero a las 17:30 de la tarde en la Plaza de Unzaga bajo el lema BIDEA GARA. - Sare Herritarra\" \/>\n<meta property=\"og:description\" content=\"La movilizaci\u00f3n que durante a\u00f1os se ha celebrado en Bilbao en enero es especialmente importante y \u00fanica. En ella nos solemos reunir hasta 100.000 personas para reclamar una salida a [&hellip;]\" \/>\n<meta property=\"og:url\" content=\"https:\/\/sare.eus\/es\/invitamos-a-todos-los-eibarreses-a-reunirse-con-nosotros-el-9-de-enero-a-las-1730-de-la-tarde-en-la-plaza-de-unzaga-bajo-el-lema-bidea-gara\/\" \/>\n<meta property=\"og:site_name\" content=\"Sare Herritarra\" \/>\n<meta property=\"article:published_time\" content=\"2020-12-21T17:23:48+00:00\" \/>\n<meta property=\"article:modified_time\" content=\"2021-10-20T17:29:30+00:00\" \/>\n<meta property=\"og:image\" content=\"https:\/\/sare.eus\/wp-content\/uploads\/2021\/10\/WhatsApp-Image-2020-12-19-at-12.35.08-uai-516x387-1.jpeg\" \/>\n\t<meta property=\"og:image:width\" content=\"516\" \/>\n\t<meta property=\"og:image:height\" content=\"387\" \/>\n\t<meta property=\"og:image:type\" content=\"image\/jpeg\" \/>\n<meta name=\"author\" content=\"admin\" \/>\n<meta name=\"twitter:card\" content=\"summary_large_image\" \/>\n<meta name=\"twitter:label1\" content=\"Escrito por\" \/>\n\t<meta name=\"twitter:data1\" content=\"admin\" \/>\n\t<meta name=\"twitter:label2\" content=\"Tiempo de lectura\" \/>\n\t<meta name=\"twitter:data2\" content=\"2 minutos\" \/>\n<script type=\"application\/ld+json\" class=\"yoast-schema-graph\">{\"@context\":\"https:\/\/schema.org\",\"@graph\":[{\"@type\":\"Article\",\"@id\":\"https:\/\/sare.eus\/es\/invitamos-a-todos-los-eibarreses-a-reunirse-con-nosotros-el-9-de-enero-a-las-1730-de-la-tarde-en-la-plaza-de-unzaga-bajo-el-lema-bidea-gara\/#article\",\"isPartOf\":{\"@id\":\"https:\/\/sare.eus\/es\/invitamos-a-todos-los-eibarreses-a-reunirse-con-nosotros-el-9-de-enero-a-las-1730-de-la-tarde-en-la-plaza-de-unzaga-bajo-el-lema-bidea-gara\/\"},\"author\":{\"name\":\"admin\",\"@id\":\"https:\/\/sare.eus\/#\/schema\/person\/5a711e7396face0569eb43391127616d\"},\"headline\":\"Invitamos a todos los eibarreses a reunirse con nosotros el 9 de enero a las 17:30 de la tarde en la Plaza de Unzaga bajo el lema BIDEA GARA.\",\"datePublished\":\"2020-12-21T17:23:48+00:00\",\"dateModified\":\"2021-10-20T17:29:30+00:00\",\"mainEntityOfPage\":{\"@id\":\"https:\/\/sare.eus\/es\/invitamos-a-todos-los-eibarreses-a-reunirse-con-nosotros-el-9-de-enero-a-las-1730-de-la-tarde-en-la-plaza-de-unzaga-bajo-el-lema-bidea-gara\/\"},\"wordCount\":408,\"publisher\":{\"@id\":\"https:\/\/sare.eus\/#organization\"},\"image\":{\"@id\":\"https:\/\/sare.eus\/es\/invitamos-a-todos-los-eibarreses-a-reunirse-con-nosotros-el-9-de-enero-a-las-1730-de-la-tarde-en-la-plaza-de-unzaga-bajo-el-lema-bidea-gara\/#primaryimage\"},\"thumbnailUrl\":\"https:\/\/sare.eus\/wp-content\/uploads\/2021\/10\/WhatsApp-Image-2020-12-19-at-12.35.08-uai-516x387-1.jpeg\",\"articleSection\":[\"Pueblos\"],\"inLanguage\":\"es\"},{\"@type\":\"WebPage\",\"@id\":\"https:\/\/sare.eus\/es\/invitamos-a-todos-los-eibarreses-a-reunirse-con-nosotros-el-9-de-enero-a-las-1730-de-la-tarde-en-la-plaza-de-unzaga-bajo-el-lema-bidea-gara\/\",\"url\":\"https:\/\/sare.eus\/es\/invitamos-a-todos-los-eibarreses-a-reunirse-con-nosotros-el-9-de-enero-a-las-1730-de-la-tarde-en-la-plaza-de-unzaga-bajo-el-lema-bidea-gara\/\",\"name\":\"Invitamos a todos los eibarreses a reunirse con nosotros el 9 de enero a las 17:30 de la tarde en la Plaza de Unzaga bajo el lema BIDEA GARA. - Sare Herritarra\",\"isPartOf\":{\"@id\":\"https:\/\/sare.eus\/#website\"},\"primaryImageOfPage\":{\"@id\":\"https:\/\/sare.eus\/es\/invitamos-a-todos-los-eibarreses-a-reunirse-con-nosotros-el-9-de-enero-a-las-1730-de-la-tarde-en-la-plaza-de-unzaga-bajo-el-lema-bidea-gara\/#primaryimage\"},\"image\":{\"@id\":\"https:\/\/sare.eus\/es\/invitamos-a-todos-los-eibarreses-a-reunirse-con-nosotros-el-9-de-enero-a-las-1730-de-la-tarde-en-la-plaza-de-unzaga-bajo-el-lema-bidea-gara\/#primaryimage\"},\"thumbnailUrl\":\"https:\/\/sare.eus\/wp-content\/uploads\/2021\/10\/WhatsApp-Image-2020-12-19-at-12.35.08-uai-516x387-1.jpeg\",\"datePublished\":\"2020-12-21T17:23:48+00:00\",\"dateModified\":\"2021-10-20T17:29:30+00:00\",\"breadcrumb\":{\"@id\":\"https:\/\/sare.eus\/es\/invitamos-a-todos-los-eibarreses-a-reunirse-con-nosotros-el-9-de-enero-a-las-1730-de-la-tarde-en-la-plaza-de-unzaga-bajo-el-lema-bidea-gara\/#breadcrumb\"},\"inLanguage\":\"es\",\"potentialAction\":[{\"@type\":\"ReadAction\",\"target\":[\"https:\/\/sare.eus\/es\/invitamos-a-todos-los-eibarreses-a-reunirse-con-nosotros-el-9-de-enero-a-las-1730-de-la-tarde-en-la-plaza-de-unzaga-bajo-el-lema-bidea-gara\/\"]}]},{\"@type\":\"ImageObject\",\"inLanguage\":\"es\",\"@id\":\"https:\/\/sare.eus\/es\/invitamos-a-todos-los-eibarreses-a-reunirse-con-nosotros-el-9-de-enero-a-las-1730-de-la-tarde-en-la-plaza-de-unzaga-bajo-el-lema-bidea-gara\/#primaryimage\",\"url\":\"https:\/\/sare.eus\/wp-content\/uploads\/2021\/10\/WhatsApp-Image-2020-12-19-at-12.35.08-uai-516x387-1.jpeg\",\"contentUrl\":\"https:\/\/sare.eus\/wp-content\/uploads\/2021\/10\/WhatsApp-Image-2020-12-19-at-12.35.08-uai-516x387-1.jpeg\",\"width\":516,\"height\":387},{\"@type\":\"BreadcrumbList\",\"@id\":\"https:\/\/sare.eus\/es\/invitamos-a-todos-los-eibarreses-a-reunirse-con-nosotros-el-9-de-enero-a-las-1730-de-la-tarde-en-la-plaza-de-unzaga-bajo-el-lema-bidea-gara\/#breadcrumb\",\"itemListElement\":[{\"@type\":\"ListItem\",\"position\":1,\"name\":\"Home\",\"item\":\"https:\/\/sare.eus\/\"},{\"@type\":\"ListItem\",\"position\":2,\"name\":\"Invitamos a todos los eibarreses a reunirse con nosotros el 9 de enero a las 17:30 de la tarde en la Plaza de Unzaga bajo el lema BIDEA GARA.\"}]},{\"@type\":\"WebSite\",\"@id\":\"https:\/\/sare.eus\/#website\",\"url\":\"https:\/\/sare.eus\/\",\"name\":\"Sare Herritarra\",\"description\":\"KONPONBIDEAREN ETA GIZA ESKUBIDEEN ALDEKO SARE HERRITARRA\",\"publisher\":{\"@id\":\"https:\/\/sare.eus\/#organization\"},\"potentialAction\":[{\"@type\":\"SearchAction\",\"target\":{\"@type\":\"EntryPoint\",\"urlTemplate\":\"https:\/\/sare.eus\/?s={search_term_string}\"},\"query-input\":{\"@type\":\"PropertyValueSpecification\",\"valueRequired\":true,\"valueName\":\"search_term_string\"}}],\"inLanguage\":\"es\"},{\"@type\":\"Organization\",\"@id\":\"https:\/\/sare.eus\/#organization\",\"name\":\"Sare Herritarra\",\"url\":\"https:\/\/sare.eus\/\",\"logo\":{\"@type\":\"ImageObject\",\"inLanguage\":\"es\",\"@id\":\"https:\/\/sare.eus\/#\/schema\/logo\/image\/\",\"url\":\"https:\/\/sare.eus\/wp-content\/uploads\/2021\/08\/sare.png\",\"contentUrl\":\"https:\/\/sare.eus\/wp-content\/uploads\/2021\/08\/sare.png\",\"width\":120,\"height\":142,\"caption\":\"Sare Herritarra\"},\"image\":{\"@id\":\"https:\/\/sare.eus\/#\/schema\/logo\/image\/\"}},{\"@type\":\"Person\",\"@id\":\"https:\/\/sare.eus\/#\/schema\/person\/5a711e7396face0569eb43391127616d\",\"name\":\"admin\",\"image\":{\"@type\":\"ImageObject\",\"inLanguage\":\"es\",\"@id\":\"https:\/\/sare.eus\/#\/schema\/person\/image\/\",\"url\":\"https:\/\/secure.gravatar.com\/avatar\/d22a8cc353ba20fa3181b73b7b53a33b5b98923d9a2f9945443604d7359581c4?s=96&d=mm&r=g\",\"contentUrl\":\"https:\/\/secure.gravatar.com\/avatar\/d22a8cc353ba20fa3181b73b7b53a33b5b98923d9a2f9945443604d7359581c4?s=96&d=mm&r=g\",\"caption\":\"admin\"},\"url\":\"https:\/\/sare.eus\/es\/author\/prueba3371_a2783y7n\/\"}]}<\/script>\n<!-- \/ Yoast SEO plugin. -->","yoast_head_json":{"title":"Invitamos a todos los eibarreses a reunirse con nosotros el 9 de enero a las 17:30 de la tarde en la Plaza de Unzaga bajo el lema BIDEA GARA. - Sare Herritarra","robots":{"index":"index","follow":"follow","max-snippet":"max-snippet:-1","max-image-preview":"max-image-preview:large","max-video-preview":"max-video-preview:-1"},"canonical":"https:\/\/sare.eus\/es\/invitamos-a-todos-los-eibarreses-a-reunirse-con-nosotros-el-9-de-enero-a-las-1730-de-la-tarde-en-la-plaza-de-unzaga-bajo-el-lema-bidea-gara\/","og_locale":"es_ES","og_type":"article","og_title":"Invitamos a todos los eibarreses a reunirse con nosotros el 9 de enero a las 17:30 de la tarde en la Plaza de Unzaga bajo el lema BIDEA GARA. - Sare Herritarra","og_description":"La movilizaci\u00f3n que durante a\u00f1os se ha celebrado en Bilbao en enero es especialmente importante y \u00fanica. En ella nos solemos reunir hasta 100.000 personas para reclamar una salida a [&hellip;]","og_url":"https:\/\/sare.eus\/es\/invitamos-a-todos-los-eibarreses-a-reunirse-con-nosotros-el-9-de-enero-a-las-1730-de-la-tarde-en-la-plaza-de-unzaga-bajo-el-lema-bidea-gara\/","og_site_name":"Sare Herritarra","article_published_time":"2020-12-21T17:23:48+00:00","article_modified_time":"2021-10-20T17:29:30+00:00","og_image":[{"width":516,"height":387,"url":"https:\/\/sare.eus\/wp-content\/uploads\/2021\/10\/WhatsApp-Image-2020-12-19-at-12.35.08-uai-516x387-1.jpeg","type":"image\/jpeg"}],"author":"admin","twitter_card":"summary_large_image","twitter_misc":{"Escrito por":"admin","Tiempo de lectura":"2 minutos"},"schema":{"@context":"https:\/\/schema.org","@graph":[{"@type":"Article","@id":"https:\/\/sare.eus\/es\/invitamos-a-todos-los-eibarreses-a-reunirse-con-nosotros-el-9-de-enero-a-las-1730-de-la-tarde-en-la-plaza-de-unzaga-bajo-el-lema-bidea-gara\/#article","isPartOf":{"@id":"https:\/\/sare.eus\/es\/invitamos-a-todos-los-eibarreses-a-reunirse-con-nosotros-el-9-de-enero-a-las-1730-de-la-tarde-en-la-plaza-de-unzaga-bajo-el-lema-bidea-gara\/"},"author":{"name":"admin","@id":"https:\/\/sare.eus\/#\/schema\/person\/5a711e7396face0569eb43391127616d"},"headline":"Invitamos a todos los eibarreses a reunirse con nosotros el 9 de enero a las 17:30 de la tarde en la Plaza de Unzaga bajo el lema BIDEA GARA.","datePublished":"2020-12-21T17:23:48+00:00","dateModified":"2021-10-20T17:29:30+00:00","mainEntityOfPage":{"@id":"https:\/\/sare.eus\/es\/invitamos-a-todos-los-eibarreses-a-reunirse-con-nosotros-el-9-de-enero-a-las-1730-de-la-tarde-en-la-plaza-de-unzaga-bajo-el-lema-bidea-gara\/"},"wordCount":408,"publisher":{"@id":"https:\/\/sare.eus\/#organization"},"image":{"@id":"https:\/\/sare.eus\/es\/invitamos-a-todos-los-eibarreses-a-reunirse-con-nosotros-el-9-de-enero-a-las-1730-de-la-tarde-en-la-plaza-de-unzaga-bajo-el-lema-bidea-gara\/#primaryimage"},"thumbnailUrl":"https:\/\/sare.eus\/wp-content\/uploads\/2021\/10\/WhatsApp-Image-2020-12-19-at-12.35.08-uai-516x387-1.jpeg","articleSection":["Pueblos"],"inLanguage":"es"},{"@type":"WebPage","@id":"https:\/\/sare.eus\/es\/invitamos-a-todos-los-eibarreses-a-reunirse-con-nosotros-el-9-de-enero-a-las-1730-de-la-tarde-en-la-plaza-de-unzaga-bajo-el-lema-bidea-gara\/","url":"https:\/\/sare.eus\/es\/invitamos-a-todos-los-eibarreses-a-reunirse-con-nosotros-el-9-de-enero-a-las-1730-de-la-tarde-en-la-plaza-de-unzaga-bajo-el-lema-bidea-gara\/","name":"Invitamos a todos los eibarreses a reunirse con nosotros el 9 de enero a las 17:30 de la tarde en la Plaza de Unzaga bajo el lema BIDEA GARA. - Sare Herritarra","isPartOf":{"@id":"https:\/\/sare.eus\/#website"},"primaryImageOfPage":{"@id":"https:\/\/sare.eus\/es\/invitamos-a-todos-los-eibarreses-a-reunirse-con-nosotros-el-9-de-enero-a-las-1730-de-la-tarde-en-la-plaza-de-unzaga-bajo-el-lema-bidea-gara\/#primaryimage"},"image":{"@id":"https:\/\/sare.eus\/es\/invitamos-a-todos-los-eibarreses-a-reunirse-con-nosotros-el-9-de-enero-a-las-1730-de-la-tarde-en-la-plaza-de-unzaga-bajo-el-lema-bidea-gara\/#primaryimage"},"thumbnailUrl":"https:\/\/sare.eus\/wp-content\/uploads\/2021\/10\/WhatsApp-Image-2020-12-19-at-12.35.08-uai-516x387-1.jpeg","datePublished":"2020-12-21T17:23:48+00:00","dateModified":"2021-10-20T17:29:30+00:00","breadcrumb":{"@id":"https:\/\/sare.eus\/es\/invitamos-a-todos-los-eibarreses-a-reunirse-con-nosotros-el-9-de-enero-a-las-1730-de-la-tarde-en-la-plaza-de-unzaga-bajo-el-lema-bidea-gara\/#breadcrumb"},"inLanguage":"es","potentialAction":[{"@type":"ReadAction","target":["https:\/\/sare.eus\/es\/invitamos-a-todos-los-eibarreses-a-reunirse-con-nosotros-el-9-de-enero-a-las-1730-de-la-tarde-en-la-plaza-de-unzaga-bajo-el-lema-bidea-gara\/"]}]},{"@type":"ImageObject","inLanguage":"es","@id":"https:\/\/sare.eus\/es\/invitamos-a-todos-los-eibarreses-a-reunirse-con-nosotros-el-9-de-enero-a-las-1730-de-la-tarde-en-la-plaza-de-unzaga-bajo-el-lema-bidea-gara\/#primaryimage","url":"https:\/\/sare.eus\/wp-content\/uploads\/2021\/10\/WhatsApp-Image-2020-12-19-at-12.35.08-uai-516x387-1.jpeg","contentUrl":"https:\/\/sare.eus\/wp-content\/uploads\/2021\/10\/WhatsApp-Image-2020-12-19-at-12.35.08-uai-516x387-1.jpeg","width":516,"height":387},{"@type":"BreadcrumbList","@id":"https:\/\/sare.eus\/es\/invitamos-a-todos-los-eibarreses-a-reunirse-con-nosotros-el-9-de-enero-a-las-1730-de-la-tarde-en-la-plaza-de-unzaga-bajo-el-lema-bidea-gara\/#breadcrumb","itemListElement":[{"@type":"ListItem","position":1,"name":"Home","item":"https:\/\/sare.eus\/"},{"@type":"ListItem","position":2,"name":"Invitamos a todos los eibarreses a reunirse con nosotros el 9 de enero a las 17:30 de la tarde en la Plaza de Unzaga bajo el lema BIDEA GARA."}]},{"@type":"WebSite","@id":"https:\/\/sare.eus\/#website","url":"https:\/\/sare.eus\/","name":"Sare Herritarra","description":"KONPONBIDEAREN ETA GIZA ESKUBIDEEN ALDEKO SARE HERRITARRA","publisher":{"@id":"https:\/\/sare.eus\/#organization"},"potentialAction":[{"@type":"SearchAction","target":{"@type":"EntryPoint","urlTemplate":"https:\/\/sare.eus\/?s={search_term_string}"},"query-input":{"@type":"PropertyValueSpecification","valueRequired":true,"valueName":"search_term_string"}}],"inLanguage":"es"},{"@type":"Organization","@id":"https:\/\/sare.eus\/#organization","name":"Sare Herritarra","url":"https:\/\/sare.eus\/","logo":{"@type":"ImageObject","inLanguage":"es","@id":"https:\/\/sare.eus\/#\/schema\/logo\/image\/","url":"https:\/\/sare.eus\/wp-content\/uploads\/2021\/08\/sare.png","contentUrl":"https:\/\/sare.eus\/wp-content\/uploads\/2021\/08\/sare.png","width":120,"height":142,"caption":"Sare Herritarra"},"image":{"@id":"https:\/\/sare.eus\/#\/schema\/logo\/image\/"}},{"@type":"Person","@id":"https:\/\/sare.eus\/#\/schema\/person\/5a711e7396face0569eb43391127616d","name":"admin","image":{"@type":"ImageObject","inLanguage":"es","@id":"https:\/\/sare.eus\/#\/schema\/person\/image\/","url":"https:\/\/secure.gravatar.com\/avatar\/d22a8cc353ba20fa3181b73b7b53a33b5b98923d9a2f9945443604d7359581c4?s=96&d=mm&r=g","contentUrl":"https:\/\/secure.gravatar.com\/avatar\/d22a8cc353ba20fa3181b73b7b53a33b5b98923d9a2f9945443604d7359581c4?s=96&d=mm&r=g","caption":"admin"},"url":"https:\/\/sare.eus\/es\/author\/prueba3371_a2783y7n\/"}]}},"_links":{"self":[{"href":"https:\/\/sare.eus\/es\/wp-json\/wp\/v2\/posts\/1377","targetHints":{"allow":["GET"]}}],"collection":[{"href":"https:\/\/sare.eus\/es\/wp-json\/wp\/v2\/posts"}],"about":[{"href":"https:\/\/sare.eus\/es\/wp-json\/wp\/v2\/types\/post"}],"author":[{"embeddable":true,"href":"https:\/\/sare.eus\/es\/wp-json\/wp\/v2\/users\/1"}],"replies":[{"embeddable":true,"href":"https:\/\/sare.eus\/es\/wp-json\/wp\/v2\/comments?post=1377"}],"version-history":[{"count":1,"href":"https:\/\/sare.eus\/es\/wp-json\/wp\/v2\/posts\/1377\/revisions"}],"predecessor-version":[{"id":1380,"href":"https:\/\/sare.eus\/es\/wp-json\/wp\/v2\/posts\/1377\/revisions\/1380"}],"wp:featuredmedia":[{"embeddable":true,"href":"https:\/\/sare.eus\/es\/wp-json\/wp\/v2\/media\/1170"}],"wp:attachment":[{"href":"https:\/\/sare.eus\/es\/wp-json\/wp\/v2\/media?parent=1377"}],"wp:term":[{"taxonomy":"category","embeddable":true,"href":"https:\/\/sare.eus\/es\/wp-json\/wp\/v2\/categories?post=1377"},{"taxonomy":"post_tag","embeddable":true,"href":"https:\/\/sare.eus\/es\/wp-json\/wp\/v2\/tags?post=1377"}],"curies":[{"name":"wp","href":"https:\/\/api.w.org\/{rel}","templated":true}]}}