{"id":1349,"date":"2021-04-22T15:42:44","date_gmt":"2021-04-22T15:42:44","guid":{"rendered":"http:\/\/650tontor.sare.eus\/pnv-eh-bildu-y-elkarrekin-donostia-han-ratificado-la-declaracion-de-euskalduna\/"},"modified":"2021-10-20T15:47:40","modified_gmt":"2021-10-20T15:47:40","slug":"pnv-eh-bildu-y-elkarrekin-donostia-han-ratificado-la-declaracion-de-euskalduna","status":"publish","type":"post","link":"https:\/\/sare.eus\/es\/pnv-eh-bildu-y-elkarrekin-donostia-han-ratificado-la-declaracion-de-euskalduna\/","title":{"rendered":"PNV, EH Bildu y Elkarrekin Donostia han ratificado la Declaraci\u00f3n de Euskalduna"},"content":{"rendered":"<p>Etxerat y Sare valoramos muy positivamente la ratificaci\u00f3n hoy, por parte de una amplia mayor\u00eda de la Corporaci\u00f3n de Donostia, de la declaraci\u00f3n de Euskalduna Jauregia, que se hizo p\u00fablica el pasado 11 de diciembre de 2020, lo que muestra el creciente compromiso social e institucional en favor del acercamiento de los presos y presas vascos, as\u00ed como la sustituci\u00f3n de la legislaci\u00f3n de excepci\u00f3n que durante d\u00e9cadas se les est\u00e1 aplicando, por la legislaci\u00f3n ordinaria.<\/p>\n<p>Nos consta que los apoyos a la declaraci\u00f3n de Euskalduna sigue a buen ritmo en numerosos ayuntamientos de la CAV. A d\u00eda de hoy suman ya aproximadamente 90 las ratificaciones que se han formalizado en otros tantos municipios. En pr\u00f3ximas fechas podremos ofrecer el dato definitivo de cu\u00e1ntos ayuntamientos suscriben finalmente el documento.<\/p>\n<p>Queremos volver a agradecer a las formaciones pol\u00edticas y sindicatos su implicaci\u00f3n y compromiso por seguir dando pasos hacia la normalizaci\u00f3n de la pol\u00edtica penitenciaria y recordar que esta declaraci\u00f3n fue remitida al presidente del Gobierno espa\u00f1ol para expresarle el total apoyo de la sociedad vasca para poner fin al alejamiento y la aplicar de forma exclusiva la legislaci\u00f3n ordinaria a las personas presas vascas.<\/p>\n<p>Esperamos que, tras los acercamientos de presos y presas a c\u00e1rceles vascas, con inmediatez, los gobiernos espa\u00f1ol y franc\u00e9s sigan avanzando en la humanizaci\u00f3n de la pol\u00edtica penitenciaria, en el camino de la resoluci\u00f3n y la convivencia, de tal forma que puedan estar lo antes posible en casa.<\/p>\n","protected":false},"excerpt":{"rendered":"<p>Etxerat y Sare valoramos muy positivamente la ratificaci\u00f3n hoy, por parte de una amplia mayor\u00eda de la Corporaci\u00f3n de Donostia, de la declaraci\u00f3n de Euskalduna Jauregia, que se hizo p\u00fablica [&hellip;]<\/p>\n","protected":false},"author":1,"featured_media":482,"comment_status":"open","ping_status":"open","sticky":false,"template":"","format":"standard","meta":{"_acf_changed":false,"_et_pb_use_builder":"off","_et_pb_old_content":"","_et_gb_content_width":"","footnotes":""},"categories":[69],"tags":[],"class_list":["post-1349","post","type-post","status-publish","format-standard","has-post-thumbnail","hentry","category-leyes-de-excepcion","et-has-post-format-content","et_post_format-et-post-format-standard"],"acf":[],"yoast_head":"<!-- This site is optimized with the Yoast SEO plugin v26.4 - https:\/\/yoast.com\/wordpress\/plugins\/seo\/ -->\n<title>PNV, EH Bildu y Elkarrekin Donostia han ratificado la Declaraci\u00f3n de Euskalduna - Sare Herritarra<\/title>\n<meta name=\"robots\" content=\"index, follow, max-snippet:-1, max-image-preview:large, max-video-preview:-1\" \/>\n<link rel=\"canonical\" href=\"https:\/\/sare.eus\/es\/pnv-eh-bildu-y-elkarrekin-donostia-han-ratificado-la-declaracion-de-euskalduna\/\" \/>\n<meta property=\"og:locale\" content=\"es_ES\" \/>\n<meta property=\"og:type\" content=\"article\" \/>\n<meta property=\"og:title\" content=\"PNV, EH Bildu y Elkarrekin Donostia han ratificado la Declaraci\u00f3n de Euskalduna - Sare Herritarra\" \/>\n<meta property=\"og:description\" content=\"Etxerat y Sare valoramos muy positivamente la ratificaci\u00f3n hoy, por parte de una amplia mayor\u00eda de la Corporaci\u00f3n de Donostia, de la declaraci\u00f3n de Euskalduna Jauregia, que se hizo p\u00fablica [&hellip;]\" \/>\n<meta property=\"og:url\" content=\"https:\/\/sare.eus\/es\/pnv-eh-bildu-y-elkarrekin-donostia-han-ratificado-la-declaracion-de-euskalduna\/\" \/>\n<meta property=\"og:site_name\" content=\"Sare Herritarra\" \/>\n<meta property=\"article:published_time\" content=\"2021-04-22T15:42:44+00:00\" \/>\n<meta property=\"article:modified_time\" content=\"2021-10-20T15:47:40+00:00\" \/>\n<meta property=\"og:image\" content=\"https:\/\/sare.eus\/wp-content\/uploads\/2021\/10\/photo_2021-04-21_20-44-25.jpg\" \/>\n\t<meta property=\"og:image:width\" content=\"913\" \/>\n\t<meta property=\"og:image:height\" content=\"586\" \/>\n\t<meta property=\"og:image:type\" content=\"image\/jpeg\" \/>\n<meta name=\"author\" content=\"admin\" \/>\n<meta name=\"twitter:card\" content=\"summary_large_image\" \/>\n<meta name=\"twitter:label1\" content=\"Escrito por\" \/>\n\t<meta name=\"twitter:data1\" content=\"admin\" \/>\n\t<meta name=\"twitter:label2\" content=\"Tiempo de lectura\" \/>\n\t<meta name=\"twitter:data2\" content=\"1 minuto\" \/>\n<script type=\"application\/ld+json\" class=\"yoast-schema-graph\">{\"@context\":\"https:\/\/schema.org\",\"@graph\":[{\"@type\":\"Article\",\"@id\":\"https:\/\/sare.eus\/es\/pnv-eh-bildu-y-elkarrekin-donostia-han-ratificado-la-declaracion-de-euskalduna\/#article\",\"isPartOf\":{\"@id\":\"https:\/\/sare.eus\/es\/pnv-eh-bildu-y-elkarrekin-donostia-han-ratificado-la-declaracion-de-euskalduna\/\"},\"author\":{\"name\":\"admin\",\"@id\":\"https:\/\/sare.eus\/#\/schema\/person\/5a711e7396face0569eb43391127616d\"},\"headline\":\"PNV, EH Bildu y Elkarrekin Donostia han ratificado la Declaraci\u00f3n de Euskalduna\",\"datePublished\":\"2021-04-22T15:42:44+00:00\",\"dateModified\":\"2021-10-20T15:47:40+00:00\",\"mainEntityOfPage\":{\"@id\":\"https:\/\/sare.eus\/es\/pnv-eh-bildu-y-elkarrekin-donostia-han-ratificado-la-declaracion-de-euskalduna\/\"},\"wordCount\":279,\"commentCount\":0,\"publisher\":{\"@id\":\"https:\/\/sare.eus\/#organization\"},\"image\":{\"@id\":\"https:\/\/sare.eus\/es\/pnv-eh-bildu-y-elkarrekin-donostia-han-ratificado-la-declaracion-de-euskalduna\/#primaryimage\"},\"thumbnailUrl\":\"https:\/\/sare.eus\/wp-content\/uploads\/2021\/10\/photo_2021-04-21_20-44-25.jpg\",\"articleSection\":[\"Leyes de Excepci\u00f3n\"],\"inLanguage\":\"es\",\"potentialAction\":[{\"@type\":\"CommentAction\",\"name\":\"Comment\",\"target\":[\"https:\/\/sare.eus\/es\/pnv-eh-bildu-y-elkarrekin-donostia-han-ratificado-la-declaracion-de-euskalduna\/#respond\"]}]},{\"@type\":\"WebPage\",\"@id\":\"https:\/\/sare.eus\/es\/pnv-eh-bildu-y-elkarrekin-donostia-han-ratificado-la-declaracion-de-euskalduna\/\",\"url\":\"https:\/\/sare.eus\/es\/pnv-eh-bildu-y-elkarrekin-donostia-han-ratificado-la-declaracion-de-euskalduna\/\",\"name\":\"PNV, EH Bildu y Elkarrekin Donostia han ratificado la Declaraci\u00f3n de Euskalduna - Sare Herritarra\",\"isPartOf\":{\"@id\":\"https:\/\/sare.eus\/#website\"},\"primaryImageOfPage\":{\"@id\":\"https:\/\/sare.eus\/es\/pnv-eh-bildu-y-elkarrekin-donostia-han-ratificado-la-declaracion-de-euskalduna\/#primaryimage\"},\"image\":{\"@id\":\"https:\/\/sare.eus\/es\/pnv-eh-bildu-y-elkarrekin-donostia-han-ratificado-la-declaracion-de-euskalduna\/#primaryimage\"},\"thumbnailUrl\":\"https:\/\/sare.eus\/wp-content\/uploads\/2021\/10\/photo_2021-04-21_20-44-25.jpg\",\"datePublished\":\"2021-04-22T15:42:44+00:00\",\"dateModified\":\"2021-10-20T15:47:40+00:00\",\"breadcrumb\":{\"@id\":\"https:\/\/sare.eus\/es\/pnv-eh-bildu-y-elkarrekin-donostia-han-ratificado-la-declaracion-de-euskalduna\/#breadcrumb\"},\"inLanguage\":\"es\",\"potentialAction\":[{\"@type\":\"ReadAction\",\"target\":[\"https:\/\/sare.eus\/es\/pnv-eh-bildu-y-elkarrekin-donostia-han-ratificado-la-declaracion-de-euskalduna\/\"]}]},{\"@type\":\"ImageObject\",\"inLanguage\":\"es\",\"@id\":\"https:\/\/sare.eus\/es\/pnv-eh-bildu-y-elkarrekin-donostia-han-ratificado-la-declaracion-de-euskalduna\/#primaryimage\",\"url\":\"https:\/\/sare.eus\/wp-content\/uploads\/2021\/10\/photo_2021-04-21_20-44-25.jpg\",\"contentUrl\":\"https:\/\/sare.eus\/wp-content\/uploads\/2021\/10\/photo_2021-04-21_20-44-25.jpg\",\"width\":913,\"height\":586},{\"@type\":\"BreadcrumbList\",\"@id\":\"https:\/\/sare.eus\/es\/pnv-eh-bildu-y-elkarrekin-donostia-han-ratificado-la-declaracion-de-euskalduna\/#breadcrumb\",\"itemListElement\":[{\"@type\":\"ListItem\",\"position\":1,\"name\":\"Home\",\"item\":\"https:\/\/sare.eus\/\"},{\"@type\":\"ListItem\",\"position\":2,\"name\":\"PNV, EH Bildu y Elkarrekin Donostia han ratificado la Declaraci\u00f3n de Euskalduna\"}]},{\"@type\":\"WebSite\",\"@id\":\"https:\/\/sare.eus\/#website\",\"url\":\"https:\/\/sare.eus\/\",\"name\":\"Sare Herritarra\",\"description\":\"KONPONBIDEAREN ETA GIZA ESKUBIDEEN ALDEKO SARE HERRITARRA\",\"publisher\":{\"@id\":\"https:\/\/sare.eus\/#organization\"},\"potentialAction\":[{\"@type\":\"SearchAction\",\"target\":{\"@type\":\"EntryPoint\",\"urlTemplate\":\"https:\/\/sare.eus\/?s={search_term_string}\"},\"query-input\":{\"@type\":\"PropertyValueSpecification\",\"valueRequired\":true,\"valueName\":\"search_term_string\"}}],\"inLanguage\":\"es\"},{\"@type\":\"Organization\",\"@id\":\"https:\/\/sare.eus\/#organization\",\"name\":\"Sare Herritarra\",\"url\":\"https:\/\/sare.eus\/\",\"logo\":{\"@type\":\"ImageObject\",\"inLanguage\":\"es\",\"@id\":\"https:\/\/sare.eus\/#\/schema\/logo\/image\/\",\"url\":\"https:\/\/sare.eus\/wp-content\/uploads\/2021\/08\/sare.png\",\"contentUrl\":\"https:\/\/sare.eus\/wp-content\/uploads\/2021\/08\/sare.png\",\"width\":120,\"height\":142,\"caption\":\"Sare Herritarra\"},\"image\":{\"@id\":\"https:\/\/sare.eus\/#\/schema\/logo\/image\/\"}},{\"@type\":\"Person\",\"@id\":\"https:\/\/sare.eus\/#\/schema\/person\/5a711e7396face0569eb43391127616d\",\"name\":\"admin\",\"image\":{\"@type\":\"ImageObject\",\"inLanguage\":\"es\",\"@id\":\"https:\/\/sare.eus\/#\/schema\/person\/image\/\",\"url\":\"https:\/\/secure.gravatar.com\/avatar\/d22a8cc353ba20fa3181b73b7b53a33b5b98923d9a2f9945443604d7359581c4?s=96&d=mm&r=g\",\"contentUrl\":\"https:\/\/secure.gravatar.com\/avatar\/d22a8cc353ba20fa3181b73b7b53a33b5b98923d9a2f9945443604d7359581c4?s=96&d=mm&r=g\",\"caption\":\"admin\"},\"url\":\"https:\/\/sare.eus\/es\/author\/prueba3371_a2783y7n\/\"}]}<\/script>\n<!-- \/ Yoast SEO plugin. -->","yoast_head_json":{"title":"PNV, EH Bildu y Elkarrekin Donostia han ratificado la Declaraci\u00f3n de Euskalduna - Sare Herritarra","robots":{"index":"index","follow":"follow","max-snippet":"max-snippet:-1","max-image-preview":"max-image-preview:large","max-video-preview":"max-video-preview:-1"},"canonical":"https:\/\/sare.eus\/es\/pnv-eh-bildu-y-elkarrekin-donostia-han-ratificado-la-declaracion-de-euskalduna\/","og_locale":"es_ES","og_type":"article","og_title":"PNV, EH Bildu y Elkarrekin Donostia han ratificado la Declaraci\u00f3n de Euskalduna - Sare Herritarra","og_description":"Etxerat y Sare valoramos muy positivamente la ratificaci\u00f3n hoy, por parte de una amplia mayor\u00eda de la Corporaci\u00f3n de Donostia, de la declaraci\u00f3n de Euskalduna Jauregia, que se hizo p\u00fablica [&hellip;]","og_url":"https:\/\/sare.eus\/es\/pnv-eh-bildu-y-elkarrekin-donostia-han-ratificado-la-declaracion-de-euskalduna\/","og_site_name":"Sare Herritarra","article_published_time":"2021-04-22T15:42:44+00:00","article_modified_time":"2021-10-20T15:47:40+00:00","og_image":[{"width":913,"height":586,"url":"https:\/\/sare.eus\/wp-content\/uploads\/2021\/10\/photo_2021-04-21_20-44-25.jpg","type":"image\/jpeg"}],"author":"admin","twitter_card":"summary_large_image","twitter_misc":{"Escrito por":"admin","Tiempo de lectura":"1 minuto"},"schema":{"@context":"https:\/\/schema.org","@graph":[{"@type":"Article","@id":"https:\/\/sare.eus\/es\/pnv-eh-bildu-y-elkarrekin-donostia-han-ratificado-la-declaracion-de-euskalduna\/#article","isPartOf":{"@id":"https:\/\/sare.eus\/es\/pnv-eh-bildu-y-elkarrekin-donostia-han-ratificado-la-declaracion-de-euskalduna\/"},"author":{"name":"admin","@id":"https:\/\/sare.eus\/#\/schema\/person\/5a711e7396face0569eb43391127616d"},"headline":"PNV, EH Bildu y Elkarrekin Donostia han ratificado la Declaraci\u00f3n de Euskalduna","datePublished":"2021-04-22T15:42:44+00:00","dateModified":"2021-10-20T15:47:40+00:00","mainEntityOfPage":{"@id":"https:\/\/sare.eus\/es\/pnv-eh-bildu-y-elkarrekin-donostia-han-ratificado-la-declaracion-de-euskalduna\/"},"wordCount":279,"commentCount":0,"publisher":{"@id":"https:\/\/sare.eus\/#organization"},"image":{"@id":"https:\/\/sare.eus\/es\/pnv-eh-bildu-y-elkarrekin-donostia-han-ratificado-la-declaracion-de-euskalduna\/#primaryimage"},"thumbnailUrl":"https:\/\/sare.eus\/wp-content\/uploads\/2021\/10\/photo_2021-04-21_20-44-25.jpg","articleSection":["Leyes de Excepci\u00f3n"],"inLanguage":"es","potentialAction":[{"@type":"CommentAction","name":"Comment","target":["https:\/\/sare.eus\/es\/pnv-eh-bildu-y-elkarrekin-donostia-han-ratificado-la-declaracion-de-euskalduna\/#respond"]}]},{"@type":"WebPage","@id":"https:\/\/sare.eus\/es\/pnv-eh-bildu-y-elkarrekin-donostia-han-ratificado-la-declaracion-de-euskalduna\/","url":"https:\/\/sare.eus\/es\/pnv-eh-bildu-y-elkarrekin-donostia-han-ratificado-la-declaracion-de-euskalduna\/","name":"PNV, EH Bildu y Elkarrekin Donostia han ratificado la Declaraci\u00f3n de Euskalduna - Sare Herritarra","isPartOf":{"@id":"https:\/\/sare.eus\/#website"},"primaryImageOfPage":{"@id":"https:\/\/sare.eus\/es\/pnv-eh-bildu-y-elkarrekin-donostia-han-ratificado-la-declaracion-de-euskalduna\/#primaryimage"},"image":{"@id":"https:\/\/sare.eus\/es\/pnv-eh-bildu-y-elkarrekin-donostia-han-ratificado-la-declaracion-de-euskalduna\/#primaryimage"},"thumbnailUrl":"https:\/\/sare.eus\/wp-content\/uploads\/2021\/10\/photo_2021-04-21_20-44-25.jpg","datePublished":"2021-04-22T15:42:44+00:00","dateModified":"2021-10-20T15:47:40+00:00","breadcrumb":{"@id":"https:\/\/sare.eus\/es\/pnv-eh-bildu-y-elkarrekin-donostia-han-ratificado-la-declaracion-de-euskalduna\/#breadcrumb"},"inLanguage":"es","potentialAction":[{"@type":"ReadAction","target":["https:\/\/sare.eus\/es\/pnv-eh-bildu-y-elkarrekin-donostia-han-ratificado-la-declaracion-de-euskalduna\/"]}]},{"@type":"ImageObject","inLanguage":"es","@id":"https:\/\/sare.eus\/es\/pnv-eh-bildu-y-elkarrekin-donostia-han-ratificado-la-declaracion-de-euskalduna\/#primaryimage","url":"https:\/\/sare.eus\/wp-content\/uploads\/2021\/10\/photo_2021-04-21_20-44-25.jpg","contentUrl":"https:\/\/sare.eus\/wp-content\/uploads\/2021\/10\/photo_2021-04-21_20-44-25.jpg","width":913,"height":586},{"@type":"BreadcrumbList","@id":"https:\/\/sare.eus\/es\/pnv-eh-bildu-y-elkarrekin-donostia-han-ratificado-la-declaracion-de-euskalduna\/#breadcrumb","itemListElement":[{"@type":"ListItem","position":1,"name":"Home","item":"https:\/\/sare.eus\/"},{"@type":"ListItem","position":2,"name":"PNV, EH Bildu y Elkarrekin Donostia han ratificado la Declaraci\u00f3n de Euskalduna"}]},{"@type":"WebSite","@id":"https:\/\/sare.eus\/#website","url":"https:\/\/sare.eus\/","name":"Sare Herritarra","description":"KONPONBIDEAREN ETA GIZA ESKUBIDEEN ALDEKO SARE HERRITARRA","publisher":{"@id":"https:\/\/sare.eus\/#organization"},"potentialAction":[{"@type":"SearchAction","target":{"@type":"EntryPoint","urlTemplate":"https:\/\/sare.eus\/?s={search_term_string}"},"query-input":{"@type":"PropertyValueSpecification","valueRequired":true,"valueName":"search_term_string"}}],"inLanguage":"es"},{"@type":"Organization","@id":"https:\/\/sare.eus\/#organization","name":"Sare Herritarra","url":"https:\/\/sare.eus\/","logo":{"@type":"ImageObject","inLanguage":"es","@id":"https:\/\/sare.eus\/#\/schema\/logo\/image\/","url":"https:\/\/sare.eus\/wp-content\/uploads\/2021\/08\/sare.png","contentUrl":"https:\/\/sare.eus\/wp-content\/uploads\/2021\/08\/sare.png","width":120,"height":142,"caption":"Sare Herritarra"},"image":{"@id":"https:\/\/sare.eus\/#\/schema\/logo\/image\/"}},{"@type":"Person","@id":"https:\/\/sare.eus\/#\/schema\/person\/5a711e7396face0569eb43391127616d","name":"admin","image":{"@type":"ImageObject","inLanguage":"es","@id":"https:\/\/sare.eus\/#\/schema\/person\/image\/","url":"https:\/\/secure.gravatar.com\/avatar\/d22a8cc353ba20fa3181b73b7b53a33b5b98923d9a2f9945443604d7359581c4?s=96&d=mm&r=g","contentUrl":"https:\/\/secure.gravatar.com\/avatar\/d22a8cc353ba20fa3181b73b7b53a33b5b98923d9a2f9945443604d7359581c4?s=96&d=mm&r=g","caption":"admin"},"url":"https:\/\/sare.eus\/es\/author\/prueba3371_a2783y7n\/"}]}},"_links":{"self":[{"href":"https:\/\/sare.eus\/es\/wp-json\/wp\/v2\/posts\/1349","targetHints":{"allow":["GET"]}}],"collection":[{"href":"https:\/\/sare.eus\/es\/wp-json\/wp\/v2\/posts"}],"about":[{"href":"https:\/\/sare.eus\/es\/wp-json\/wp\/v2\/types\/post"}],"author":[{"embeddable":true,"href":"https:\/\/sare.eus\/es\/wp-json\/wp\/v2\/users\/1"}],"replies":[{"embeddable":true,"href":"https:\/\/sare.eus\/es\/wp-json\/wp\/v2\/comments?post=1349"}],"version-history":[{"count":1,"href":"https:\/\/sare.eus\/es\/wp-json\/wp\/v2\/posts\/1349\/revisions"}],"predecessor-version":[{"id":1350,"href":"https:\/\/sare.eus\/es\/wp-json\/wp\/v2\/posts\/1349\/revisions\/1350"}],"wp:featuredmedia":[{"embeddable":true,"href":"https:\/\/sare.eus\/es\/wp-json\/wp\/v2\/media\/482"}],"wp:attachment":[{"href":"https:\/\/sare.eus\/es\/wp-json\/wp\/v2\/media?parent=1349"}],"wp:term":[{"taxonomy":"category","embeddable":true,"href":"https:\/\/sare.eus\/es\/wp-json\/wp\/v2\/categories?post=1349"},{"taxonomy":"post_tag","embeddable":true,"href":"https:\/\/sare.eus\/es\/wp-json\/wp\/v2\/tags?post=1349"}],"curies":[{"name":"wp","href":"https:\/\/api.w.org\/{rel}","templated":true}]}}