{"id":1346,"date":"2021-05-06T15:39:58","date_gmt":"2021-05-06T15:39:58","guid":{"rendered":"http:\/\/650tontor.sare.eus\/solo-quedan-dos-dias-para-que-hagamos-la-mayor-ascension-conjunta-de-cumbres-que-se-haya-hecho-nunca-en-eh\/"},"modified":"2021-10-20T15:48:13","modified_gmt":"2021-10-20T15:48:13","slug":"solo-quedan-dos-dias-para-que-hagamos-la-mayor-ascension-conjunta-de-cumbres-que-se-haya-hecho-nunca-en-eh","status":"publish","type":"post","link":"https:\/\/sare.eus\/es\/solo-quedan-dos-dias-para-que-hagamos-la-mayor-ascension-conjunta-de-cumbres-que-se-haya-hecho-nunca-en-eh\/","title":{"rendered":"S\u00f3lo quedan dos d\u00edas para que hagamos la mayor ascensi\u00f3n conjunta de cumbres que se haya hecho nunca en EH."},"content":{"rendered":"<p>Hoy, nos hemos juntado en Olarizu para hacer un \u00faltimo llamamiento para la subida conjunta a las cimas que vamos a llevar a cabo dentro de la din\u00e1mica Izan Bidea el pr\u00f3ximo s\u00e1bado, dentro de dos d\u00edas, y tambi\u00e9n para explicar los detalles y plantear un nuevo reto a las personas que vayan a participar.<\/p>\n<p>Como hemos estado diciendo a lo largo de estos meses, estamos viviendo una \u00e9poca de cambios en lo que se refiere a las presas y a los presos vascos y a la pol\u00edtica penitenciaria de excepci\u00f3n, y, aunque no suponen un cambio profundo ni radical, consideramos que es un paso hacia delante. Los acercamientos que se est\u00e1n dando no conllevan el fin de la pol\u00edtica de alejamiento, ni la desaparici\u00f3n de la pol\u00edtica de excepci\u00f3n. Son gotas aisladas en una tierra reseca que ha sufrido una gran sequ\u00eda durante a\u00f1os.<\/p>\n<p><img loading=\"lazy\" decoding=\"async\" class=\"size-medium wp-image-490 alignleft\" src=\"https:\/\/sare.eus\/wp-content\/uploads\/2021\/10\/termometroa-maiatzak-8_Mesa-de-trabajo-2-510x1024-1-149x300.jpg\" alt=\"\" width=\"149\" height=\"300\" srcset=\"https:\/\/sare.eus\/wp-content\/uploads\/2021\/10\/termometroa-maiatzak-8_Mesa-de-trabajo-2-510x1024-1-149x300.jpg 149w, https:\/\/sare.eus\/wp-content\/uploads\/2021\/10\/termometroa-maiatzak-8_Mesa-de-trabajo-2-510x1024-1.jpg 510w\" sizes=\"(max-width: 149px) 100vw, 149px\" \/>Pero esto nos muestra que agua s\u00ed hay, es decir, que estamos ante una gran oportunidad, oportunidad que debemos aprovechar. Eso es lo que quiere Sare. Ese el el objetivo principal de esta convocatoria. Porque esas peque\u00f1as gotas no hubieran llegado sin la insistencia y sin la activaci\u00f3n de las miles y miles de personas que nos hemos juntado en las calles todos estos a\u00f1os. Hemos sido el motor de los pasos que se est\u00e1n dando, y queremos seguir si\u00e9ndolo.<\/p>\n<p>Por eso, una vez m\u00e1s, queremos haceros un llamamiento para salir a la calle. O, mejor dicho, para subir al monte. Hagamos que esas peque\u00f1as gotas se conviertan en chaparr\u00f3n, en riachuelo, en r\u00edo, en mar. Hagamos que esos peque\u00f1os pasos se conviertan en camino, en el camino a casa.<\/p>\n<p>Para este s\u00e1bado, planteamos a la ciudadan\u00eda vasca el reto de subir a 650 cimas. Como ya hicimos el 3 de octubre, por un lado, hemos activado un sistema online para apuntarse, y, por otro lado, hemos hecho convocatorias pueblo a pueblo, para subir a un monte de cada pueblo. En total, hemos recogido la convocatoria de alrededor de 300 pueblos, en los que se han realizado inscripciones propias, y m\u00e1s de 1500 particulares, familias o cuadrilas, inscritas online para subir a otros montes. En cuanto a los montes de Iparralde, Bake Bidea se ha sumado a la convocatoria, y ha organizado salidas a los montes m\u00e1s emblem\u00e1ticos de Iparralde. Viendo los datos, podemos decir que este s\u00e1bado nos vamos a juntar miles de personas en las cumbres a lo largo y ancho de Euskal Herria. Y por eso estamos muy contentos y contentas. En esta situaci\u00f3n de pandemia que estamos viviendo y teniendo en cuenta que siguen vigentes las medidas restrictivas, es verdaderamente satisfactorio ver el compromiso y el \u00e1nimo de la ciudadan\u00eda. \u00a1Muchas gracias a todas y a todos! Evidentemente, como hemos hecho hasta ahora, vamos a actuar de manera responsable de cara a la situaci\u00f3n que estamos viviendo, respetando todas las medidas de seguridad y las medidas sanitarias.<\/p>\n<p>Dicho esto, hoy os queremos dar tambi\u00e9n otra noticia. El a\u00f1o pasado, cuando presentamos la din\u00e1mica Izan Bidea, anunciamos que su objetivo era recorrer tres millones de kil\u00f3metros a favor de la vuelta a casa, de la convivencia y de la paz. Pues, hoy, queremos compartir con vosotras y con vosotros \u00a1qu\u00e9 ya hemos recorrido el primer mill\u00f3n de kil\u00f3metros! Por ello, una vez m\u00e1s, os tenemos que dar las gracias a todas las personas que est\u00e1is participando en la din\u00e1mica Izan Bidea.<\/p>\n<p><strong>Y, adem\u00e1s, os queremos plantear un nuevo reto para este s\u00e1bado: sumar trescientos cincuenta mil kil\u00f3metros m\u00e1s a este term\u00f3metro, registrando el recorrido de subida y de bajada del monte en la aplicaci\u00f3n de Izan Bidea. \u00a1Entre todas y todos lo conseguiremos!<\/strong><\/p>\n<p><strong>Este s\u00e1bado nos encontraremos en las 650 cimas. Eskerrik asko!<\/strong><\/p>\n\n<p><\/p>\n","protected":false},"excerpt":{"rendered":"<p>Hoy, nos hemos juntado en Olarizu para hacer un \u00faltimo llamamiento para la subida conjunta a las cimas que vamos a llevar a cabo dentro de la din\u00e1mica Izan Bidea [&hellip;]<\/p>\n","protected":false},"author":1,"featured_media":494,"comment_status":"open","ping_status":"open","sticky":false,"template":"","format":"standard","meta":{"_acf_changed":false,"_et_pb_use_builder":"off","_et_pb_old_content":"","_et_gb_content_width":"","footnotes":""},"categories":[60],"tags":[],"class_list":["post-1346","post","type-post","status-publish","format-standard","has-post-thumbnail","hentry","category-etxera-es","et-has-post-format-content","et_post_format-et-post-format-standard"],"acf":[],"yoast_head":"<!-- This site is optimized with the Yoast SEO plugin v26.4 - https:\/\/yoast.com\/wordpress\/plugins\/seo\/ -->\n<title>S\u00f3lo quedan dos d\u00edas para que hagamos la mayor ascensi\u00f3n conjunta de cumbres que se haya hecho nunca en EH. - Sare Herritarra<\/title>\n<meta name=\"robots\" content=\"index, follow, max-snippet:-1, max-image-preview:large, max-video-preview:-1\" \/>\n<link rel=\"canonical\" href=\"https:\/\/sare.eus\/es\/solo-quedan-dos-dias-para-que-hagamos-la-mayor-ascension-conjunta-de-cumbres-que-se-haya-hecho-nunca-en-eh\/\" \/>\n<meta property=\"og:locale\" content=\"es_ES\" \/>\n<meta property=\"og:type\" content=\"article\" \/>\n<meta property=\"og:title\" content=\"S\u00f3lo quedan dos d\u00edas para que hagamos la mayor ascensi\u00f3n conjunta de cumbres que se haya hecho nunca en EH. - Sare Herritarra\" \/>\n<meta property=\"og:description\" content=\"Hoy, nos hemos juntado en Olarizu para hacer un \u00faltimo llamamiento para la subida conjunta a las cimas que vamos a llevar a cabo dentro de la din\u00e1mica Izan Bidea [&hellip;]\" \/>\n<meta property=\"og:url\" content=\"https:\/\/sare.eus\/es\/solo-quedan-dos-dias-para-que-hagamos-la-mayor-ascension-conjunta-de-cumbres-que-se-haya-hecho-nunca-en-eh\/\" \/>\n<meta property=\"og:site_name\" content=\"Sare Herritarra\" \/>\n<meta property=\"article:published_time\" content=\"2021-05-06T15:39:58+00:00\" \/>\n<meta property=\"article:modified_time\" content=\"2021-10-20T15:48:13+00:00\" \/>\n<meta property=\"og:image\" content=\"https:\/\/sare.eus\/wp-content\/uploads\/2021\/10\/PicsArt_05-06-11.36.53-1024x512-1.jpg\" \/>\n\t<meta property=\"og:image:width\" content=\"872\" \/>\n\t<meta property=\"og:image:height\" content=\"455\" \/>\n\t<meta property=\"og:image:type\" content=\"image\/jpeg\" \/>\n<meta name=\"author\" content=\"admin\" \/>\n<meta name=\"twitter:card\" content=\"summary_large_image\" \/>\n<meta name=\"twitter:label1\" content=\"Escrito por\" \/>\n\t<meta name=\"twitter:data1\" content=\"admin\" \/>\n\t<meta name=\"twitter:label2\" content=\"Tiempo de lectura\" \/>\n\t<meta name=\"twitter:data2\" content=\"3 minutos\" \/>\n<script type=\"application\/ld+json\" class=\"yoast-schema-graph\">{\"@context\":\"https:\/\/schema.org\",\"@graph\":[{\"@type\":\"Article\",\"@id\":\"https:\/\/sare.eus\/es\/solo-quedan-dos-dias-para-que-hagamos-la-mayor-ascension-conjunta-de-cumbres-que-se-haya-hecho-nunca-en-eh\/#article\",\"isPartOf\":{\"@id\":\"https:\/\/sare.eus\/es\/solo-quedan-dos-dias-para-que-hagamos-la-mayor-ascension-conjunta-de-cumbres-que-se-haya-hecho-nunca-en-eh\/\"},\"author\":{\"name\":\"admin\",\"@id\":\"https:\/\/sare.eus\/#\/schema\/person\/5a711e7396face0569eb43391127616d\"},\"headline\":\"S\u00f3lo quedan dos d\u00edas para que hagamos la mayor ascensi\u00f3n conjunta de cumbres que se haya hecho nunca en EH.\",\"datePublished\":\"2021-05-06T15:39:58+00:00\",\"dateModified\":\"2021-10-20T15:48:13+00:00\",\"mainEntityOfPage\":{\"@id\":\"https:\/\/sare.eus\/es\/solo-quedan-dos-dias-para-que-hagamos-la-mayor-ascension-conjunta-de-cumbres-que-se-haya-hecho-nunca-en-eh\/\"},\"wordCount\":688,\"commentCount\":0,\"publisher\":{\"@id\":\"https:\/\/sare.eus\/#organization\"},\"image\":{\"@id\":\"https:\/\/sare.eus\/es\/solo-quedan-dos-dias-para-que-hagamos-la-mayor-ascension-conjunta-de-cumbres-que-se-haya-hecho-nunca-en-eh\/#primaryimage\"},\"thumbnailUrl\":\"https:\/\/sare.eus\/wp-content\/uploads\/2021\/10\/PicsArt_05-06-11.36.53-1024x512-1.jpg\",\"articleSection\":[\"Etxera\"],\"inLanguage\":\"es\",\"potentialAction\":[{\"@type\":\"CommentAction\",\"name\":\"Comment\",\"target\":[\"https:\/\/sare.eus\/es\/solo-quedan-dos-dias-para-que-hagamos-la-mayor-ascension-conjunta-de-cumbres-que-se-haya-hecho-nunca-en-eh\/#respond\"]}]},{\"@type\":\"WebPage\",\"@id\":\"https:\/\/sare.eus\/es\/solo-quedan-dos-dias-para-que-hagamos-la-mayor-ascension-conjunta-de-cumbres-que-se-haya-hecho-nunca-en-eh\/\",\"url\":\"https:\/\/sare.eus\/es\/solo-quedan-dos-dias-para-que-hagamos-la-mayor-ascension-conjunta-de-cumbres-que-se-haya-hecho-nunca-en-eh\/\",\"name\":\"S\u00f3lo quedan dos d\u00edas para que hagamos la mayor ascensi\u00f3n conjunta de cumbres que se haya hecho nunca en EH. - Sare Herritarra\",\"isPartOf\":{\"@id\":\"https:\/\/sare.eus\/#website\"},\"primaryImageOfPage\":{\"@id\":\"https:\/\/sare.eus\/es\/solo-quedan-dos-dias-para-que-hagamos-la-mayor-ascension-conjunta-de-cumbres-que-se-haya-hecho-nunca-en-eh\/#primaryimage\"},\"image\":{\"@id\":\"https:\/\/sare.eus\/es\/solo-quedan-dos-dias-para-que-hagamos-la-mayor-ascension-conjunta-de-cumbres-que-se-haya-hecho-nunca-en-eh\/#primaryimage\"},\"thumbnailUrl\":\"https:\/\/sare.eus\/wp-content\/uploads\/2021\/10\/PicsArt_05-06-11.36.53-1024x512-1.jpg\",\"datePublished\":\"2021-05-06T15:39:58+00:00\",\"dateModified\":\"2021-10-20T15:48:13+00:00\",\"breadcrumb\":{\"@id\":\"https:\/\/sare.eus\/es\/solo-quedan-dos-dias-para-que-hagamos-la-mayor-ascension-conjunta-de-cumbres-que-se-haya-hecho-nunca-en-eh\/#breadcrumb\"},\"inLanguage\":\"es\",\"potentialAction\":[{\"@type\":\"ReadAction\",\"target\":[\"https:\/\/sare.eus\/es\/solo-quedan-dos-dias-para-que-hagamos-la-mayor-ascension-conjunta-de-cumbres-que-se-haya-hecho-nunca-en-eh\/\"]}]},{\"@type\":\"ImageObject\",\"inLanguage\":\"es\",\"@id\":\"https:\/\/sare.eus\/es\/solo-quedan-dos-dias-para-que-hagamos-la-mayor-ascension-conjunta-de-cumbres-que-se-haya-hecho-nunca-en-eh\/#primaryimage\",\"url\":\"https:\/\/sare.eus\/wp-content\/uploads\/2021\/10\/PicsArt_05-06-11.36.53-1024x512-1.jpg\",\"contentUrl\":\"https:\/\/sare.eus\/wp-content\/uploads\/2021\/10\/PicsArt_05-06-11.36.53-1024x512-1.jpg\",\"width\":872,\"height\":455},{\"@type\":\"BreadcrumbList\",\"@id\":\"https:\/\/sare.eus\/es\/solo-quedan-dos-dias-para-que-hagamos-la-mayor-ascension-conjunta-de-cumbres-que-se-haya-hecho-nunca-en-eh\/#breadcrumb\",\"itemListElement\":[{\"@type\":\"ListItem\",\"position\":1,\"name\":\"Home\",\"item\":\"https:\/\/sare.eus\/\"},{\"@type\":\"ListItem\",\"position\":2,\"name\":\"S\u00f3lo quedan dos d\u00edas para que hagamos la mayor ascensi\u00f3n conjunta de cumbres que se haya hecho nunca en EH.\"}]},{\"@type\":\"WebSite\",\"@id\":\"https:\/\/sare.eus\/#website\",\"url\":\"https:\/\/sare.eus\/\",\"name\":\"Sare Herritarra\",\"description\":\"KONPONBIDEAREN ETA GIZA ESKUBIDEEN ALDEKO SARE HERRITARRA\",\"publisher\":{\"@id\":\"https:\/\/sare.eus\/#organization\"},\"potentialAction\":[{\"@type\":\"SearchAction\",\"target\":{\"@type\":\"EntryPoint\",\"urlTemplate\":\"https:\/\/sare.eus\/?s={search_term_string}\"},\"query-input\":{\"@type\":\"PropertyValueSpecification\",\"valueRequired\":true,\"valueName\":\"search_term_string\"}}],\"inLanguage\":\"es\"},{\"@type\":\"Organization\",\"@id\":\"https:\/\/sare.eus\/#organization\",\"name\":\"Sare Herritarra\",\"url\":\"https:\/\/sare.eus\/\",\"logo\":{\"@type\":\"ImageObject\",\"inLanguage\":\"es\",\"@id\":\"https:\/\/sare.eus\/#\/schema\/logo\/image\/\",\"url\":\"https:\/\/sare.eus\/wp-content\/uploads\/2021\/08\/sare.png\",\"contentUrl\":\"https:\/\/sare.eus\/wp-content\/uploads\/2021\/08\/sare.png\",\"width\":120,\"height\":142,\"caption\":\"Sare Herritarra\"},\"image\":{\"@id\":\"https:\/\/sare.eus\/#\/schema\/logo\/image\/\"}},{\"@type\":\"Person\",\"@id\":\"https:\/\/sare.eus\/#\/schema\/person\/5a711e7396face0569eb43391127616d\",\"name\":\"admin\",\"image\":{\"@type\":\"ImageObject\",\"inLanguage\":\"es\",\"@id\":\"https:\/\/sare.eus\/#\/schema\/person\/image\/\",\"url\":\"https:\/\/secure.gravatar.com\/avatar\/d22a8cc353ba20fa3181b73b7b53a33b5b98923d9a2f9945443604d7359581c4?s=96&d=mm&r=g\",\"contentUrl\":\"https:\/\/secure.gravatar.com\/avatar\/d22a8cc353ba20fa3181b73b7b53a33b5b98923d9a2f9945443604d7359581c4?s=96&d=mm&r=g\",\"caption\":\"admin\"},\"url\":\"https:\/\/sare.eus\/es\/author\/prueba3371_a2783y7n\/\"}]}<\/script>\n<!-- \/ Yoast SEO plugin. -->","yoast_head_json":{"title":"S\u00f3lo quedan dos d\u00edas para que hagamos la mayor ascensi\u00f3n conjunta de cumbres que se haya hecho nunca en EH. - Sare Herritarra","robots":{"index":"index","follow":"follow","max-snippet":"max-snippet:-1","max-image-preview":"max-image-preview:large","max-video-preview":"max-video-preview:-1"},"canonical":"https:\/\/sare.eus\/es\/solo-quedan-dos-dias-para-que-hagamos-la-mayor-ascension-conjunta-de-cumbres-que-se-haya-hecho-nunca-en-eh\/","og_locale":"es_ES","og_type":"article","og_title":"S\u00f3lo quedan dos d\u00edas para que hagamos la mayor ascensi\u00f3n conjunta de cumbres que se haya hecho nunca en EH. - Sare Herritarra","og_description":"Hoy, nos hemos juntado en Olarizu para hacer un \u00faltimo llamamiento para la subida conjunta a las cimas que vamos a llevar a cabo dentro de la din\u00e1mica Izan Bidea [&hellip;]","og_url":"https:\/\/sare.eus\/es\/solo-quedan-dos-dias-para-que-hagamos-la-mayor-ascension-conjunta-de-cumbres-que-se-haya-hecho-nunca-en-eh\/","og_site_name":"Sare Herritarra","article_published_time":"2021-05-06T15:39:58+00:00","article_modified_time":"2021-10-20T15:48:13+00:00","og_image":[{"width":872,"height":455,"url":"https:\/\/sare.eus\/wp-content\/uploads\/2021\/10\/PicsArt_05-06-11.36.53-1024x512-1.jpg","type":"image\/jpeg"}],"author":"admin","twitter_card":"summary_large_image","twitter_misc":{"Escrito por":"admin","Tiempo de lectura":"3 minutos"},"schema":{"@context":"https:\/\/schema.org","@graph":[{"@type":"Article","@id":"https:\/\/sare.eus\/es\/solo-quedan-dos-dias-para-que-hagamos-la-mayor-ascension-conjunta-de-cumbres-que-se-haya-hecho-nunca-en-eh\/#article","isPartOf":{"@id":"https:\/\/sare.eus\/es\/solo-quedan-dos-dias-para-que-hagamos-la-mayor-ascension-conjunta-de-cumbres-que-se-haya-hecho-nunca-en-eh\/"},"author":{"name":"admin","@id":"https:\/\/sare.eus\/#\/schema\/person\/5a711e7396face0569eb43391127616d"},"headline":"S\u00f3lo quedan dos d\u00edas para que hagamos la mayor ascensi\u00f3n conjunta de cumbres que se haya hecho nunca en EH.","datePublished":"2021-05-06T15:39:58+00:00","dateModified":"2021-10-20T15:48:13+00:00","mainEntityOfPage":{"@id":"https:\/\/sare.eus\/es\/solo-quedan-dos-dias-para-que-hagamos-la-mayor-ascension-conjunta-de-cumbres-que-se-haya-hecho-nunca-en-eh\/"},"wordCount":688,"commentCount":0,"publisher":{"@id":"https:\/\/sare.eus\/#organization"},"image":{"@id":"https:\/\/sare.eus\/es\/solo-quedan-dos-dias-para-que-hagamos-la-mayor-ascension-conjunta-de-cumbres-que-se-haya-hecho-nunca-en-eh\/#primaryimage"},"thumbnailUrl":"https:\/\/sare.eus\/wp-content\/uploads\/2021\/10\/PicsArt_05-06-11.36.53-1024x512-1.jpg","articleSection":["Etxera"],"inLanguage":"es","potentialAction":[{"@type":"CommentAction","name":"Comment","target":["https:\/\/sare.eus\/es\/solo-quedan-dos-dias-para-que-hagamos-la-mayor-ascension-conjunta-de-cumbres-que-se-haya-hecho-nunca-en-eh\/#respond"]}]},{"@type":"WebPage","@id":"https:\/\/sare.eus\/es\/solo-quedan-dos-dias-para-que-hagamos-la-mayor-ascension-conjunta-de-cumbres-que-se-haya-hecho-nunca-en-eh\/","url":"https:\/\/sare.eus\/es\/solo-quedan-dos-dias-para-que-hagamos-la-mayor-ascension-conjunta-de-cumbres-que-se-haya-hecho-nunca-en-eh\/","name":"S\u00f3lo quedan dos d\u00edas para que hagamos la mayor ascensi\u00f3n conjunta de cumbres que se haya hecho nunca en EH. - Sare Herritarra","isPartOf":{"@id":"https:\/\/sare.eus\/#website"},"primaryImageOfPage":{"@id":"https:\/\/sare.eus\/es\/solo-quedan-dos-dias-para-que-hagamos-la-mayor-ascension-conjunta-de-cumbres-que-se-haya-hecho-nunca-en-eh\/#primaryimage"},"image":{"@id":"https:\/\/sare.eus\/es\/solo-quedan-dos-dias-para-que-hagamos-la-mayor-ascension-conjunta-de-cumbres-que-se-haya-hecho-nunca-en-eh\/#primaryimage"},"thumbnailUrl":"https:\/\/sare.eus\/wp-content\/uploads\/2021\/10\/PicsArt_05-06-11.36.53-1024x512-1.jpg","datePublished":"2021-05-06T15:39:58+00:00","dateModified":"2021-10-20T15:48:13+00:00","breadcrumb":{"@id":"https:\/\/sare.eus\/es\/solo-quedan-dos-dias-para-que-hagamos-la-mayor-ascension-conjunta-de-cumbres-que-se-haya-hecho-nunca-en-eh\/#breadcrumb"},"inLanguage":"es","potentialAction":[{"@type":"ReadAction","target":["https:\/\/sare.eus\/es\/solo-quedan-dos-dias-para-que-hagamos-la-mayor-ascension-conjunta-de-cumbres-que-se-haya-hecho-nunca-en-eh\/"]}]},{"@type":"ImageObject","inLanguage":"es","@id":"https:\/\/sare.eus\/es\/solo-quedan-dos-dias-para-que-hagamos-la-mayor-ascension-conjunta-de-cumbres-que-se-haya-hecho-nunca-en-eh\/#primaryimage","url":"https:\/\/sare.eus\/wp-content\/uploads\/2021\/10\/PicsArt_05-06-11.36.53-1024x512-1.jpg","contentUrl":"https:\/\/sare.eus\/wp-content\/uploads\/2021\/10\/PicsArt_05-06-11.36.53-1024x512-1.jpg","width":872,"height":455},{"@type":"BreadcrumbList","@id":"https:\/\/sare.eus\/es\/solo-quedan-dos-dias-para-que-hagamos-la-mayor-ascension-conjunta-de-cumbres-que-se-haya-hecho-nunca-en-eh\/#breadcrumb","itemListElement":[{"@type":"ListItem","position":1,"name":"Home","item":"https:\/\/sare.eus\/"},{"@type":"ListItem","position":2,"name":"S\u00f3lo quedan dos d\u00edas para que hagamos la mayor ascensi\u00f3n conjunta de cumbres que se haya hecho nunca en EH."}]},{"@type":"WebSite","@id":"https:\/\/sare.eus\/#website","url":"https:\/\/sare.eus\/","name":"Sare Herritarra","description":"KONPONBIDEAREN ETA GIZA ESKUBIDEEN ALDEKO SARE HERRITARRA","publisher":{"@id":"https:\/\/sare.eus\/#organization"},"potentialAction":[{"@type":"SearchAction","target":{"@type":"EntryPoint","urlTemplate":"https:\/\/sare.eus\/?s={search_term_string}"},"query-input":{"@type":"PropertyValueSpecification","valueRequired":true,"valueName":"search_term_string"}}],"inLanguage":"es"},{"@type":"Organization","@id":"https:\/\/sare.eus\/#organization","name":"Sare Herritarra","url":"https:\/\/sare.eus\/","logo":{"@type":"ImageObject","inLanguage":"es","@id":"https:\/\/sare.eus\/#\/schema\/logo\/image\/","url":"https:\/\/sare.eus\/wp-content\/uploads\/2021\/08\/sare.png","contentUrl":"https:\/\/sare.eus\/wp-content\/uploads\/2021\/08\/sare.png","width":120,"height":142,"caption":"Sare Herritarra"},"image":{"@id":"https:\/\/sare.eus\/#\/schema\/logo\/image\/"}},{"@type":"Person","@id":"https:\/\/sare.eus\/#\/schema\/person\/5a711e7396face0569eb43391127616d","name":"admin","image":{"@type":"ImageObject","inLanguage":"es","@id":"https:\/\/sare.eus\/#\/schema\/person\/image\/","url":"https:\/\/secure.gravatar.com\/avatar\/d22a8cc353ba20fa3181b73b7b53a33b5b98923d9a2f9945443604d7359581c4?s=96&d=mm&r=g","contentUrl":"https:\/\/secure.gravatar.com\/avatar\/d22a8cc353ba20fa3181b73b7b53a33b5b98923d9a2f9945443604d7359581c4?s=96&d=mm&r=g","caption":"admin"},"url":"https:\/\/sare.eus\/es\/author\/prueba3371_a2783y7n\/"}]}},"_links":{"self":[{"href":"https:\/\/sare.eus\/es\/wp-json\/wp\/v2\/posts\/1346","targetHints":{"allow":["GET"]}}],"collection":[{"href":"https:\/\/sare.eus\/es\/wp-json\/wp\/v2\/posts"}],"about":[{"href":"https:\/\/sare.eus\/es\/wp-json\/wp\/v2\/types\/post"}],"author":[{"embeddable":true,"href":"https:\/\/sare.eus\/es\/wp-json\/wp\/v2\/users\/1"}],"replies":[{"embeddable":true,"href":"https:\/\/sare.eus\/es\/wp-json\/wp\/v2\/comments?post=1346"}],"version-history":[{"count":1,"href":"https:\/\/sare.eus\/es\/wp-json\/wp\/v2\/posts\/1346\/revisions"}],"predecessor-version":[{"id":1347,"href":"https:\/\/sare.eus\/es\/wp-json\/wp\/v2\/posts\/1346\/revisions\/1347"}],"wp:featuredmedia":[{"embeddable":true,"href":"https:\/\/sare.eus\/es\/wp-json\/wp\/v2\/media\/494"}],"wp:attachment":[{"href":"https:\/\/sare.eus\/es\/wp-json\/wp\/v2\/media?parent=1346"}],"wp:term":[{"taxonomy":"category","embeddable":true,"href":"https:\/\/sare.eus\/es\/wp-json\/wp\/v2\/categories?post=1346"},{"taxonomy":"post_tag","embeddable":true,"href":"https:\/\/sare.eus\/es\/wp-json\/wp\/v2\/tags?post=1346"}],"curies":[{"name":"wp","href":"https:\/\/api.w.org\/{rel}","templated":true}]}}