{"id":1343,"date":"2021-05-21T15:35:44","date_gmt":"2021-05-21T15:35:44","guid":{"rendered":"http:\/\/650tontor.sare.eus\/?p=1343"},"modified":"2021-10-20T15:48:32","modified_gmt":"2021-10-20T15:48:32","slug":"miles-de-personas-han-ascendido-en-euskal-herria-las-650-cumbres","status":"publish","type":"post","link":"https:\/\/sare.eus\/es\/miles-de-personas-han-ascendido-en-euskal-herria-las-650-cumbres\/","title":{"rendered":"Miles de personas han ascendido en Euskal Herria las 650 cumbres"},"content":{"rendered":"<p>El camino es la met\u00e1fora de la vida\u2026, y la cima, la del objetivo\u2026 Cuantos magn\u00edficos poemas se&nbsp; han escrito partiendo de esas dos palabras. En boca de Machado, \u00abcaminante no hay camino, se hace camino al andar\u00bb, o en los escritos de Mario Benedetti, \u00abno te quedes inm\u00f3vil al borde del<br>camino\u00bb. De hecho, el camino es la aventura de la vida.<\/p>\n<p>Quienes amamos el monte con pasi\u00f3n vivimos en los caminos nuestros mejores momentos. Ah\u00ed se ubican nuestros mayores sue\u00f1os e ilusiones, y tambi\u00e9n nuestros peores malos momentos. Hay infinidad de caminos para ir a infinidad de montes. Y, hoy, en todo Euskal Herria, miles de personas hemos recorrido el camino para llegar a 650 cimas.<\/p>\n<p>El camino de la resoluci\u00f3n. El camino de vuelta a casa de las personas presas y refugiadas. El camino de la convivencia y de la paz. Ese es el camino que paso a paso hemos recorrido quienes nos hemos reunido aqu\u00ed. Porque, tal y como hemos demostrado bien claro estos \u00faltimos a\u00f1os, nosotras y nosotros queremos que se resuelva definitivamente la situaci\u00f3n de las personas presas y refugiadas. En primer lugar, porque es totalmente injusta la pol\u00edtica penitenciaria que<br>sigue vigente hoy en d\u00eda.<\/p>\n\n\n<figure class=\"wp-block-embed is-type-video is-provider-youtube wp-block-embed-youtube wp-embed-aspect-16-9 wp-has-aspect-ratio\"><div class=\"wp-block-embed__wrapper\">\n<iframe loading=\"lazy\" title=\"Maiatzak 8 \u00b7 Euskal Herriko mendi tontorren igoera #650Tontor #IzanBidea\" width=\"1080\" height=\"608\" src=\"https:\/\/www.youtube.com\/embed\/gQFGYaUPl3Y?feature=oembed\" frameborder=\"0\" allow=\"accelerometer; autoplay; clipboard-write; encrypted-media; gyroscope; picture-in-picture\" allowfullscreen><\/iframe>\n<\/div><\/figure>\n\n\n<p>Si a las presas y a los presos vascos se les aplicara la legislaci\u00f3n ordinaria, quienes tienen enfermedades graves y quienes han cumplido 3\/4 de la condena deber\u00edan estar en casa, y, gracias a la progresi\u00f3n natural de grado, la mayor\u00eda estar\u00edan en tercer grado, con permisos, dentro del proceso de reintegraci\u00f3n a la sociedad que les corresponde.<\/p>\n<p>Para poner fin a esa injusticia caminamos, cuesta arriba y cuesta abajo. Y en ese camino, ya han empezado los primeros pasos. Ha empezado el acercamiento de las presas y de los presos vascos; aunque todav\u00eda no se hayan dado movimientos firmes para poner fin a la pol\u00edtica de alejamiento, gota a gota, paso a paso, se est\u00e1n acortando las distancias. Tambi\u00e9n se han abierto nuevas puertas en la progresi\u00f3n de grado, aunque se est\u00e9n abriendo muy despacio. Tenemos claro que estos cambios no son suficientes, pero debemos aprovecharlos para abrir nuevos caminos. Ahora es m\u00e1s importante que nunca sacar a la calle el deseo de avanzar en un proceso hacia la resoluci\u00f3n y hacia la vuelta a casa de las personas presas, ese deseo de una gran mayor\u00eda. Porque sin ese impulso no se recorrer\u00e1 el camino de vuelta a casa. As\u00ed pues, debemos seguir caminando, porque as\u00ed podemos evitar el sufrimiento de familiares y amistades. Y solamente supone que se respete la ley.<\/p>\n<p>Quienes nos hemos reunido hoy aqu\u00ed queremos formar parte del camino que nos lleve a la convivencia y a la paz. Y sabemos bastante de caminos, porque nos ha tocado muchas veces iniciar caminos nuevos en parajes nunca recorridos. Sabemos que el camino que lleva a la paz y a la convivencia debe abrirse en dura roca, con paciencia y decisi\u00f3n. Pero se puede abrir. Claro que s\u00ed.<\/p>\n<p>Evidentemente, cuantas m\u00e1s manos tengamos para abrir ese camino, m\u00e1s f\u00e1cil y r\u00e1pido llegaremos a la cima. Por eso, una vez m\u00e1s, queremos hacer un llamamiento a toda la ciudadan\u00eda para que participe en este gran trabajo en com\u00fan. Hoy nos hemos juntado en el monte. Ma\u00f1ana, en el pueblo. Los pr\u00f3ximos meses, en las innumerables iniciativas que se convoquen dentro de la din\u00e1mica Izan Bidea. \u00a1Sigamos haciendo camino, hasta la cima<\/p>\n<p><strong>[FOTOS #650tontor]<\/strong><\/p>\n<p>ARABA:&nbsp;<a href=\"https:\/\/photos.app.goo.gl\/jSYCthKLG286ZWFT8\" target=\"_blank\" rel=\"noopener noreferrer\">https:\/\/photos.app.goo.gl\/jSYCthKLG286ZWFT8&nbsp;<\/a><\/p>\n<p>BIZKAIA:&nbsp;<a href=\"https:\/\/photos.app.goo.gl\/uy1pampHgsVjvyXE8\" target=\"_blank\" rel=\"noopener noreferrer\">https:\/\/photos.app.goo.gl\/uy1pampHgsVjvyXE8<\/a><\/p>\n<p>GIPUZKOA:&nbsp;<a href=\"https:\/\/photos.app.goo.gl\/MxcStwbBLsmjpZmo6\" target=\"_blank\" rel=\"noopener noreferrer\">https:\/\/photos.app.goo.gl\/MxcStwbBLsmjpZmo6<\/a><\/p>\n<p>NAFARROA:&nbsp;<a href=\"https:\/\/photos.app.goo.gl\/LeAcnwGPNyPXnrBKA\" target=\"_blank\" rel=\"noopener noreferrer\">https:\/\/photos.app.goo.gl\/LeAcnwGPNyPXnrBKA<\/a><\/p>","protected":false},"excerpt":{"rendered":"<p>El camino es la met\u00e1fora de la vida\u2026, y la cima, la del objetivo\u2026 Cuantos magn\u00edficos poemas se&nbsp; han escrito partiendo de esas dos palabras. En boca de Machado, \u00abcaminante [&hellip;]<\/p>\n","protected":false},"author":1,"featured_media":500,"comment_status":"open","ping_status":"open","sticky":false,"template":"","format":"standard","meta":{"_acf_changed":false,"_et_pb_use_builder":"off","_et_pb_old_content":"","_et_gb_content_width":"","footnotes":""},"categories":[60],"tags":[],"class_list":["post-1343","post","type-post","status-publish","format-standard","has-post-thumbnail","hentry","category-etxera-es","et-has-post-format-content","et_post_format-et-post-format-standard"],"acf":[],"yoast_head":"<!-- This site is optimized with the Yoast SEO plugin v26.4 - https:\/\/yoast.com\/wordpress\/plugins\/seo\/ -->\n<title>Miles de personas han ascendido en Euskal Herria las 650 cumbres - Sare Herritarra<\/title>\n<meta name=\"robots\" content=\"index, follow, max-snippet:-1, max-image-preview:large, max-video-preview:-1\" \/>\n<link rel=\"canonical\" href=\"https:\/\/sare.eus\/es\/miles-de-personas-han-ascendido-en-euskal-herria-las-650-cumbres\/\" \/>\n<meta property=\"og:locale\" content=\"es_ES\" \/>\n<meta property=\"og:type\" content=\"article\" \/>\n<meta property=\"og:title\" content=\"Miles de personas han ascendido en Euskal Herria las 650 cumbres - Sare Herritarra\" \/>\n<meta property=\"og:description\" content=\"El camino es la met\u00e1fora de la vida\u2026, y la cima, la del objetivo\u2026 Cuantos magn\u00edficos poemas se&nbsp; han escrito partiendo de esas dos palabras. En boca de Machado, \u00abcaminante [&hellip;]\" \/>\n<meta property=\"og:url\" content=\"https:\/\/sare.eus\/es\/miles-de-personas-han-ascendido-en-euskal-herria-las-650-cumbres\/\" \/>\n<meta property=\"og:site_name\" content=\"Sare Herritarra\" \/>\n<meta property=\"article:published_time\" content=\"2021-05-21T15:35:44+00:00\" \/>\n<meta property=\"article:modified_time\" content=\"2021-10-20T15:48:32+00:00\" \/>\n<meta property=\"og:image\" content=\"https:\/\/sare.eus\/wp-content\/uploads\/2021\/10\/E04BQLXWEAIXTAG.jpg\" \/>\n\t<meta property=\"og:image:width\" content=\"900\" \/>\n\t<meta property=\"og:image:height\" content=\"508\" \/>\n\t<meta property=\"og:image:type\" content=\"image\/jpeg\" \/>\n<meta name=\"author\" content=\"admin\" \/>\n<meta name=\"twitter:card\" content=\"summary_large_image\" \/>\n<meta name=\"twitter:label1\" content=\"Escrito por\" \/>\n\t<meta name=\"twitter:data1\" content=\"admin\" \/>\n\t<meta name=\"twitter:label2\" content=\"Tiempo de lectura\" \/>\n\t<meta name=\"twitter:data2\" content=\"3 minutos\" \/>\n<script type=\"application\/ld+json\" class=\"yoast-schema-graph\">{\"@context\":\"https:\/\/schema.org\",\"@graph\":[{\"@type\":\"Article\",\"@id\":\"https:\/\/sare.eus\/es\/miles-de-personas-han-ascendido-en-euskal-herria-las-650-cumbres\/#article\",\"isPartOf\":{\"@id\":\"https:\/\/sare.eus\/es\/miles-de-personas-han-ascendido-en-euskal-herria-las-650-cumbres\/\"},\"author\":{\"name\":\"admin\",\"@id\":\"https:\/\/sare.eus\/#\/schema\/person\/5a711e7396face0569eb43391127616d\"},\"headline\":\"Miles de personas han ascendido en Euskal Herria las 650 cumbres\",\"datePublished\":\"2021-05-21T15:35:44+00:00\",\"dateModified\":\"2021-10-20T15:48:32+00:00\",\"mainEntityOfPage\":{\"@id\":\"https:\/\/sare.eus\/es\/miles-de-personas-han-ascendido-en-euskal-herria-las-650-cumbres\/\"},\"wordCount\":651,\"commentCount\":0,\"publisher\":{\"@id\":\"https:\/\/sare.eus\/#organization\"},\"image\":{\"@id\":\"https:\/\/sare.eus\/es\/miles-de-personas-han-ascendido-en-euskal-herria-las-650-cumbres\/#primaryimage\"},\"thumbnailUrl\":\"https:\/\/sare.eus\/wp-content\/uploads\/2021\/10\/E04BQLXWEAIXTAG.jpg\",\"articleSection\":[\"Etxera\"],\"inLanguage\":\"es\",\"potentialAction\":[{\"@type\":\"CommentAction\",\"name\":\"Comment\",\"target\":[\"https:\/\/sare.eus\/es\/miles-de-personas-han-ascendido-en-euskal-herria-las-650-cumbres\/#respond\"]}]},{\"@type\":\"WebPage\",\"@id\":\"https:\/\/sare.eus\/es\/miles-de-personas-han-ascendido-en-euskal-herria-las-650-cumbres\/\",\"url\":\"https:\/\/sare.eus\/es\/miles-de-personas-han-ascendido-en-euskal-herria-las-650-cumbres\/\",\"name\":\"Miles de personas han ascendido en Euskal Herria las 650 cumbres - Sare Herritarra\",\"isPartOf\":{\"@id\":\"https:\/\/sare.eus\/#website\"},\"primaryImageOfPage\":{\"@id\":\"https:\/\/sare.eus\/es\/miles-de-personas-han-ascendido-en-euskal-herria-las-650-cumbres\/#primaryimage\"},\"image\":{\"@id\":\"https:\/\/sare.eus\/es\/miles-de-personas-han-ascendido-en-euskal-herria-las-650-cumbres\/#primaryimage\"},\"thumbnailUrl\":\"https:\/\/sare.eus\/wp-content\/uploads\/2021\/10\/E04BQLXWEAIXTAG.jpg\",\"datePublished\":\"2021-05-21T15:35:44+00:00\",\"dateModified\":\"2021-10-20T15:48:32+00:00\",\"breadcrumb\":{\"@id\":\"https:\/\/sare.eus\/es\/miles-de-personas-han-ascendido-en-euskal-herria-las-650-cumbres\/#breadcrumb\"},\"inLanguage\":\"es\",\"potentialAction\":[{\"@type\":\"ReadAction\",\"target\":[\"https:\/\/sare.eus\/es\/miles-de-personas-han-ascendido-en-euskal-herria-las-650-cumbres\/\"]}]},{\"@type\":\"ImageObject\",\"inLanguage\":\"es\",\"@id\":\"https:\/\/sare.eus\/es\/miles-de-personas-han-ascendido-en-euskal-herria-las-650-cumbres\/#primaryimage\",\"url\":\"https:\/\/sare.eus\/wp-content\/uploads\/2021\/10\/E04BQLXWEAIXTAG.jpg\",\"contentUrl\":\"https:\/\/sare.eus\/wp-content\/uploads\/2021\/10\/E04BQLXWEAIXTAG.jpg\",\"width\":900,\"height\":508},{\"@type\":\"BreadcrumbList\",\"@id\":\"https:\/\/sare.eus\/es\/miles-de-personas-han-ascendido-en-euskal-herria-las-650-cumbres\/#breadcrumb\",\"itemListElement\":[{\"@type\":\"ListItem\",\"position\":1,\"name\":\"Home\",\"item\":\"https:\/\/sare.eus\/\"},{\"@type\":\"ListItem\",\"position\":2,\"name\":\"Miles de personas han ascendido en Euskal Herria las 650 cumbres\"}]},{\"@type\":\"WebSite\",\"@id\":\"https:\/\/sare.eus\/#website\",\"url\":\"https:\/\/sare.eus\/\",\"name\":\"Sare Herritarra\",\"description\":\"KONPONBIDEAREN ETA GIZA ESKUBIDEEN ALDEKO SARE HERRITARRA\",\"publisher\":{\"@id\":\"https:\/\/sare.eus\/#organization\"},\"potentialAction\":[{\"@type\":\"SearchAction\",\"target\":{\"@type\":\"EntryPoint\",\"urlTemplate\":\"https:\/\/sare.eus\/?s={search_term_string}\"},\"query-input\":{\"@type\":\"PropertyValueSpecification\",\"valueRequired\":true,\"valueName\":\"search_term_string\"}}],\"inLanguage\":\"es\"},{\"@type\":\"Organization\",\"@id\":\"https:\/\/sare.eus\/#organization\",\"name\":\"Sare Herritarra\",\"url\":\"https:\/\/sare.eus\/\",\"logo\":{\"@type\":\"ImageObject\",\"inLanguage\":\"es\",\"@id\":\"https:\/\/sare.eus\/#\/schema\/logo\/image\/\",\"url\":\"https:\/\/sare.eus\/wp-content\/uploads\/2021\/08\/sare.png\",\"contentUrl\":\"https:\/\/sare.eus\/wp-content\/uploads\/2021\/08\/sare.png\",\"width\":120,\"height\":142,\"caption\":\"Sare Herritarra\"},\"image\":{\"@id\":\"https:\/\/sare.eus\/#\/schema\/logo\/image\/\"}},{\"@type\":\"Person\",\"@id\":\"https:\/\/sare.eus\/#\/schema\/person\/5a711e7396face0569eb43391127616d\",\"name\":\"admin\",\"image\":{\"@type\":\"ImageObject\",\"inLanguage\":\"es\",\"@id\":\"https:\/\/sare.eus\/#\/schema\/person\/image\/\",\"url\":\"https:\/\/secure.gravatar.com\/avatar\/d22a8cc353ba20fa3181b73b7b53a33b5b98923d9a2f9945443604d7359581c4?s=96&d=mm&r=g\",\"contentUrl\":\"https:\/\/secure.gravatar.com\/avatar\/d22a8cc353ba20fa3181b73b7b53a33b5b98923d9a2f9945443604d7359581c4?s=96&d=mm&r=g\",\"caption\":\"admin\"},\"url\":\"https:\/\/sare.eus\/es\/author\/prueba3371_a2783y7n\/\"}]}<\/script>\n<!-- \/ Yoast SEO plugin. -->","yoast_head_json":{"title":"Miles de personas han ascendido en Euskal Herria las 650 cumbres - Sare Herritarra","robots":{"index":"index","follow":"follow","max-snippet":"max-snippet:-1","max-image-preview":"max-image-preview:large","max-video-preview":"max-video-preview:-1"},"canonical":"https:\/\/sare.eus\/es\/miles-de-personas-han-ascendido-en-euskal-herria-las-650-cumbres\/","og_locale":"es_ES","og_type":"article","og_title":"Miles de personas han ascendido en Euskal Herria las 650 cumbres - Sare Herritarra","og_description":"El camino es la met\u00e1fora de la vida\u2026, y la cima, la del objetivo\u2026 Cuantos magn\u00edficos poemas se&nbsp; han escrito partiendo de esas dos palabras. En boca de Machado, \u00abcaminante [&hellip;]","og_url":"https:\/\/sare.eus\/es\/miles-de-personas-han-ascendido-en-euskal-herria-las-650-cumbres\/","og_site_name":"Sare Herritarra","article_published_time":"2021-05-21T15:35:44+00:00","article_modified_time":"2021-10-20T15:48:32+00:00","og_image":[{"width":900,"height":508,"url":"https:\/\/sare.eus\/wp-content\/uploads\/2021\/10\/E04BQLXWEAIXTAG.jpg","type":"image\/jpeg"}],"author":"admin","twitter_card":"summary_large_image","twitter_misc":{"Escrito por":"admin","Tiempo de lectura":"3 minutos"},"schema":{"@context":"https:\/\/schema.org","@graph":[{"@type":"Article","@id":"https:\/\/sare.eus\/es\/miles-de-personas-han-ascendido-en-euskal-herria-las-650-cumbres\/#article","isPartOf":{"@id":"https:\/\/sare.eus\/es\/miles-de-personas-han-ascendido-en-euskal-herria-las-650-cumbres\/"},"author":{"name":"admin","@id":"https:\/\/sare.eus\/#\/schema\/person\/5a711e7396face0569eb43391127616d"},"headline":"Miles de personas han ascendido en Euskal Herria las 650 cumbres","datePublished":"2021-05-21T15:35:44+00:00","dateModified":"2021-10-20T15:48:32+00:00","mainEntityOfPage":{"@id":"https:\/\/sare.eus\/es\/miles-de-personas-han-ascendido-en-euskal-herria-las-650-cumbres\/"},"wordCount":651,"commentCount":0,"publisher":{"@id":"https:\/\/sare.eus\/#organization"},"image":{"@id":"https:\/\/sare.eus\/es\/miles-de-personas-han-ascendido-en-euskal-herria-las-650-cumbres\/#primaryimage"},"thumbnailUrl":"https:\/\/sare.eus\/wp-content\/uploads\/2021\/10\/E04BQLXWEAIXTAG.jpg","articleSection":["Etxera"],"inLanguage":"es","potentialAction":[{"@type":"CommentAction","name":"Comment","target":["https:\/\/sare.eus\/es\/miles-de-personas-han-ascendido-en-euskal-herria-las-650-cumbres\/#respond"]}]},{"@type":"WebPage","@id":"https:\/\/sare.eus\/es\/miles-de-personas-han-ascendido-en-euskal-herria-las-650-cumbres\/","url":"https:\/\/sare.eus\/es\/miles-de-personas-han-ascendido-en-euskal-herria-las-650-cumbres\/","name":"Miles de personas han ascendido en Euskal Herria las 650 cumbres - Sare Herritarra","isPartOf":{"@id":"https:\/\/sare.eus\/#website"},"primaryImageOfPage":{"@id":"https:\/\/sare.eus\/es\/miles-de-personas-han-ascendido-en-euskal-herria-las-650-cumbres\/#primaryimage"},"image":{"@id":"https:\/\/sare.eus\/es\/miles-de-personas-han-ascendido-en-euskal-herria-las-650-cumbres\/#primaryimage"},"thumbnailUrl":"https:\/\/sare.eus\/wp-content\/uploads\/2021\/10\/E04BQLXWEAIXTAG.jpg","datePublished":"2021-05-21T15:35:44+00:00","dateModified":"2021-10-20T15:48:32+00:00","breadcrumb":{"@id":"https:\/\/sare.eus\/es\/miles-de-personas-han-ascendido-en-euskal-herria-las-650-cumbres\/#breadcrumb"},"inLanguage":"es","potentialAction":[{"@type":"ReadAction","target":["https:\/\/sare.eus\/es\/miles-de-personas-han-ascendido-en-euskal-herria-las-650-cumbres\/"]}]},{"@type":"ImageObject","inLanguage":"es","@id":"https:\/\/sare.eus\/es\/miles-de-personas-han-ascendido-en-euskal-herria-las-650-cumbres\/#primaryimage","url":"https:\/\/sare.eus\/wp-content\/uploads\/2021\/10\/E04BQLXWEAIXTAG.jpg","contentUrl":"https:\/\/sare.eus\/wp-content\/uploads\/2021\/10\/E04BQLXWEAIXTAG.jpg","width":900,"height":508},{"@type":"BreadcrumbList","@id":"https:\/\/sare.eus\/es\/miles-de-personas-han-ascendido-en-euskal-herria-las-650-cumbres\/#breadcrumb","itemListElement":[{"@type":"ListItem","position":1,"name":"Home","item":"https:\/\/sare.eus\/"},{"@type":"ListItem","position":2,"name":"Miles de personas han ascendido en Euskal Herria las 650 cumbres"}]},{"@type":"WebSite","@id":"https:\/\/sare.eus\/#website","url":"https:\/\/sare.eus\/","name":"Sare Herritarra","description":"KONPONBIDEAREN ETA GIZA ESKUBIDEEN ALDEKO SARE HERRITARRA","publisher":{"@id":"https:\/\/sare.eus\/#organization"},"potentialAction":[{"@type":"SearchAction","target":{"@type":"EntryPoint","urlTemplate":"https:\/\/sare.eus\/?s={search_term_string}"},"query-input":{"@type":"PropertyValueSpecification","valueRequired":true,"valueName":"search_term_string"}}],"inLanguage":"es"},{"@type":"Organization","@id":"https:\/\/sare.eus\/#organization","name":"Sare Herritarra","url":"https:\/\/sare.eus\/","logo":{"@type":"ImageObject","inLanguage":"es","@id":"https:\/\/sare.eus\/#\/schema\/logo\/image\/","url":"https:\/\/sare.eus\/wp-content\/uploads\/2021\/08\/sare.png","contentUrl":"https:\/\/sare.eus\/wp-content\/uploads\/2021\/08\/sare.png","width":120,"height":142,"caption":"Sare Herritarra"},"image":{"@id":"https:\/\/sare.eus\/#\/schema\/logo\/image\/"}},{"@type":"Person","@id":"https:\/\/sare.eus\/#\/schema\/person\/5a711e7396face0569eb43391127616d","name":"admin","image":{"@type":"ImageObject","inLanguage":"es","@id":"https:\/\/sare.eus\/#\/schema\/person\/image\/","url":"https:\/\/secure.gravatar.com\/avatar\/d22a8cc353ba20fa3181b73b7b53a33b5b98923d9a2f9945443604d7359581c4?s=96&d=mm&r=g","contentUrl":"https:\/\/secure.gravatar.com\/avatar\/d22a8cc353ba20fa3181b73b7b53a33b5b98923d9a2f9945443604d7359581c4?s=96&d=mm&r=g","caption":"admin"},"url":"https:\/\/sare.eus\/es\/author\/prueba3371_a2783y7n\/"}]}},"_links":{"self":[{"href":"https:\/\/sare.eus\/es\/wp-json\/wp\/v2\/posts\/1343","targetHints":{"allow":["GET"]}}],"collection":[{"href":"https:\/\/sare.eus\/es\/wp-json\/wp\/v2\/posts"}],"about":[{"href":"https:\/\/sare.eus\/es\/wp-json\/wp\/v2\/types\/post"}],"author":[{"embeddable":true,"href":"https:\/\/sare.eus\/es\/wp-json\/wp\/v2\/users\/1"}],"replies":[{"embeddable":true,"href":"https:\/\/sare.eus\/es\/wp-json\/wp\/v2\/comments?post=1343"}],"version-history":[{"count":2,"href":"https:\/\/sare.eus\/es\/wp-json\/wp\/v2\/posts\/1343\/revisions"}],"predecessor-version":[{"id":1345,"href":"https:\/\/sare.eus\/es\/wp-json\/wp\/v2\/posts\/1343\/revisions\/1345"}],"wp:featuredmedia":[{"embeddable":true,"href":"https:\/\/sare.eus\/es\/wp-json\/wp\/v2\/media\/500"}],"wp:attachment":[{"href":"https:\/\/sare.eus\/es\/wp-json\/wp\/v2\/media?parent=1343"}],"wp:term":[{"taxonomy":"category","embeddable":true,"href":"https:\/\/sare.eus\/es\/wp-json\/wp\/v2\/categories?post=1343"},{"taxonomy":"post_tag","embeddable":true,"href":"https:\/\/sare.eus\/es\/wp-json\/wp\/v2\/tags?post=1343"}],"curies":[{"name":"wp","href":"https:\/\/api.w.org\/{rel}","templated":true}]}}