{"id":1341,"date":"2021-05-23T15:32:13","date_gmt":"2021-05-23T15:32:13","guid":{"rendered":"http:\/\/650tontor.sare.eus\/?p=1341"},"modified":"2021-10-20T15:48:47","modified_gmt":"2021-10-20T15:48:47","slug":"sare-inicia-la-campana-de-verano-ibilian-ibilian-etxerako-bidean","status":"publish","type":"post","link":"https:\/\/sare.eus\/es\/sare-inicia-la-campana-de-verano-ibilian-ibilian-etxerako-bidean\/","title":{"rendered":"Sare inicia la campa\u00f1a de verano \u00abIbilian-Ibilian etxerako bidean\u00bb"},"content":{"rendered":"<p>Hoy, en este lugar tan emblem\u00e1tico, nos presentamos ante vosotras y vosotros, despu\u00e9s de la \u00faltima iniciativa que desarrollamos el pasado s\u00e1bado, 8 de mayo, donde m\u00e1s de 15.ooo personas, ascendimos a los 650 montes m\u00e1s emblem\u00e1ticos de Euskal Herria.<\/p>\n<p>Esto nos ha reforzado como Red Ciudadana, porque ha sido la demostraci\u00f3n de una sociedad que no quiere permanecer quieta ni en silencio, mientras los derechos de los presos y presas, son vulnerados.<\/p>\n<p><img loading=\"lazy\" decoding=\"async\" class=\"size-medium wp-image-503 alignleft\" src=\"https:\/\/sare.eus\/wp-content\/uploads\/2021\/10\/IBILIAN-IBILIAN-ETXERAKO-BIDEAN-01-1024x724-1-300x212.jpg\" alt=\"\" width=\"300\" height=\"212\" srcset=\"https:\/\/sare.eus\/wp-content\/uploads\/2021\/10\/IBILIAN-IBILIAN-ETXERAKO-BIDEAN-01-1024x724-1-300x212.jpg 300w, https:\/\/sare.eus\/wp-content\/uploads\/2021\/10\/IBILIAN-IBILIAN-ETXERAKO-BIDEAN-01-1024x724-1-768x543.jpg 768w, https:\/\/sare.eus\/wp-content\/uploads\/2021\/10\/IBILIAN-IBILIAN-ETXERAKO-BIDEAN-01-1024x724-1-400x284.jpg 400w, https:\/\/sare.eus\/wp-content\/uploads\/2021\/10\/IBILIAN-IBILIAN-ETXERAKO-BIDEAN-01-1024x724-1.jpg 900w\" sizes=\"(max-width: 300px) 100vw, 300px\" \/>A pesar de esta pandemia, que ha golpeado con dureza a esta sociedad y que, tambi\u00e9n, ha impedido algunas de nuestras iniciativas, hemos de decir que estamos contentos y con m\u00e1s fuerza si cabe, para seguir dando pasos en favor de objetivos de paz, convivencia y resoluci\u00f3n.<\/p>\n<p>Hoy, con este acto, damos inicio a una nueva fase. Ha transcurrido un a\u00f1o, desde que en Mayo pasado, pusimos en marcha la iniciativa IZAN BIDEA\/RED DE CAMINANTES.<\/p>\n<p>Desde entonces, hemos desarrollado cientos de iniciativas, en ciudades, pueblos y barrios de nuestro Pa\u00eds.<br \/>\nEn ocasiones, estas iniciativas, las hemos tenido que desarrollar dentro de nuestros hogares, porque la actual situaci\u00f3n de pandemia, as\u00ed nos lo aconsejaban.<\/p>\n<p>Pero en todas estas iniciativas, hemos recibido el apoyo, la solidaridad y el compromiso de miles y miles de ciudadanos, vascos y no vascos. Manifestaciones, cadenas humanas y otras actividades desarrolladas durante todos estos meses, en ciudades y pueblos.<\/p>\n<p>En octubre, por ejemplo, con el mensaje RESOLUTION, conformamos un gran mosaico de 600 personas en la playa de la Concha. No queremos dejar de mencionar, como en este acto, estuvimos acompa\u00f1ados, de la mayor\u00eda pol\u00edtica, sindical y social vasca, demostrando, que solo desde el trabajo conjunto, respetando los espacios de cada uno, es posible avanzar y conseguir los objetivos.<\/p>\n<p>Lo mismo que ocurri\u00f3 en Enero en Bilbo. No pudimos celebrar la masiva manifestaci\u00f3n de otros a\u00f1os. Nos amoldamos a un formato m\u00e1s reducido, en cada uno de los pueblos de Euskal Herria, bajo una reivindicaci\u00f3n \u00fanica: Hagamos camino entre todos y todas, para de esta forma iniciar el camino de regreso a casa de todos los presos, presas y exiliados. Y tambi\u00e9n aqu\u00ed, estuvimos acompa\u00f1ados, por la m\u00e1s amplia representaci\u00f3n pol\u00edtica, sindical y social, que nunca hab\u00edamos tenido. Por ello, gracias a todos y todas ellas.<\/p>\n<p>Y hoy, acompa\u00f1ados de una parte de los hombres y mujeres, que conformamos esta Red Ciudadana SARE, nos toca presentar la campa\u00f1a que desarrollaremos este verano. De hoy al mes de Octubre.<\/p>\n<p>Posiblemente, hoy m\u00e1s que nunca, estamos ante un momento importante. Un momento que tenemos que saber aprovechar. Que no podemos dejar escapar, si queremos cambiar esta pol\u00edtica penitenciaria de excepci\u00f3n, por criterios de humanidad, respeto a los DDHH de presos y presas y convivencia.<\/p>\n<p>Y para poder avanzar, resulta imprescindible la participaci\u00f3n de la sociedad vasca. Y si hoy, podemos hablar de un momento de esperanza, es gracias al impulso de la sociedad vasca. Por eso, para continuar avanzando, para seguir haciendo camino, volvemos a invitar a la sociedad vasca, en su conjunto. Al margen de ideolog\u00edas o adscripciones partidistas, a que recorramos este camino juntos y juntas.<\/p>\n<p>Para ello, ponemos en marcha, la iniciativa IBILIAN IBILIAN, ETXERAKO BIDEAN:<\/p>\n<p>Queremos continuar siendo un pueblo en movimiento, porque ello es imprescindible para alcanzar estos objetivos.<\/p>\n<p>Como dec\u00edamos antes, hoy, damos inicio a IBILIAN IBILIAN, ETXERAKO BIDEAN. (Paso a paso, el camino de regreso a casa)<\/p>\n<p>* Desde ahora, hasta el 21 de agosto, Gipuzkoa da inicio a una marat\u00f3n de iniciativas y movilizaciones por todas las comarcas. Cada dos semanas, cada comarca coger\u00e1 el testigo de la anterior. Esta marat\u00f3n de actividades finalizar\u00e1 el 21 de agosto con una marcha a Donostia y una movilizaci\u00f3n que sume a todas las comarcas gipuzkoanas.<\/p>\n<p>* Durante el mes de Julio, los d\u00edas 22, 23 y 24, al igual que otros a\u00f1os, hemos organizado una vuelta ciclista que recorrer\u00e1 los cuatro territorios de Hego Euskal Herria.<\/p>\n<p>* entre julio y agosto, en las cuatro capitales de Hego Euskal Herria, convocaremos manifestaciones, comenzando el 3 de julio en Iru\u00f1ea. (el 3 de agosto en Gasteiz, el 21 de agosto en Donostia y el 27 de agosto en Bilbo)<\/p>\n<p>* en setiembre, recogiendo el testigo de Gipuzkoa, ser\u00e1 el turno de realizar estas din\u00e1micas en Bizkaia, Araba y Nafarroa. Comenzar\u00e1n los vizca\u00ednos a finales de agosto, relev\u00e1ndolo nafarroa con una iniciativa itinerante que recorrer\u00e1 el territorio, de d\u00eda y de noche, sin descanso, entre el 29 de septiembre al 2 de octubre. Por \u00faltimo ser\u00e1 el turno de los arabarras, que realizar\u00e1n su recorrido la segunda semana de octubre.<\/p>\n<p>* Y el 23 de octubre, pondremos fin a la campa\u00f1a\u00a0<em>\u201cIbilian-ibilian, etxerako bidean\u201d<\/em>, en Donostia. Lo haremos con una movilizaci\u00f3n general. Una movilizaci\u00f3n para el conjunto de Euskal Herria:<\/p>\n<p><em>Como veis, vamos a continuar dando pasos. Haciendo camino al andar.<\/em><\/p>\n<p><em>Reiteramos, que la sociedad vasca, debe continuar siendo el motor impulsor de este cambio que necesitamos.<\/em><\/p>\n<p><em>Hagamos entre todos y todas, que el camino a casa de presos, presas y exiliados, sea una realidad.<\/em><\/p>\n","protected":false},"excerpt":{"rendered":"<p>Hoy, en este lugar tan emblem\u00e1tico, nos presentamos ante vosotras y vosotros, despu\u00e9s de la \u00faltima iniciativa que desarrollamos el pasado s\u00e1bado, 8 de mayo, donde m\u00e1s de 15.ooo personas, [&hellip;]<\/p>\n","protected":false},"author":1,"featured_media":506,"comment_status":"open","ping_status":"open","sticky":false,"template":"","format":"standard","meta":{"_acf_changed":false,"_et_pb_use_builder":"off","_et_pb_old_content":"","_et_gb_content_width":"","footnotes":""},"categories":[60],"tags":[],"class_list":["post-1341","post","type-post","status-publish","format-standard","has-post-thumbnail","hentry","category-etxera-es","et-has-post-format-content","et_post_format-et-post-format-standard"],"acf":[],"yoast_head":"<!-- This site is optimized with the Yoast SEO plugin v26.4 - https:\/\/yoast.com\/wordpress\/plugins\/seo\/ -->\n<title>Sare inicia la campa\u00f1a de verano \u00abIbilian-Ibilian etxerako bidean\u00bb - Sare Herritarra<\/title>\n<meta name=\"robots\" content=\"index, follow, max-snippet:-1, max-image-preview:large, max-video-preview:-1\" \/>\n<link rel=\"canonical\" href=\"https:\/\/sare.eus\/es\/sare-inicia-la-campana-de-verano-ibilian-ibilian-etxerako-bidean\/\" \/>\n<meta property=\"og:locale\" content=\"es_ES\" \/>\n<meta property=\"og:type\" content=\"article\" \/>\n<meta property=\"og:title\" content=\"Sare inicia la campa\u00f1a de verano \u00abIbilian-Ibilian etxerako bidean\u00bb - Sare Herritarra\" \/>\n<meta property=\"og:description\" content=\"Hoy, en este lugar tan emblem\u00e1tico, nos presentamos ante vosotras y vosotros, despu\u00e9s de la \u00faltima iniciativa que desarrollamos el pasado s\u00e1bado, 8 de mayo, donde m\u00e1s de 15.ooo personas, [&hellip;]\" \/>\n<meta property=\"og:url\" content=\"https:\/\/sare.eus\/es\/sare-inicia-la-campana-de-verano-ibilian-ibilian-etxerako-bidean\/\" \/>\n<meta property=\"og:site_name\" content=\"Sare Herritarra\" \/>\n<meta property=\"article:published_time\" content=\"2021-05-23T15:32:13+00:00\" \/>\n<meta property=\"article:modified_time\" content=\"2021-10-20T15:48:47+00:00\" \/>\n<meta property=\"og:image\" content=\"https:\/\/sare.eus\/wp-content\/uploads\/2021\/10\/WhatsApp-Image-2021-05-23-at-10.59.19.jpeg\" \/>\n\t<meta property=\"og:image:width\" content=\"895\" \/>\n\t<meta property=\"og:image:height\" content=\"516\" \/>\n\t<meta property=\"og:image:type\" content=\"image\/jpeg\" \/>\n<meta name=\"author\" content=\"admin\" \/>\n<meta name=\"twitter:card\" content=\"summary_large_image\" \/>\n<meta name=\"twitter:label1\" content=\"Escrito por\" \/>\n\t<meta name=\"twitter:data1\" content=\"admin\" \/>\n\t<meta name=\"twitter:label2\" content=\"Tiempo de lectura\" \/>\n\t<meta name=\"twitter:data2\" content=\"4 minutos\" \/>\n<script type=\"application\/ld+json\" class=\"yoast-schema-graph\">{\"@context\":\"https:\/\/schema.org\",\"@graph\":[{\"@type\":\"Article\",\"@id\":\"https:\/\/sare.eus\/es\/sare-inicia-la-campana-de-verano-ibilian-ibilian-etxerako-bidean\/#article\",\"isPartOf\":{\"@id\":\"https:\/\/sare.eus\/es\/sare-inicia-la-campana-de-verano-ibilian-ibilian-etxerako-bidean\/\"},\"author\":{\"name\":\"admin\",\"@id\":\"https:\/\/sare.eus\/#\/schema\/person\/5a711e7396face0569eb43391127616d\"},\"headline\":\"Sare inicia la campa\u00f1a de verano \u00abIbilian-Ibilian etxerako bidean\u00bb\",\"datePublished\":\"2021-05-23T15:32:13+00:00\",\"dateModified\":\"2021-10-20T15:48:47+00:00\",\"mainEntityOfPage\":{\"@id\":\"https:\/\/sare.eus\/es\/sare-inicia-la-campana-de-verano-ibilian-ibilian-etxerako-bidean\/\"},\"wordCount\":872,\"commentCount\":0,\"publisher\":{\"@id\":\"https:\/\/sare.eus\/#organization\"},\"image\":{\"@id\":\"https:\/\/sare.eus\/es\/sare-inicia-la-campana-de-verano-ibilian-ibilian-etxerako-bidean\/#primaryimage\"},\"thumbnailUrl\":\"https:\/\/sare.eus\/wp-content\/uploads\/2021\/10\/WhatsApp-Image-2021-05-23-at-10.59.19.jpeg\",\"articleSection\":[\"Etxera\"],\"inLanguage\":\"es\",\"potentialAction\":[{\"@type\":\"CommentAction\",\"name\":\"Comment\",\"target\":[\"https:\/\/sare.eus\/es\/sare-inicia-la-campana-de-verano-ibilian-ibilian-etxerako-bidean\/#respond\"]}]},{\"@type\":\"WebPage\",\"@id\":\"https:\/\/sare.eus\/es\/sare-inicia-la-campana-de-verano-ibilian-ibilian-etxerako-bidean\/\",\"url\":\"https:\/\/sare.eus\/es\/sare-inicia-la-campana-de-verano-ibilian-ibilian-etxerako-bidean\/\",\"name\":\"Sare inicia la campa\u00f1a de verano \u00abIbilian-Ibilian etxerako bidean\u00bb - Sare Herritarra\",\"isPartOf\":{\"@id\":\"https:\/\/sare.eus\/#website\"},\"primaryImageOfPage\":{\"@id\":\"https:\/\/sare.eus\/es\/sare-inicia-la-campana-de-verano-ibilian-ibilian-etxerako-bidean\/#primaryimage\"},\"image\":{\"@id\":\"https:\/\/sare.eus\/es\/sare-inicia-la-campana-de-verano-ibilian-ibilian-etxerako-bidean\/#primaryimage\"},\"thumbnailUrl\":\"https:\/\/sare.eus\/wp-content\/uploads\/2021\/10\/WhatsApp-Image-2021-05-23-at-10.59.19.jpeg\",\"datePublished\":\"2021-05-23T15:32:13+00:00\",\"dateModified\":\"2021-10-20T15:48:47+00:00\",\"breadcrumb\":{\"@id\":\"https:\/\/sare.eus\/es\/sare-inicia-la-campana-de-verano-ibilian-ibilian-etxerako-bidean\/#breadcrumb\"},\"inLanguage\":\"es\",\"potentialAction\":[{\"@type\":\"ReadAction\",\"target\":[\"https:\/\/sare.eus\/es\/sare-inicia-la-campana-de-verano-ibilian-ibilian-etxerako-bidean\/\"]}]},{\"@type\":\"ImageObject\",\"inLanguage\":\"es\",\"@id\":\"https:\/\/sare.eus\/es\/sare-inicia-la-campana-de-verano-ibilian-ibilian-etxerako-bidean\/#primaryimage\",\"url\":\"https:\/\/sare.eus\/wp-content\/uploads\/2021\/10\/WhatsApp-Image-2021-05-23-at-10.59.19.jpeg\",\"contentUrl\":\"https:\/\/sare.eus\/wp-content\/uploads\/2021\/10\/WhatsApp-Image-2021-05-23-at-10.59.19.jpeg\",\"width\":895,\"height\":516},{\"@type\":\"BreadcrumbList\",\"@id\":\"https:\/\/sare.eus\/es\/sare-inicia-la-campana-de-verano-ibilian-ibilian-etxerako-bidean\/#breadcrumb\",\"itemListElement\":[{\"@type\":\"ListItem\",\"position\":1,\"name\":\"Home\",\"item\":\"https:\/\/sare.eus\/\"},{\"@type\":\"ListItem\",\"position\":2,\"name\":\"Sare inicia la campa\u00f1a de verano \u00abIbilian-Ibilian etxerako bidean\u00bb\"}]},{\"@type\":\"WebSite\",\"@id\":\"https:\/\/sare.eus\/#website\",\"url\":\"https:\/\/sare.eus\/\",\"name\":\"Sare Herritarra\",\"description\":\"KONPONBIDEAREN ETA GIZA ESKUBIDEEN ALDEKO SARE HERRITARRA\",\"publisher\":{\"@id\":\"https:\/\/sare.eus\/#organization\"},\"potentialAction\":[{\"@type\":\"SearchAction\",\"target\":{\"@type\":\"EntryPoint\",\"urlTemplate\":\"https:\/\/sare.eus\/?s={search_term_string}\"},\"query-input\":{\"@type\":\"PropertyValueSpecification\",\"valueRequired\":true,\"valueName\":\"search_term_string\"}}],\"inLanguage\":\"es\"},{\"@type\":\"Organization\",\"@id\":\"https:\/\/sare.eus\/#organization\",\"name\":\"Sare Herritarra\",\"url\":\"https:\/\/sare.eus\/\",\"logo\":{\"@type\":\"ImageObject\",\"inLanguage\":\"es\",\"@id\":\"https:\/\/sare.eus\/#\/schema\/logo\/image\/\",\"url\":\"https:\/\/sare.eus\/wp-content\/uploads\/2021\/08\/sare.png\",\"contentUrl\":\"https:\/\/sare.eus\/wp-content\/uploads\/2021\/08\/sare.png\",\"width\":120,\"height\":142,\"caption\":\"Sare Herritarra\"},\"image\":{\"@id\":\"https:\/\/sare.eus\/#\/schema\/logo\/image\/\"}},{\"@type\":\"Person\",\"@id\":\"https:\/\/sare.eus\/#\/schema\/person\/5a711e7396face0569eb43391127616d\",\"name\":\"admin\",\"image\":{\"@type\":\"ImageObject\",\"inLanguage\":\"es\",\"@id\":\"https:\/\/sare.eus\/#\/schema\/person\/image\/\",\"url\":\"https:\/\/secure.gravatar.com\/avatar\/d22a8cc353ba20fa3181b73b7b53a33b5b98923d9a2f9945443604d7359581c4?s=96&d=mm&r=g\",\"contentUrl\":\"https:\/\/secure.gravatar.com\/avatar\/d22a8cc353ba20fa3181b73b7b53a33b5b98923d9a2f9945443604d7359581c4?s=96&d=mm&r=g\",\"caption\":\"admin\"},\"url\":\"https:\/\/sare.eus\/es\/author\/prueba3371_a2783y7n\/\"}]}<\/script>\n<!-- \/ Yoast SEO plugin. -->","yoast_head_json":{"title":"Sare inicia la campa\u00f1a de verano \u00abIbilian-Ibilian etxerako bidean\u00bb - Sare Herritarra","robots":{"index":"index","follow":"follow","max-snippet":"max-snippet:-1","max-image-preview":"max-image-preview:large","max-video-preview":"max-video-preview:-1"},"canonical":"https:\/\/sare.eus\/es\/sare-inicia-la-campana-de-verano-ibilian-ibilian-etxerako-bidean\/","og_locale":"es_ES","og_type":"article","og_title":"Sare inicia la campa\u00f1a de verano \u00abIbilian-Ibilian etxerako bidean\u00bb - Sare Herritarra","og_description":"Hoy, en este lugar tan emblem\u00e1tico, nos presentamos ante vosotras y vosotros, despu\u00e9s de la \u00faltima iniciativa que desarrollamos el pasado s\u00e1bado, 8 de mayo, donde m\u00e1s de 15.ooo personas, [&hellip;]","og_url":"https:\/\/sare.eus\/es\/sare-inicia-la-campana-de-verano-ibilian-ibilian-etxerako-bidean\/","og_site_name":"Sare Herritarra","article_published_time":"2021-05-23T15:32:13+00:00","article_modified_time":"2021-10-20T15:48:47+00:00","og_image":[{"width":895,"height":516,"url":"https:\/\/sare.eus\/wp-content\/uploads\/2021\/10\/WhatsApp-Image-2021-05-23-at-10.59.19.jpeg","type":"image\/jpeg"}],"author":"admin","twitter_card":"summary_large_image","twitter_misc":{"Escrito por":"admin","Tiempo de lectura":"4 minutos"},"schema":{"@context":"https:\/\/schema.org","@graph":[{"@type":"Article","@id":"https:\/\/sare.eus\/es\/sare-inicia-la-campana-de-verano-ibilian-ibilian-etxerako-bidean\/#article","isPartOf":{"@id":"https:\/\/sare.eus\/es\/sare-inicia-la-campana-de-verano-ibilian-ibilian-etxerako-bidean\/"},"author":{"name":"admin","@id":"https:\/\/sare.eus\/#\/schema\/person\/5a711e7396face0569eb43391127616d"},"headline":"Sare inicia la campa\u00f1a de verano \u00abIbilian-Ibilian etxerako bidean\u00bb","datePublished":"2021-05-23T15:32:13+00:00","dateModified":"2021-10-20T15:48:47+00:00","mainEntityOfPage":{"@id":"https:\/\/sare.eus\/es\/sare-inicia-la-campana-de-verano-ibilian-ibilian-etxerako-bidean\/"},"wordCount":872,"commentCount":0,"publisher":{"@id":"https:\/\/sare.eus\/#organization"},"image":{"@id":"https:\/\/sare.eus\/es\/sare-inicia-la-campana-de-verano-ibilian-ibilian-etxerako-bidean\/#primaryimage"},"thumbnailUrl":"https:\/\/sare.eus\/wp-content\/uploads\/2021\/10\/WhatsApp-Image-2021-05-23-at-10.59.19.jpeg","articleSection":["Etxera"],"inLanguage":"es","potentialAction":[{"@type":"CommentAction","name":"Comment","target":["https:\/\/sare.eus\/es\/sare-inicia-la-campana-de-verano-ibilian-ibilian-etxerako-bidean\/#respond"]}]},{"@type":"WebPage","@id":"https:\/\/sare.eus\/es\/sare-inicia-la-campana-de-verano-ibilian-ibilian-etxerako-bidean\/","url":"https:\/\/sare.eus\/es\/sare-inicia-la-campana-de-verano-ibilian-ibilian-etxerako-bidean\/","name":"Sare inicia la campa\u00f1a de verano \u00abIbilian-Ibilian etxerako bidean\u00bb - Sare Herritarra","isPartOf":{"@id":"https:\/\/sare.eus\/#website"},"primaryImageOfPage":{"@id":"https:\/\/sare.eus\/es\/sare-inicia-la-campana-de-verano-ibilian-ibilian-etxerako-bidean\/#primaryimage"},"image":{"@id":"https:\/\/sare.eus\/es\/sare-inicia-la-campana-de-verano-ibilian-ibilian-etxerako-bidean\/#primaryimage"},"thumbnailUrl":"https:\/\/sare.eus\/wp-content\/uploads\/2021\/10\/WhatsApp-Image-2021-05-23-at-10.59.19.jpeg","datePublished":"2021-05-23T15:32:13+00:00","dateModified":"2021-10-20T15:48:47+00:00","breadcrumb":{"@id":"https:\/\/sare.eus\/es\/sare-inicia-la-campana-de-verano-ibilian-ibilian-etxerako-bidean\/#breadcrumb"},"inLanguage":"es","potentialAction":[{"@type":"ReadAction","target":["https:\/\/sare.eus\/es\/sare-inicia-la-campana-de-verano-ibilian-ibilian-etxerako-bidean\/"]}]},{"@type":"ImageObject","inLanguage":"es","@id":"https:\/\/sare.eus\/es\/sare-inicia-la-campana-de-verano-ibilian-ibilian-etxerako-bidean\/#primaryimage","url":"https:\/\/sare.eus\/wp-content\/uploads\/2021\/10\/WhatsApp-Image-2021-05-23-at-10.59.19.jpeg","contentUrl":"https:\/\/sare.eus\/wp-content\/uploads\/2021\/10\/WhatsApp-Image-2021-05-23-at-10.59.19.jpeg","width":895,"height":516},{"@type":"BreadcrumbList","@id":"https:\/\/sare.eus\/es\/sare-inicia-la-campana-de-verano-ibilian-ibilian-etxerako-bidean\/#breadcrumb","itemListElement":[{"@type":"ListItem","position":1,"name":"Home","item":"https:\/\/sare.eus\/"},{"@type":"ListItem","position":2,"name":"Sare inicia la campa\u00f1a de verano \u00abIbilian-Ibilian etxerako bidean\u00bb"}]},{"@type":"WebSite","@id":"https:\/\/sare.eus\/#website","url":"https:\/\/sare.eus\/","name":"Sare Herritarra","description":"KONPONBIDEAREN ETA GIZA ESKUBIDEEN ALDEKO SARE HERRITARRA","publisher":{"@id":"https:\/\/sare.eus\/#organization"},"potentialAction":[{"@type":"SearchAction","target":{"@type":"EntryPoint","urlTemplate":"https:\/\/sare.eus\/?s={search_term_string}"},"query-input":{"@type":"PropertyValueSpecification","valueRequired":true,"valueName":"search_term_string"}}],"inLanguage":"es"},{"@type":"Organization","@id":"https:\/\/sare.eus\/#organization","name":"Sare Herritarra","url":"https:\/\/sare.eus\/","logo":{"@type":"ImageObject","inLanguage":"es","@id":"https:\/\/sare.eus\/#\/schema\/logo\/image\/","url":"https:\/\/sare.eus\/wp-content\/uploads\/2021\/08\/sare.png","contentUrl":"https:\/\/sare.eus\/wp-content\/uploads\/2021\/08\/sare.png","width":120,"height":142,"caption":"Sare Herritarra"},"image":{"@id":"https:\/\/sare.eus\/#\/schema\/logo\/image\/"}},{"@type":"Person","@id":"https:\/\/sare.eus\/#\/schema\/person\/5a711e7396face0569eb43391127616d","name":"admin","image":{"@type":"ImageObject","inLanguage":"es","@id":"https:\/\/sare.eus\/#\/schema\/person\/image\/","url":"https:\/\/secure.gravatar.com\/avatar\/d22a8cc353ba20fa3181b73b7b53a33b5b98923d9a2f9945443604d7359581c4?s=96&d=mm&r=g","contentUrl":"https:\/\/secure.gravatar.com\/avatar\/d22a8cc353ba20fa3181b73b7b53a33b5b98923d9a2f9945443604d7359581c4?s=96&d=mm&r=g","caption":"admin"},"url":"https:\/\/sare.eus\/es\/author\/prueba3371_a2783y7n\/"}]}},"_links":{"self":[{"href":"https:\/\/sare.eus\/es\/wp-json\/wp\/v2\/posts\/1341","targetHints":{"allow":["GET"]}}],"collection":[{"href":"https:\/\/sare.eus\/es\/wp-json\/wp\/v2\/posts"}],"about":[{"href":"https:\/\/sare.eus\/es\/wp-json\/wp\/v2\/types\/post"}],"author":[{"embeddable":true,"href":"https:\/\/sare.eus\/es\/wp-json\/wp\/v2\/users\/1"}],"replies":[{"embeddable":true,"href":"https:\/\/sare.eus\/es\/wp-json\/wp\/v2\/comments?post=1341"}],"version-history":[{"count":1,"href":"https:\/\/sare.eus\/es\/wp-json\/wp\/v2\/posts\/1341\/revisions"}],"predecessor-version":[{"id":1342,"href":"https:\/\/sare.eus\/es\/wp-json\/wp\/v2\/posts\/1341\/revisions\/1342"}],"wp:featuredmedia":[{"embeddable":true,"href":"https:\/\/sare.eus\/es\/wp-json\/wp\/v2\/media\/506"}],"wp:attachment":[{"href":"https:\/\/sare.eus\/es\/wp-json\/wp\/v2\/media?parent=1341"}],"wp:term":[{"taxonomy":"category","embeddable":true,"href":"https:\/\/sare.eus\/es\/wp-json\/wp\/v2\/categories?post=1341"},{"taxonomy":"post_tag","embeddable":true,"href":"https:\/\/sare.eus\/es\/wp-json\/wp\/v2\/tags?post=1341"}],"curies":[{"name":"wp","href":"https:\/\/api.w.org\/{rel}","templated":true}]}}