{"id":1340,"date":"2021-05-26T15:29:01","date_gmt":"2021-05-26T15:29:01","guid":{"rendered":"http:\/\/650tontor.sare.eus\/gipuzkoa-la-mayoria-sindical-vasca-organiza-diferentes-convocatorias-bajo-el-lema-langileok-presoak-etxeratzeko-bidean-gara\/"},"modified":"2021-10-20T15:49:01","modified_gmt":"2021-10-20T15:49:01","slug":"gipuzkoa-la-mayoria-sindical-vasca-organiza-diferentes-convocatorias-bajo-el-lema-langileok-presoak-etxeratzeko-bidean-gara","status":"publish","type":"post","link":"https:\/\/sare.eus\/es\/gipuzkoa-la-mayoria-sindical-vasca-organiza-diferentes-convocatorias-bajo-el-lema-langileok-presoak-etxeratzeko-bidean-gara\/","title":{"rendered":"#Gipuzkoa | La mayor\u00eda sindical vasca organiza diferentes convocatorias bajo el lema \u00abLangileok Presoak etxeratzeko BIDEAN GARA\u00bb"},"content":{"rendered":"<p>Hoy, nos hemos reunido aqu\u00ed representantes de la mayor\u00eda sindical, conjuntamente con la red ciudadana Sare, sum\u00e1ndonos a la din\u00e1mica Izan Bidea, para manifestar que somos parte del camino de vuelta a casa de presas y presos, as\u00ed como para informar de la din\u00e1mica que vamos a desarrollar pr\u00f3ximamente.<\/p>\n<p>Desde que se puso en marcha la din\u00e1mica Izan Bidea, se han llevado a cabo innumerables iniciativas a lo largo y anchos de Euskal Herria. Y queremos llevar esta din\u00e1mica que se est\u00e1 desarrollando pueblo a pueblo tambi\u00e9n a las f\u00e1bricas, para que las trabajadoras y los trabajadores ayudemos tambi\u00e9n a impulsarla. De hecho, los sindicatos que nos hemos reunido hoy aqu\u00ed llevamos tiempo denunciando la vulneraci\u00f3n de derechos que conlleva la pol\u00edtica de excepci\u00f3n, y reivindicando la necesidad de modificar la actual pol\u00edtica penitenciaria. Actualmente, podemos decir que ya hemos empezado ese camino con los cambios que se han dado estos \u00faltimos seis meses. Cambios que han sido posibles gracias a la activaci\u00f3n social y a los acuerdos y a la unidad de partidos, sindicatos e instituciones. Para llegar hasta el final y poner fin al alejamiento y al bloqueo de la progresi\u00f3n de grado, consideramos imprescindible seguir desarrollando ese camino de acuerdos y de activaci\u00f3n.<\/p>\n<p><img loading=\"lazy\" decoding=\"async\" class=\"size-medium wp-image-508 alignleft\" src=\"https:\/\/sare.eus\/wp-content\/uploads\/2021\/10\/langileok-bidean-gara_ekainak-4-02-724x1024-1-212x300.jpg\" alt=\"\" width=\"212\" height=\"300\" srcset=\"https:\/\/sare.eus\/wp-content\/uploads\/2021\/10\/langileok-bidean-gara_ekainak-4-02-724x1024-1-212x300.jpg 212w, https:\/\/sare.eus\/wp-content\/uploads\/2021\/10\/langileok-bidean-gara_ekainak-4-02-724x1024-1.jpg 636w\" sizes=\"(max-width: 212px) 100vw, 212px\" \/><\/p>\n<p>Por ello, y para hacer llegar esa colaboraci\u00f3n y esa activaci\u00f3n al \u00e1mbito laboral, el pr\u00f3ximo 28 de mayo, dentro de la din\u00e1mica iniciada hace tiempo en la empresa CAF, vamos a llevar a cabo una charla sobre la situaci\u00f3n de presas y presos y sobre el camino iniciado. En dicha charla, Joseba Azkarraga y una persona de CAF reflexionar\u00e1n sobre la aportaci\u00f3n que se puede hacer desde el \u00e1mbito laboral. En este sentido, poniendo el foco en el proceso de vuelta a casa de presas y presos, y siendo clave para ello la progresi\u00f3n de grado, hablaremos de la importancia de la inserci\u00f3n laboral cuando se accede a la libertad condicional o al recuperar la libertad. Nuestra intenci\u00f3n es colaborar en ese proceso. La charla ser\u00e1 a las 11:00, en la plaza del amianto de Beasain.<\/p>\n<p>Por otro lado, queremos informar de la movilizaci\u00f3n que hemos organizado para el 4 de junio, en Donostia. Se trata de una movilizaci\u00f3n que partir\u00e1 a las 11:30 de Sagues. Hacemos un llamamiento a trabajadores y a trabajadoras y a la ciudadan\u00eda en general para que participen. Porque todas y todos debemos ser parte del camino, para que esos peque\u00f1os pasos que se han dado gracias al impulso general se conviertan en la carretera de vuelta a casa.<\/p>\n","protected":false},"excerpt":{"rendered":"<p>Hoy, nos hemos reunido aqu\u00ed representantes de la mayor\u00eda sindical, conjuntamente con la red ciudadana Sare, sum\u00e1ndonos a la din\u00e1mica Izan Bidea, para manifestar que somos parte del camino de [&hellip;]<\/p>\n","protected":false},"author":1,"featured_media":513,"comment_status":"open","ping_status":"open","sticky":false,"template":"","format":"standard","meta":{"_acf_changed":false,"_et_pb_use_builder":"off","_et_pb_old_content":"","_et_gb_content_width":"","footnotes":""},"categories":[60],"tags":[],"class_list":["post-1340","post","type-post","status-publish","format-standard","has-post-thumbnail","hentry","category-etxera-es","et-has-post-format-content","et_post_format-et-post-format-standard"],"acf":[],"yoast_head":"<!-- This site is optimized with the Yoast SEO plugin v26.4 - https:\/\/yoast.com\/wordpress\/plugins\/seo\/ -->\n<title>#Gipuzkoa | La mayor\u00eda sindical vasca organiza diferentes convocatorias bajo el lema \u00abLangileok Presoak etxeratzeko BIDEAN GARA\u00bb - Sare Herritarra<\/title>\n<meta name=\"robots\" content=\"index, follow, max-snippet:-1, max-image-preview:large, max-video-preview:-1\" \/>\n<link rel=\"canonical\" href=\"https:\/\/sare.eus\/es\/gipuzkoa-la-mayoria-sindical-vasca-organiza-diferentes-convocatorias-bajo-el-lema-langileok-presoak-etxeratzeko-bidean-gara\/\" \/>\n<meta property=\"og:locale\" content=\"es_ES\" \/>\n<meta property=\"og:type\" content=\"article\" \/>\n<meta property=\"og:title\" content=\"#Gipuzkoa | La mayor\u00eda sindical vasca organiza diferentes convocatorias bajo el lema \u00abLangileok Presoak etxeratzeko BIDEAN GARA\u00bb - Sare Herritarra\" \/>\n<meta property=\"og:description\" content=\"Hoy, nos hemos reunido aqu\u00ed representantes de la mayor\u00eda sindical, conjuntamente con la red ciudadana Sare, sum\u00e1ndonos a la din\u00e1mica Izan Bidea, para manifestar que somos parte del camino de [&hellip;]\" \/>\n<meta property=\"og:url\" content=\"https:\/\/sare.eus\/es\/gipuzkoa-la-mayoria-sindical-vasca-organiza-diferentes-convocatorias-bajo-el-lema-langileok-presoak-etxeratzeko-bidean-gara\/\" \/>\n<meta property=\"og:site_name\" content=\"Sare Herritarra\" \/>\n<meta property=\"article:published_time\" content=\"2021-05-26T15:29:01+00:00\" \/>\n<meta property=\"article:modified_time\" content=\"2021-10-20T15:49:01+00:00\" \/>\n<meta property=\"og:image\" content=\"https:\/\/sare.eus\/wp-content\/uploads\/2021\/10\/agerraldia-sagues-1.jpeg\" \/>\n\t<meta property=\"og:image:width\" content=\"900\" \/>\n\t<meta property=\"og:image:height\" content=\"675\" \/>\n\t<meta property=\"og:image:type\" content=\"image\/jpeg\" \/>\n<meta name=\"author\" content=\"admin\" \/>\n<meta name=\"twitter:card\" content=\"summary_large_image\" \/>\n<meta name=\"twitter:label1\" content=\"Escrito por\" \/>\n\t<meta name=\"twitter:data1\" content=\"admin\" \/>\n\t<meta name=\"twitter:label2\" content=\"Tiempo de lectura\" \/>\n\t<meta name=\"twitter:data2\" content=\"2 minutos\" \/>\n<script type=\"application\/ld+json\" class=\"yoast-schema-graph\">{\"@context\":\"https:\/\/schema.org\",\"@graph\":[{\"@type\":\"Article\",\"@id\":\"https:\/\/sare.eus\/es\/gipuzkoa-la-mayoria-sindical-vasca-organiza-diferentes-convocatorias-bajo-el-lema-langileok-presoak-etxeratzeko-bidean-gara\/#article\",\"isPartOf\":{\"@id\":\"https:\/\/sare.eus\/es\/gipuzkoa-la-mayoria-sindical-vasca-organiza-diferentes-convocatorias-bajo-el-lema-langileok-presoak-etxeratzeko-bidean-gara\/\"},\"author\":{\"name\":\"admin\",\"@id\":\"https:\/\/sare.eus\/#\/schema\/person\/5a711e7396face0569eb43391127616d\"},\"headline\":\"#Gipuzkoa | La mayor\u00eda sindical vasca organiza diferentes convocatorias bajo el lema \u00abLangileok Presoak etxeratzeko BIDEAN GARA\u00bb\",\"datePublished\":\"2021-05-26T15:29:01+00:00\",\"dateModified\":\"2021-10-20T15:49:01+00:00\",\"mainEntityOfPage\":{\"@id\":\"https:\/\/sare.eus\/es\/gipuzkoa-la-mayoria-sindical-vasca-organiza-diferentes-convocatorias-bajo-el-lema-langileok-presoak-etxeratzeko-bidean-gara\/\"},\"wordCount\":465,\"commentCount\":0,\"publisher\":{\"@id\":\"https:\/\/sare.eus\/#organization\"},\"image\":{\"@id\":\"https:\/\/sare.eus\/es\/gipuzkoa-la-mayoria-sindical-vasca-organiza-diferentes-convocatorias-bajo-el-lema-langileok-presoak-etxeratzeko-bidean-gara\/#primaryimage\"},\"thumbnailUrl\":\"https:\/\/sare.eus\/wp-content\/uploads\/2021\/10\/agerraldia-sagues-1.jpeg\",\"articleSection\":[\"Etxera\"],\"inLanguage\":\"es\",\"potentialAction\":[{\"@type\":\"CommentAction\",\"name\":\"Comment\",\"target\":[\"https:\/\/sare.eus\/es\/gipuzkoa-la-mayoria-sindical-vasca-organiza-diferentes-convocatorias-bajo-el-lema-langileok-presoak-etxeratzeko-bidean-gara\/#respond\"]}]},{\"@type\":\"WebPage\",\"@id\":\"https:\/\/sare.eus\/es\/gipuzkoa-la-mayoria-sindical-vasca-organiza-diferentes-convocatorias-bajo-el-lema-langileok-presoak-etxeratzeko-bidean-gara\/\",\"url\":\"https:\/\/sare.eus\/es\/gipuzkoa-la-mayoria-sindical-vasca-organiza-diferentes-convocatorias-bajo-el-lema-langileok-presoak-etxeratzeko-bidean-gara\/\",\"name\":\"#Gipuzkoa | La mayor\u00eda sindical vasca organiza diferentes convocatorias bajo el lema \u00abLangileok Presoak etxeratzeko BIDEAN GARA\u00bb - Sare Herritarra\",\"isPartOf\":{\"@id\":\"https:\/\/sare.eus\/#website\"},\"primaryImageOfPage\":{\"@id\":\"https:\/\/sare.eus\/es\/gipuzkoa-la-mayoria-sindical-vasca-organiza-diferentes-convocatorias-bajo-el-lema-langileok-presoak-etxeratzeko-bidean-gara\/#primaryimage\"},\"image\":{\"@id\":\"https:\/\/sare.eus\/es\/gipuzkoa-la-mayoria-sindical-vasca-organiza-diferentes-convocatorias-bajo-el-lema-langileok-presoak-etxeratzeko-bidean-gara\/#primaryimage\"},\"thumbnailUrl\":\"https:\/\/sare.eus\/wp-content\/uploads\/2021\/10\/agerraldia-sagues-1.jpeg\",\"datePublished\":\"2021-05-26T15:29:01+00:00\",\"dateModified\":\"2021-10-20T15:49:01+00:00\",\"breadcrumb\":{\"@id\":\"https:\/\/sare.eus\/es\/gipuzkoa-la-mayoria-sindical-vasca-organiza-diferentes-convocatorias-bajo-el-lema-langileok-presoak-etxeratzeko-bidean-gara\/#breadcrumb\"},\"inLanguage\":\"es\",\"potentialAction\":[{\"@type\":\"ReadAction\",\"target\":[\"https:\/\/sare.eus\/es\/gipuzkoa-la-mayoria-sindical-vasca-organiza-diferentes-convocatorias-bajo-el-lema-langileok-presoak-etxeratzeko-bidean-gara\/\"]}]},{\"@type\":\"ImageObject\",\"inLanguage\":\"es\",\"@id\":\"https:\/\/sare.eus\/es\/gipuzkoa-la-mayoria-sindical-vasca-organiza-diferentes-convocatorias-bajo-el-lema-langileok-presoak-etxeratzeko-bidean-gara\/#primaryimage\",\"url\":\"https:\/\/sare.eus\/wp-content\/uploads\/2021\/10\/agerraldia-sagues-1.jpeg\",\"contentUrl\":\"https:\/\/sare.eus\/wp-content\/uploads\/2021\/10\/agerraldia-sagues-1.jpeg\",\"width\":900,\"height\":675},{\"@type\":\"BreadcrumbList\",\"@id\":\"https:\/\/sare.eus\/es\/gipuzkoa-la-mayoria-sindical-vasca-organiza-diferentes-convocatorias-bajo-el-lema-langileok-presoak-etxeratzeko-bidean-gara\/#breadcrumb\",\"itemListElement\":[{\"@type\":\"ListItem\",\"position\":1,\"name\":\"Home\",\"item\":\"https:\/\/sare.eus\/\"},{\"@type\":\"ListItem\",\"position\":2,\"name\":\"#Gipuzkoa | La mayor\u00eda sindical vasca organiza diferentes convocatorias bajo el lema \u00abLangileok Presoak etxeratzeko BIDEAN GARA\u00bb\"}]},{\"@type\":\"WebSite\",\"@id\":\"https:\/\/sare.eus\/#website\",\"url\":\"https:\/\/sare.eus\/\",\"name\":\"Sare Herritarra\",\"description\":\"KONPONBIDEAREN ETA GIZA ESKUBIDEEN ALDEKO SARE HERRITARRA\",\"publisher\":{\"@id\":\"https:\/\/sare.eus\/#organization\"},\"potentialAction\":[{\"@type\":\"SearchAction\",\"target\":{\"@type\":\"EntryPoint\",\"urlTemplate\":\"https:\/\/sare.eus\/?s={search_term_string}\"},\"query-input\":{\"@type\":\"PropertyValueSpecification\",\"valueRequired\":true,\"valueName\":\"search_term_string\"}}],\"inLanguage\":\"es\"},{\"@type\":\"Organization\",\"@id\":\"https:\/\/sare.eus\/#organization\",\"name\":\"Sare Herritarra\",\"url\":\"https:\/\/sare.eus\/\",\"logo\":{\"@type\":\"ImageObject\",\"inLanguage\":\"es\",\"@id\":\"https:\/\/sare.eus\/#\/schema\/logo\/image\/\",\"url\":\"https:\/\/sare.eus\/wp-content\/uploads\/2021\/08\/sare.png\",\"contentUrl\":\"https:\/\/sare.eus\/wp-content\/uploads\/2021\/08\/sare.png\",\"width\":120,\"height\":142,\"caption\":\"Sare Herritarra\"},\"image\":{\"@id\":\"https:\/\/sare.eus\/#\/schema\/logo\/image\/\"}},{\"@type\":\"Person\",\"@id\":\"https:\/\/sare.eus\/#\/schema\/person\/5a711e7396face0569eb43391127616d\",\"name\":\"admin\",\"image\":{\"@type\":\"ImageObject\",\"inLanguage\":\"es\",\"@id\":\"https:\/\/sare.eus\/#\/schema\/person\/image\/\",\"url\":\"https:\/\/secure.gravatar.com\/avatar\/d22a8cc353ba20fa3181b73b7b53a33b5b98923d9a2f9945443604d7359581c4?s=96&d=mm&r=g\",\"contentUrl\":\"https:\/\/secure.gravatar.com\/avatar\/d22a8cc353ba20fa3181b73b7b53a33b5b98923d9a2f9945443604d7359581c4?s=96&d=mm&r=g\",\"caption\":\"admin\"},\"url\":\"https:\/\/sare.eus\/es\/author\/prueba3371_a2783y7n\/\"}]}<\/script>\n<!-- \/ Yoast SEO plugin. -->","yoast_head_json":{"title":"#Gipuzkoa | La mayor\u00eda sindical vasca organiza diferentes convocatorias bajo el lema \u00abLangileok Presoak etxeratzeko BIDEAN GARA\u00bb - Sare Herritarra","robots":{"index":"index","follow":"follow","max-snippet":"max-snippet:-1","max-image-preview":"max-image-preview:large","max-video-preview":"max-video-preview:-1"},"canonical":"https:\/\/sare.eus\/es\/gipuzkoa-la-mayoria-sindical-vasca-organiza-diferentes-convocatorias-bajo-el-lema-langileok-presoak-etxeratzeko-bidean-gara\/","og_locale":"es_ES","og_type":"article","og_title":"#Gipuzkoa | La mayor\u00eda sindical vasca organiza diferentes convocatorias bajo el lema \u00abLangileok Presoak etxeratzeko BIDEAN GARA\u00bb - Sare Herritarra","og_description":"Hoy, nos hemos reunido aqu\u00ed representantes de la mayor\u00eda sindical, conjuntamente con la red ciudadana Sare, sum\u00e1ndonos a la din\u00e1mica Izan Bidea, para manifestar que somos parte del camino de [&hellip;]","og_url":"https:\/\/sare.eus\/es\/gipuzkoa-la-mayoria-sindical-vasca-organiza-diferentes-convocatorias-bajo-el-lema-langileok-presoak-etxeratzeko-bidean-gara\/","og_site_name":"Sare Herritarra","article_published_time":"2021-05-26T15:29:01+00:00","article_modified_time":"2021-10-20T15:49:01+00:00","og_image":[{"width":900,"height":675,"url":"https:\/\/sare.eus\/wp-content\/uploads\/2021\/10\/agerraldia-sagues-1.jpeg","type":"image\/jpeg"}],"author":"admin","twitter_card":"summary_large_image","twitter_misc":{"Escrito por":"admin","Tiempo de lectura":"2 minutos"},"schema":{"@context":"https:\/\/schema.org","@graph":[{"@type":"Article","@id":"https:\/\/sare.eus\/es\/gipuzkoa-la-mayoria-sindical-vasca-organiza-diferentes-convocatorias-bajo-el-lema-langileok-presoak-etxeratzeko-bidean-gara\/#article","isPartOf":{"@id":"https:\/\/sare.eus\/es\/gipuzkoa-la-mayoria-sindical-vasca-organiza-diferentes-convocatorias-bajo-el-lema-langileok-presoak-etxeratzeko-bidean-gara\/"},"author":{"name":"admin","@id":"https:\/\/sare.eus\/#\/schema\/person\/5a711e7396face0569eb43391127616d"},"headline":"#Gipuzkoa | La mayor\u00eda sindical vasca organiza diferentes convocatorias bajo el lema \u00abLangileok Presoak etxeratzeko BIDEAN GARA\u00bb","datePublished":"2021-05-26T15:29:01+00:00","dateModified":"2021-10-20T15:49:01+00:00","mainEntityOfPage":{"@id":"https:\/\/sare.eus\/es\/gipuzkoa-la-mayoria-sindical-vasca-organiza-diferentes-convocatorias-bajo-el-lema-langileok-presoak-etxeratzeko-bidean-gara\/"},"wordCount":465,"commentCount":0,"publisher":{"@id":"https:\/\/sare.eus\/#organization"},"image":{"@id":"https:\/\/sare.eus\/es\/gipuzkoa-la-mayoria-sindical-vasca-organiza-diferentes-convocatorias-bajo-el-lema-langileok-presoak-etxeratzeko-bidean-gara\/#primaryimage"},"thumbnailUrl":"https:\/\/sare.eus\/wp-content\/uploads\/2021\/10\/agerraldia-sagues-1.jpeg","articleSection":["Etxera"],"inLanguage":"es","potentialAction":[{"@type":"CommentAction","name":"Comment","target":["https:\/\/sare.eus\/es\/gipuzkoa-la-mayoria-sindical-vasca-organiza-diferentes-convocatorias-bajo-el-lema-langileok-presoak-etxeratzeko-bidean-gara\/#respond"]}]},{"@type":"WebPage","@id":"https:\/\/sare.eus\/es\/gipuzkoa-la-mayoria-sindical-vasca-organiza-diferentes-convocatorias-bajo-el-lema-langileok-presoak-etxeratzeko-bidean-gara\/","url":"https:\/\/sare.eus\/es\/gipuzkoa-la-mayoria-sindical-vasca-organiza-diferentes-convocatorias-bajo-el-lema-langileok-presoak-etxeratzeko-bidean-gara\/","name":"#Gipuzkoa | La mayor\u00eda sindical vasca organiza diferentes convocatorias bajo el lema \u00abLangileok Presoak etxeratzeko BIDEAN GARA\u00bb - Sare Herritarra","isPartOf":{"@id":"https:\/\/sare.eus\/#website"},"primaryImageOfPage":{"@id":"https:\/\/sare.eus\/es\/gipuzkoa-la-mayoria-sindical-vasca-organiza-diferentes-convocatorias-bajo-el-lema-langileok-presoak-etxeratzeko-bidean-gara\/#primaryimage"},"image":{"@id":"https:\/\/sare.eus\/es\/gipuzkoa-la-mayoria-sindical-vasca-organiza-diferentes-convocatorias-bajo-el-lema-langileok-presoak-etxeratzeko-bidean-gara\/#primaryimage"},"thumbnailUrl":"https:\/\/sare.eus\/wp-content\/uploads\/2021\/10\/agerraldia-sagues-1.jpeg","datePublished":"2021-05-26T15:29:01+00:00","dateModified":"2021-10-20T15:49:01+00:00","breadcrumb":{"@id":"https:\/\/sare.eus\/es\/gipuzkoa-la-mayoria-sindical-vasca-organiza-diferentes-convocatorias-bajo-el-lema-langileok-presoak-etxeratzeko-bidean-gara\/#breadcrumb"},"inLanguage":"es","potentialAction":[{"@type":"ReadAction","target":["https:\/\/sare.eus\/es\/gipuzkoa-la-mayoria-sindical-vasca-organiza-diferentes-convocatorias-bajo-el-lema-langileok-presoak-etxeratzeko-bidean-gara\/"]}]},{"@type":"ImageObject","inLanguage":"es","@id":"https:\/\/sare.eus\/es\/gipuzkoa-la-mayoria-sindical-vasca-organiza-diferentes-convocatorias-bajo-el-lema-langileok-presoak-etxeratzeko-bidean-gara\/#primaryimage","url":"https:\/\/sare.eus\/wp-content\/uploads\/2021\/10\/agerraldia-sagues-1.jpeg","contentUrl":"https:\/\/sare.eus\/wp-content\/uploads\/2021\/10\/agerraldia-sagues-1.jpeg","width":900,"height":675},{"@type":"BreadcrumbList","@id":"https:\/\/sare.eus\/es\/gipuzkoa-la-mayoria-sindical-vasca-organiza-diferentes-convocatorias-bajo-el-lema-langileok-presoak-etxeratzeko-bidean-gara\/#breadcrumb","itemListElement":[{"@type":"ListItem","position":1,"name":"Home","item":"https:\/\/sare.eus\/"},{"@type":"ListItem","position":2,"name":"#Gipuzkoa | La mayor\u00eda sindical vasca organiza diferentes convocatorias bajo el lema \u00abLangileok Presoak etxeratzeko BIDEAN GARA\u00bb"}]},{"@type":"WebSite","@id":"https:\/\/sare.eus\/#website","url":"https:\/\/sare.eus\/","name":"Sare Herritarra","description":"KONPONBIDEAREN ETA GIZA ESKUBIDEEN ALDEKO SARE HERRITARRA","publisher":{"@id":"https:\/\/sare.eus\/#organization"},"potentialAction":[{"@type":"SearchAction","target":{"@type":"EntryPoint","urlTemplate":"https:\/\/sare.eus\/?s={search_term_string}"},"query-input":{"@type":"PropertyValueSpecification","valueRequired":true,"valueName":"search_term_string"}}],"inLanguage":"es"},{"@type":"Organization","@id":"https:\/\/sare.eus\/#organization","name":"Sare Herritarra","url":"https:\/\/sare.eus\/","logo":{"@type":"ImageObject","inLanguage":"es","@id":"https:\/\/sare.eus\/#\/schema\/logo\/image\/","url":"https:\/\/sare.eus\/wp-content\/uploads\/2021\/08\/sare.png","contentUrl":"https:\/\/sare.eus\/wp-content\/uploads\/2021\/08\/sare.png","width":120,"height":142,"caption":"Sare Herritarra"},"image":{"@id":"https:\/\/sare.eus\/#\/schema\/logo\/image\/"}},{"@type":"Person","@id":"https:\/\/sare.eus\/#\/schema\/person\/5a711e7396face0569eb43391127616d","name":"admin","image":{"@type":"ImageObject","inLanguage":"es","@id":"https:\/\/sare.eus\/#\/schema\/person\/image\/","url":"https:\/\/secure.gravatar.com\/avatar\/d22a8cc353ba20fa3181b73b7b53a33b5b98923d9a2f9945443604d7359581c4?s=96&d=mm&r=g","contentUrl":"https:\/\/secure.gravatar.com\/avatar\/d22a8cc353ba20fa3181b73b7b53a33b5b98923d9a2f9945443604d7359581c4?s=96&d=mm&r=g","caption":"admin"},"url":"https:\/\/sare.eus\/es\/author\/prueba3371_a2783y7n\/"}]}},"_links":{"self":[{"href":"https:\/\/sare.eus\/es\/wp-json\/wp\/v2\/posts\/1340","targetHints":{"allow":["GET"]}}],"collection":[{"href":"https:\/\/sare.eus\/es\/wp-json\/wp\/v2\/posts"}],"about":[{"href":"https:\/\/sare.eus\/es\/wp-json\/wp\/v2\/types\/post"}],"author":[{"embeddable":true,"href":"https:\/\/sare.eus\/es\/wp-json\/wp\/v2\/users\/1"}],"replies":[{"embeddable":true,"href":"https:\/\/sare.eus\/es\/wp-json\/wp\/v2\/comments?post=1340"}],"version-history":[{"count":1,"href":"https:\/\/sare.eus\/es\/wp-json\/wp\/v2\/posts\/1340\/revisions"}],"predecessor-version":[{"id":1352,"href":"https:\/\/sare.eus\/es\/wp-json\/wp\/v2\/posts\/1340\/revisions\/1352"}],"wp:featuredmedia":[{"embeddable":true,"href":"https:\/\/sare.eus\/es\/wp-json\/wp\/v2\/media\/513"}],"wp:attachment":[{"href":"https:\/\/sare.eus\/es\/wp-json\/wp\/v2\/media?parent=1340"}],"wp:term":[{"taxonomy":"category","embeddable":true,"href":"https:\/\/sare.eus\/es\/wp-json\/wp\/v2\/categories?post=1340"},{"taxonomy":"post_tag","embeddable":true,"href":"https:\/\/sare.eus\/es\/wp-json\/wp\/v2\/tags?post=1340"}],"curies":[{"name":"wp","href":"https:\/\/api.w.org\/{rel}","templated":true}]}}