{"id":1338,"date":"2021-06-04T15:27:29","date_gmt":"2021-06-04T15:27:29","guid":{"rendered":"http:\/\/650tontor.sare.eus\/manifestacion-convocada-por-la-mayoria-sindical-de-gipuzkoa-junto-a-la-red-ciudadana-sare\/"},"modified":"2021-10-20T15:49:17","modified_gmt":"2021-10-20T15:49:17","slug":"manifestacion-convocada-por-la-mayoria-sindical-de-gipuzkoa-junto-a-la-red-ciudadana-sare","status":"publish","type":"post","link":"https:\/\/sare.eus\/es\/manifestacion-convocada-por-la-mayoria-sindical-de-gipuzkoa-junto-a-la-red-ciudadana-sare\/","title":{"rendered":"Manifestaci\u00f3n convocada por la mayoria sindical de Gipuzkoa junto a la Red Ciudadana Sare"},"content":{"rendered":"<div class=\"uncode_text_column\">\n<p>Hoy en Donostia, manifestaci\u00f3n convocada por la mayoritaria sindical de Guipuzkoa junto a la Red ciudadana SARE.<\/p>\n<p>En el marco de la din\u00e1mica izan Bidea, tambi\u00e9n se han querido poner su granito de arena en las f\u00e1bricas y desde el sindicalismo a esta din\u00e1mica.<\/p>\n<p>&nbsp;<\/p>\n<p>TEXTO LE\u00cdDO EN:<\/p>\n<hr \/>\n<\/div>\n<div class=\"uncode_text_column\">\n<p class=\"western\" lang=\"eu-ES\"><em>Como ya sab\u00e9is, hoy nos hemos reunido aqu\u00ed la mayor\u00eda sindical de Gipuzkoa para pedir el fin de la legislaci\u00f3n de excepci\u00f3n que se les aplica a presas y presos vasco, y para a\u00f1adir pasos al camino de vuelta a casa. Dentro de la din\u00e1mica Izan Bidea, hemos querido hacer nuestra aportaci\u00f3n desde los centros de trabajo, trasladando a Gipuzkoa el impulso que hemos dado a la din\u00e1mica desde el sindicalismo durante este \u00faltimo a\u00f1o.<\/em><\/p>\n<p class=\"western\" lang=\"eu-ES\"><em>A lo largo de los \u00faltimos a\u00f1os, la mayor\u00eda sindical, social y pol\u00edtica de Euskal Herria ha reclamado el fin de la pol\u00edtica penitenciaria de excepci\u00f3n impuesta a los y las presas vascas. Gracias tanto a la movilizaci\u00f3n de la sociedad civil como a las interpelaciones de las instituciones, se est\u00e1n dando pasos en esa direcci\u00f3n; no tanto como nos gustar\u00eda, ni tan r\u00e1pido como nos gustar\u00eda, pero se est\u00e1n dando pasos, en relaci\u00f3n con el acercamiento de los y las presas vascas o el cambio de grado. Pedimos que este proceso se lleve a cabo, con la repatriaci\u00f3n de todos y todas las presas vascas, la excarcelaci\u00f3n de todos los presos enfermos o la derogaci\u00f3n de toda medida excepcional. Para ello la activaci\u00f3n de la ciudadan\u00eda y tambi\u00e9n de los y las trabajadoras son elementos imprescindibles. Por eso estamos hoy aqu\u00ed.<\/em><\/p>\n<p class=\"western\" lang=\"eu-ES\"><em>Paso a paso, haciendo camino, queremos agilizar ese proceso de vuelta a casa, y todav\u00eda nos queda un largo camino por recorrer. Porque todav\u00eda hay muchas presas, presos y familiares separadas y separados por cientos de kil\u00f3metros, as\u00ed como 18 personas presas con enfermedades graves. Y aunque se ha empezado a concretar la progresi\u00f3n de grados, s\u00f3lo se ha aplicado el tercer grado a unas pocas personas, y son muchas las que, a pesar de haber cumplido las 3\/4 partes de su condena, siguen en la c\u00e1rcel; o las que est\u00e1n cumpliendo tambi\u00e9n en Espa\u00f1a la pena que ya cumplieron en Francia\u2026 Por lo tanto, todav\u00eda tenemos trabajo por hacer, y debemos seguir reivindicando el fin de las medidas de excepci\u00f3n.<\/em><\/p>\n<p class=\"western\" lang=\"eu-ES\" align=\"justify\"><em>Se ha puesto en marcha el proceso de vuelta a casa de los y las presas vascas. Para llevarlo a cabo es necesario aprovechar todas las posibilidades legales y adoptar las medidas pol\u00edticas y administrativas necesarias. Y es que para construir un pa\u00eds en convivencia es imprescindible, entre otras cosas, empezar a dibujar un futuro sin presos\/as desde hoy, posibilitando el regreso a Euskal Herria y la progresi\u00f3n de grado.<\/em><\/p>\n<p class=\"western\" lang=\"eu-ES\" align=\"justify\"><em>Una de las claves para dar este paso es facilitar el acceso al trabajo de los y las presas vascas. Tener un puesto de trabajo suele ser tambi\u00e9n un requisito necesario para poder pasar al tercer grado. Por eso, tambi\u00e9n desde el movimiento sindical, queremos invitarles hoy a que impulsen ese camino. Seguiremos reivindicando, moviliz\u00e1ndonos y buscando consensos. Queremos ser impulsoras e impulsores del camino a casa. Eskerrik asko. \u00a1Lo conseguiremos! <\/em><\/p>\n<p class=\"western\" lang=\"eu-ES\"><em>Eskerrik asko, lortuko dugu!<\/em><\/p>\n<\/div>\n<div id=\"gallery-360223\" class=\"isotope-system\">\n<div class=\"isotope-wrapper single-gutter\">\n<div class=\"isotope-container isotope-layout style-masonry\" data-type=\"masonry\" data-layout=\"masonry\" data-lg=\"1000\" data-md=\"600\" data-sm=\"480\">\n<div class=\"tmb tmb-iso-w4 tmb-iso-h4 tmb-light tmb-overlay-text-anim tmb-overlay-anim tmb-overlay-middle tmb-overlay-text-left tmb-image-anim tmb-bordered tmb-id-26713  tmb-media-first tmb-media-last tmb-content-overlay tmb-no-bg\">\u00a0<\/div>\n<\/div>\n<\/div>\n<\/div>\n\n<figure class=\"wp-block-embed is-type-video is-provider-youtube wp-block-embed-youtube wp-embed-aspect-16-9 wp-has-aspect-ratio\">\r\n<div class=\"wp-block-embed__wrapper\">https:\/\/www.youtube.com\/watch?v=YHlxmjpmbBA<\/div>\r\n<\/figure>\n\n<div class=\"wp-block-columns is-layout-flex wp-container-core-columns-is-layout-9d6595d7 wp-block-columns-is-layout-flex\">\n<div class=\"wp-block-column is-layout-flow wp-block-column-is-layout-flow\">\n<figure class=\"wp-block-image size-full\"><img loading=\"lazy\" decoding=\"async\" width=\"800\" height=\"600\" src=\"https:\/\/sare.eus\/wp-content\/uploads\/2021\/10\/WhatsApp-Image-2021-06-04-at-11.56.32-1.jpeg\" alt=\"\" class=\"wp-image-515\" srcset=\"https:\/\/sare.eus\/wp-content\/uploads\/2021\/10\/WhatsApp-Image-2021-06-04-at-11.56.32-1.jpeg 800w, https:\/\/sare.eus\/wp-content\/uploads\/2021\/10\/WhatsApp-Image-2021-06-04-at-11.56.32-1-300x225.jpeg 300w, https:\/\/sare.eus\/wp-content\/uploads\/2021\/10\/WhatsApp-Image-2021-06-04-at-11.56.32-1-768x576.jpeg 768w\" sizes=\"(max-width: 800px) 100vw, 800px\" \/><\/figure>\n<\/div>\n\n\n\n<div class=\"wp-block-column is-layout-flow wp-block-column-is-layout-flow\">\n<figure class=\"wp-block-image size-full\"><img loading=\"lazy\" decoding=\"async\" width=\"800\" height=\"600\" src=\"https:\/\/sare.eus\/wp-content\/uploads\/2021\/10\/WhatsApp-Image-2021-06-04-at-11.43.45-1.jpeg\" alt=\"\" class=\"wp-image-517\" srcset=\"https:\/\/sare.eus\/wp-content\/uploads\/2021\/10\/WhatsApp-Image-2021-06-04-at-11.43.45-1.jpeg 800w, https:\/\/sare.eus\/wp-content\/uploads\/2021\/10\/WhatsApp-Image-2021-06-04-at-11.43.45-1-300x225.jpeg 300w, https:\/\/sare.eus\/wp-content\/uploads\/2021\/10\/WhatsApp-Image-2021-06-04-at-11.43.45-1-768x576.jpeg 768w\" sizes=\"(max-width: 800px) 100vw, 800px\" \/><\/figure>\n<\/div>\n<\/div>\n","protected":false},"excerpt":{"rendered":"<p>Hoy en Donostia, manifestaci\u00f3n convocada por la mayoritaria sindical de Guipuzkoa junto a la Red ciudadana SARE. En el marco de la din\u00e1mica izan Bidea, tambi\u00e9n se han querido poner [&hellip;]<\/p>\n","protected":false},"author":1,"featured_media":522,"comment_status":"open","ping_status":"open","sticky":false,"template":"","format":"standard","meta":{"_acf_changed":false,"_et_pb_use_builder":"off","_et_pb_old_content":"","_et_gb_content_width":"","footnotes":""},"categories":[60],"tags":[],"class_list":["post-1338","post","type-post","status-publish","format-standard","has-post-thumbnail","hentry","category-etxera-es","et-has-post-format-content","et_post_format-et-post-format-standard"],"acf":[],"yoast_head":"<!-- This site is optimized with the Yoast SEO plugin v26.4 - https:\/\/yoast.com\/wordpress\/plugins\/seo\/ -->\n<title>Manifestaci\u00f3n convocada por la mayoria sindical de Gipuzkoa junto a la Red Ciudadana Sare - Sare Herritarra<\/title>\n<meta name=\"robots\" content=\"index, follow, max-snippet:-1, max-image-preview:large, max-video-preview:-1\" \/>\n<link rel=\"canonical\" href=\"https:\/\/sare.eus\/es\/manifestacion-convocada-por-la-mayoria-sindical-de-gipuzkoa-junto-a-la-red-ciudadana-sare\/\" \/>\n<meta property=\"og:locale\" content=\"es_ES\" \/>\n<meta property=\"og:type\" content=\"article\" \/>\n<meta property=\"og:title\" content=\"Manifestaci\u00f3n convocada por la mayoria sindical de Gipuzkoa junto a la Red Ciudadana Sare - Sare Herritarra\" \/>\n<meta property=\"og:description\" content=\"Hoy en Donostia, manifestaci\u00f3n convocada por la mayoritaria sindical de Guipuzkoa junto a la Red ciudadana SARE. En el marco de la din\u00e1mica izan Bidea, tambi\u00e9n se han querido poner [&hellip;]\" \/>\n<meta property=\"og:url\" content=\"https:\/\/sare.eus\/es\/manifestacion-convocada-por-la-mayoria-sindical-de-gipuzkoa-junto-a-la-red-ciudadana-sare\/\" \/>\n<meta property=\"og:site_name\" content=\"Sare Herritarra\" \/>\n<meta property=\"article:published_time\" content=\"2021-06-04T15:27:29+00:00\" \/>\n<meta property=\"article:modified_time\" content=\"2021-10-20T15:49:17+00:00\" \/>\n<meta property=\"og:image\" content=\"https:\/\/sare.eus\/wp-content\/uploads\/2021\/10\/WhatsApp-Image-2021-06-04-at-11.43.45-2.jpeg\" \/>\n\t<meta property=\"og:image:width\" content=\"775\" \/>\n\t<meta property=\"og:image:height\" content=\"473\" \/>\n\t<meta property=\"og:image:type\" content=\"image\/jpeg\" \/>\n<meta name=\"author\" content=\"admin\" \/>\n<meta name=\"twitter:card\" content=\"summary_large_image\" \/>\n<meta name=\"twitter:label1\" content=\"Escrito por\" \/>\n\t<meta name=\"twitter:data1\" content=\"admin\" \/>\n\t<meta name=\"twitter:label2\" content=\"Tiempo de lectura\" \/>\n\t<meta name=\"twitter:data2\" content=\"3 minutos\" \/>\n<script type=\"application\/ld+json\" class=\"yoast-schema-graph\">{\"@context\":\"https:\/\/schema.org\",\"@graph\":[{\"@type\":\"Article\",\"@id\":\"https:\/\/sare.eus\/es\/manifestacion-convocada-por-la-mayoria-sindical-de-gipuzkoa-junto-a-la-red-ciudadana-sare\/#article\",\"isPartOf\":{\"@id\":\"https:\/\/sare.eus\/es\/manifestacion-convocada-por-la-mayoria-sindical-de-gipuzkoa-junto-a-la-red-ciudadana-sare\/\"},\"author\":{\"name\":\"admin\",\"@id\":\"https:\/\/sare.eus\/#\/schema\/person\/5a711e7396face0569eb43391127616d\"},\"headline\":\"Manifestaci\u00f3n convocada por la mayoria sindical de Gipuzkoa junto a la Red Ciudadana Sare\",\"datePublished\":\"2021-06-04T15:27:29+00:00\",\"dateModified\":\"2021-10-20T15:49:17+00:00\",\"mainEntityOfPage\":{\"@id\":\"https:\/\/sare.eus\/es\/manifestacion-convocada-por-la-mayoria-sindical-de-gipuzkoa-junto-a-la-red-ciudadana-sare\/\"},\"wordCount\":603,\"commentCount\":0,\"publisher\":{\"@id\":\"https:\/\/sare.eus\/#organization\"},\"image\":{\"@id\":\"https:\/\/sare.eus\/es\/manifestacion-convocada-por-la-mayoria-sindical-de-gipuzkoa-junto-a-la-red-ciudadana-sare\/#primaryimage\"},\"thumbnailUrl\":\"https:\/\/sare.eus\/wp-content\/uploads\/2021\/10\/WhatsApp-Image-2021-06-04-at-11.43.45-2.jpeg\",\"articleSection\":[\"Etxera\"],\"inLanguage\":\"es\",\"potentialAction\":[{\"@type\":\"CommentAction\",\"name\":\"Comment\",\"target\":[\"https:\/\/sare.eus\/es\/manifestacion-convocada-por-la-mayoria-sindical-de-gipuzkoa-junto-a-la-red-ciudadana-sare\/#respond\"]}]},{\"@type\":\"WebPage\",\"@id\":\"https:\/\/sare.eus\/es\/manifestacion-convocada-por-la-mayoria-sindical-de-gipuzkoa-junto-a-la-red-ciudadana-sare\/\",\"url\":\"https:\/\/sare.eus\/es\/manifestacion-convocada-por-la-mayoria-sindical-de-gipuzkoa-junto-a-la-red-ciudadana-sare\/\",\"name\":\"Manifestaci\u00f3n convocada por la mayoria sindical de Gipuzkoa junto a la Red Ciudadana Sare - Sare Herritarra\",\"isPartOf\":{\"@id\":\"https:\/\/sare.eus\/#website\"},\"primaryImageOfPage\":{\"@id\":\"https:\/\/sare.eus\/es\/manifestacion-convocada-por-la-mayoria-sindical-de-gipuzkoa-junto-a-la-red-ciudadana-sare\/#primaryimage\"},\"image\":{\"@id\":\"https:\/\/sare.eus\/es\/manifestacion-convocada-por-la-mayoria-sindical-de-gipuzkoa-junto-a-la-red-ciudadana-sare\/#primaryimage\"},\"thumbnailUrl\":\"https:\/\/sare.eus\/wp-content\/uploads\/2021\/10\/WhatsApp-Image-2021-06-04-at-11.43.45-2.jpeg\",\"datePublished\":\"2021-06-04T15:27:29+00:00\",\"dateModified\":\"2021-10-20T15:49:17+00:00\",\"breadcrumb\":{\"@id\":\"https:\/\/sare.eus\/es\/manifestacion-convocada-por-la-mayoria-sindical-de-gipuzkoa-junto-a-la-red-ciudadana-sare\/#breadcrumb\"},\"inLanguage\":\"es\",\"potentialAction\":[{\"@type\":\"ReadAction\",\"target\":[\"https:\/\/sare.eus\/es\/manifestacion-convocada-por-la-mayoria-sindical-de-gipuzkoa-junto-a-la-red-ciudadana-sare\/\"]}]},{\"@type\":\"ImageObject\",\"inLanguage\":\"es\",\"@id\":\"https:\/\/sare.eus\/es\/manifestacion-convocada-por-la-mayoria-sindical-de-gipuzkoa-junto-a-la-red-ciudadana-sare\/#primaryimage\",\"url\":\"https:\/\/sare.eus\/wp-content\/uploads\/2021\/10\/WhatsApp-Image-2021-06-04-at-11.43.45-2.jpeg\",\"contentUrl\":\"https:\/\/sare.eus\/wp-content\/uploads\/2021\/10\/WhatsApp-Image-2021-06-04-at-11.43.45-2.jpeg\",\"width\":775,\"height\":473},{\"@type\":\"BreadcrumbList\",\"@id\":\"https:\/\/sare.eus\/es\/manifestacion-convocada-por-la-mayoria-sindical-de-gipuzkoa-junto-a-la-red-ciudadana-sare\/#breadcrumb\",\"itemListElement\":[{\"@type\":\"ListItem\",\"position\":1,\"name\":\"Home\",\"item\":\"https:\/\/sare.eus\/\"},{\"@type\":\"ListItem\",\"position\":2,\"name\":\"Manifestaci\u00f3n convocada por la mayoria sindical de Gipuzkoa junto a la Red Ciudadana Sare\"}]},{\"@type\":\"WebSite\",\"@id\":\"https:\/\/sare.eus\/#website\",\"url\":\"https:\/\/sare.eus\/\",\"name\":\"Sare Herritarra\",\"description\":\"KONPONBIDEAREN ETA GIZA ESKUBIDEEN ALDEKO SARE HERRITARRA\",\"publisher\":{\"@id\":\"https:\/\/sare.eus\/#organization\"},\"potentialAction\":[{\"@type\":\"SearchAction\",\"target\":{\"@type\":\"EntryPoint\",\"urlTemplate\":\"https:\/\/sare.eus\/?s={search_term_string}\"},\"query-input\":{\"@type\":\"PropertyValueSpecification\",\"valueRequired\":true,\"valueName\":\"search_term_string\"}}],\"inLanguage\":\"es\"},{\"@type\":\"Organization\",\"@id\":\"https:\/\/sare.eus\/#organization\",\"name\":\"Sare Herritarra\",\"url\":\"https:\/\/sare.eus\/\",\"logo\":{\"@type\":\"ImageObject\",\"inLanguage\":\"es\",\"@id\":\"https:\/\/sare.eus\/#\/schema\/logo\/image\/\",\"url\":\"https:\/\/sare.eus\/wp-content\/uploads\/2021\/08\/sare.png\",\"contentUrl\":\"https:\/\/sare.eus\/wp-content\/uploads\/2021\/08\/sare.png\",\"width\":120,\"height\":142,\"caption\":\"Sare Herritarra\"},\"image\":{\"@id\":\"https:\/\/sare.eus\/#\/schema\/logo\/image\/\"}},{\"@type\":\"Person\",\"@id\":\"https:\/\/sare.eus\/#\/schema\/person\/5a711e7396face0569eb43391127616d\",\"name\":\"admin\",\"image\":{\"@type\":\"ImageObject\",\"inLanguage\":\"es\",\"@id\":\"https:\/\/sare.eus\/#\/schema\/person\/image\/\",\"url\":\"https:\/\/secure.gravatar.com\/avatar\/d22a8cc353ba20fa3181b73b7b53a33b5b98923d9a2f9945443604d7359581c4?s=96&d=mm&r=g\",\"contentUrl\":\"https:\/\/secure.gravatar.com\/avatar\/d22a8cc353ba20fa3181b73b7b53a33b5b98923d9a2f9945443604d7359581c4?s=96&d=mm&r=g\",\"caption\":\"admin\"},\"url\":\"https:\/\/sare.eus\/es\/author\/prueba3371_a2783y7n\/\"}]}<\/script>\n<!-- \/ Yoast SEO plugin. -->","yoast_head_json":{"title":"Manifestaci\u00f3n convocada por la mayoria sindical de Gipuzkoa junto a la Red Ciudadana Sare - Sare Herritarra","robots":{"index":"index","follow":"follow","max-snippet":"max-snippet:-1","max-image-preview":"max-image-preview:large","max-video-preview":"max-video-preview:-1"},"canonical":"https:\/\/sare.eus\/es\/manifestacion-convocada-por-la-mayoria-sindical-de-gipuzkoa-junto-a-la-red-ciudadana-sare\/","og_locale":"es_ES","og_type":"article","og_title":"Manifestaci\u00f3n convocada por la mayoria sindical de Gipuzkoa junto a la Red Ciudadana Sare - Sare Herritarra","og_description":"Hoy en Donostia, manifestaci\u00f3n convocada por la mayoritaria sindical de Guipuzkoa junto a la Red ciudadana SARE. En el marco de la din\u00e1mica izan Bidea, tambi\u00e9n se han querido poner [&hellip;]","og_url":"https:\/\/sare.eus\/es\/manifestacion-convocada-por-la-mayoria-sindical-de-gipuzkoa-junto-a-la-red-ciudadana-sare\/","og_site_name":"Sare Herritarra","article_published_time":"2021-06-04T15:27:29+00:00","article_modified_time":"2021-10-20T15:49:17+00:00","og_image":[{"width":775,"height":473,"url":"https:\/\/sare.eus\/wp-content\/uploads\/2021\/10\/WhatsApp-Image-2021-06-04-at-11.43.45-2.jpeg","type":"image\/jpeg"}],"author":"admin","twitter_card":"summary_large_image","twitter_misc":{"Escrito por":"admin","Tiempo de lectura":"3 minutos"},"schema":{"@context":"https:\/\/schema.org","@graph":[{"@type":"Article","@id":"https:\/\/sare.eus\/es\/manifestacion-convocada-por-la-mayoria-sindical-de-gipuzkoa-junto-a-la-red-ciudadana-sare\/#article","isPartOf":{"@id":"https:\/\/sare.eus\/es\/manifestacion-convocada-por-la-mayoria-sindical-de-gipuzkoa-junto-a-la-red-ciudadana-sare\/"},"author":{"name":"admin","@id":"https:\/\/sare.eus\/#\/schema\/person\/5a711e7396face0569eb43391127616d"},"headline":"Manifestaci\u00f3n convocada por la mayoria sindical de Gipuzkoa junto a la Red Ciudadana Sare","datePublished":"2021-06-04T15:27:29+00:00","dateModified":"2021-10-20T15:49:17+00:00","mainEntityOfPage":{"@id":"https:\/\/sare.eus\/es\/manifestacion-convocada-por-la-mayoria-sindical-de-gipuzkoa-junto-a-la-red-ciudadana-sare\/"},"wordCount":603,"commentCount":0,"publisher":{"@id":"https:\/\/sare.eus\/#organization"},"image":{"@id":"https:\/\/sare.eus\/es\/manifestacion-convocada-por-la-mayoria-sindical-de-gipuzkoa-junto-a-la-red-ciudadana-sare\/#primaryimage"},"thumbnailUrl":"https:\/\/sare.eus\/wp-content\/uploads\/2021\/10\/WhatsApp-Image-2021-06-04-at-11.43.45-2.jpeg","articleSection":["Etxera"],"inLanguage":"es","potentialAction":[{"@type":"CommentAction","name":"Comment","target":["https:\/\/sare.eus\/es\/manifestacion-convocada-por-la-mayoria-sindical-de-gipuzkoa-junto-a-la-red-ciudadana-sare\/#respond"]}]},{"@type":"WebPage","@id":"https:\/\/sare.eus\/es\/manifestacion-convocada-por-la-mayoria-sindical-de-gipuzkoa-junto-a-la-red-ciudadana-sare\/","url":"https:\/\/sare.eus\/es\/manifestacion-convocada-por-la-mayoria-sindical-de-gipuzkoa-junto-a-la-red-ciudadana-sare\/","name":"Manifestaci\u00f3n convocada por la mayoria sindical de Gipuzkoa junto a la Red Ciudadana Sare - Sare Herritarra","isPartOf":{"@id":"https:\/\/sare.eus\/#website"},"primaryImageOfPage":{"@id":"https:\/\/sare.eus\/es\/manifestacion-convocada-por-la-mayoria-sindical-de-gipuzkoa-junto-a-la-red-ciudadana-sare\/#primaryimage"},"image":{"@id":"https:\/\/sare.eus\/es\/manifestacion-convocada-por-la-mayoria-sindical-de-gipuzkoa-junto-a-la-red-ciudadana-sare\/#primaryimage"},"thumbnailUrl":"https:\/\/sare.eus\/wp-content\/uploads\/2021\/10\/WhatsApp-Image-2021-06-04-at-11.43.45-2.jpeg","datePublished":"2021-06-04T15:27:29+00:00","dateModified":"2021-10-20T15:49:17+00:00","breadcrumb":{"@id":"https:\/\/sare.eus\/es\/manifestacion-convocada-por-la-mayoria-sindical-de-gipuzkoa-junto-a-la-red-ciudadana-sare\/#breadcrumb"},"inLanguage":"es","potentialAction":[{"@type":"ReadAction","target":["https:\/\/sare.eus\/es\/manifestacion-convocada-por-la-mayoria-sindical-de-gipuzkoa-junto-a-la-red-ciudadana-sare\/"]}]},{"@type":"ImageObject","inLanguage":"es","@id":"https:\/\/sare.eus\/es\/manifestacion-convocada-por-la-mayoria-sindical-de-gipuzkoa-junto-a-la-red-ciudadana-sare\/#primaryimage","url":"https:\/\/sare.eus\/wp-content\/uploads\/2021\/10\/WhatsApp-Image-2021-06-04-at-11.43.45-2.jpeg","contentUrl":"https:\/\/sare.eus\/wp-content\/uploads\/2021\/10\/WhatsApp-Image-2021-06-04-at-11.43.45-2.jpeg","width":775,"height":473},{"@type":"BreadcrumbList","@id":"https:\/\/sare.eus\/es\/manifestacion-convocada-por-la-mayoria-sindical-de-gipuzkoa-junto-a-la-red-ciudadana-sare\/#breadcrumb","itemListElement":[{"@type":"ListItem","position":1,"name":"Home","item":"https:\/\/sare.eus\/"},{"@type":"ListItem","position":2,"name":"Manifestaci\u00f3n convocada por la mayoria sindical de Gipuzkoa junto a la Red Ciudadana Sare"}]},{"@type":"WebSite","@id":"https:\/\/sare.eus\/#website","url":"https:\/\/sare.eus\/","name":"Sare Herritarra","description":"KONPONBIDEAREN ETA GIZA ESKUBIDEEN ALDEKO SARE HERRITARRA","publisher":{"@id":"https:\/\/sare.eus\/#organization"},"potentialAction":[{"@type":"SearchAction","target":{"@type":"EntryPoint","urlTemplate":"https:\/\/sare.eus\/?s={search_term_string}"},"query-input":{"@type":"PropertyValueSpecification","valueRequired":true,"valueName":"search_term_string"}}],"inLanguage":"es"},{"@type":"Organization","@id":"https:\/\/sare.eus\/#organization","name":"Sare Herritarra","url":"https:\/\/sare.eus\/","logo":{"@type":"ImageObject","inLanguage":"es","@id":"https:\/\/sare.eus\/#\/schema\/logo\/image\/","url":"https:\/\/sare.eus\/wp-content\/uploads\/2021\/08\/sare.png","contentUrl":"https:\/\/sare.eus\/wp-content\/uploads\/2021\/08\/sare.png","width":120,"height":142,"caption":"Sare Herritarra"},"image":{"@id":"https:\/\/sare.eus\/#\/schema\/logo\/image\/"}},{"@type":"Person","@id":"https:\/\/sare.eus\/#\/schema\/person\/5a711e7396face0569eb43391127616d","name":"admin","image":{"@type":"ImageObject","inLanguage":"es","@id":"https:\/\/sare.eus\/#\/schema\/person\/image\/","url":"https:\/\/secure.gravatar.com\/avatar\/d22a8cc353ba20fa3181b73b7b53a33b5b98923d9a2f9945443604d7359581c4?s=96&d=mm&r=g","contentUrl":"https:\/\/secure.gravatar.com\/avatar\/d22a8cc353ba20fa3181b73b7b53a33b5b98923d9a2f9945443604d7359581c4?s=96&d=mm&r=g","caption":"admin"},"url":"https:\/\/sare.eus\/es\/author\/prueba3371_a2783y7n\/"}]}},"_links":{"self":[{"href":"https:\/\/sare.eus\/es\/wp-json\/wp\/v2\/posts\/1338","targetHints":{"allow":["GET"]}}],"collection":[{"href":"https:\/\/sare.eus\/es\/wp-json\/wp\/v2\/posts"}],"about":[{"href":"https:\/\/sare.eus\/es\/wp-json\/wp\/v2\/types\/post"}],"author":[{"embeddable":true,"href":"https:\/\/sare.eus\/es\/wp-json\/wp\/v2\/users\/1"}],"replies":[{"embeddable":true,"href":"https:\/\/sare.eus\/es\/wp-json\/wp\/v2\/comments?post=1338"}],"version-history":[{"count":1,"href":"https:\/\/sare.eus\/es\/wp-json\/wp\/v2\/posts\/1338\/revisions"}],"predecessor-version":[{"id":1339,"href":"https:\/\/sare.eus\/es\/wp-json\/wp\/v2\/posts\/1338\/revisions\/1339"}],"wp:featuredmedia":[{"embeddable":true,"href":"https:\/\/sare.eus\/es\/wp-json\/wp\/v2\/media\/522"}],"wp:attachment":[{"href":"https:\/\/sare.eus\/es\/wp-json\/wp\/v2\/media?parent=1338"}],"wp:term":[{"taxonomy":"category","embeddable":true,"href":"https:\/\/sare.eus\/es\/wp-json\/wp\/v2\/categories?post=1338"},{"taxonomy":"post_tag","embeddable":true,"href":"https:\/\/sare.eus\/es\/wp-json\/wp\/v2\/tags?post=1338"}],"curies":[{"name":"wp","href":"https:\/\/api.w.org\/{rel}","templated":true}]}}