{"id":1334,"date":"2021-06-17T15:20:01","date_gmt":"2021-06-17T15:20:01","guid":{"rendered":"http:\/\/650tontor.sare.eus\/si-se-puede-y-se-debe-acelerar-el-paso\/"},"modified":"2021-10-20T15:50:12","modified_gmt":"2021-10-20T15:50:12","slug":"si-se-puede-y-se-debe-acelerar-el-paso","status":"publish","type":"post","link":"https:\/\/sare.eus\/es\/si-se-puede-y-se-debe-acelerar-el-paso\/","title":{"rendered":"S\u00cd SE PUEDE, Y SE DEBE\u2026 ACELERAR EL PASO"},"content":{"rendered":"<blockquote><p><em>OMPARECENCIA DE LOS COMIT\u00c9S DE EMPRESA<\/em><br \/><em>Con esta comparecencia de hoy queremos dar a conocer que los comit\u00e9s de empresa de KYB suspensiones, Graficas Estella SL, Sunsundegi, Aceros Moldeados, Fundaci\u00f3n Xilema, Residencia de mayores de Caseda, Tasubinsa, Elkarkide, San Fermin Ikastola y muchos comit\u00e9s de empresa mas dan su adhesi\u00f3n al manifiesto presentado por la Red Ciudadana Sare. En este sentido, son muchos los comit\u00e9s de empresa y representantes y los trabajadores que han respaldado el manifiesto que leemos a continuaci\u00f3n.<\/em><\/p><\/blockquote>\n<p><strong>S\u00cd SE PUEDE, Y SE DEBE\u2026 ACELERAR EL PASO<\/strong><\/p>\n<p>Durante los \u00faltimos meses estamos asistiendo a la materializaci\u00f3n de cambios en la pol\u00edtica penitenciaria. Un n\u00famero significativo de presas y presos vascos han sido trasladados a prisiones que se encuentran m\u00e1s cercanas a los lugares de residencia de sus familias. Sin duda alguna, este acercamiento supone un alivio importante para una comunidad de familias que se ha dejado 16 vidas en 400 accidentes de carretera. Este esperanzador cambio se debe fundamentalmente al empuje articulado de la mayor\u00eda pol\u00edtica, social y sindical de Nafarroa. Es justo reconocer y valorar la decisi\u00f3n por romper inercias del pasado e intentar dirigirlas hacia un horizonte de soluciones. Y es necesario asimismo que las mayor\u00edas sociales y pol\u00edticas que han propiciado este cambio sean proactivas en la tarea de seguir abriendo un camino que se puede y se debe andar con m\u00e1s determinaci\u00f3n, m\u00e1s coraje y m\u00e1s premura. Porque las condiciones est\u00e1n dadas, el horizonte de soluciones y convivencia compartida que queremos construir se muestra cada vez m\u00e1s di\u00e1fano\u2026. y porque alargar innecesariamente este proceso de soluciones solamente contribuye a aumentar el sufrimiento y a facilitar las maniobras de obstaculizaci\u00f3n de quienes siguen obstinados en impedir cualquier avance a una soluci\u00f3n global y definitiva.<\/p>\n<p><strong>Por eso, las personas que firmamos este manifiesto instamos a las autoridades competentes en materia de pol\u00edtica penitenciaria a:<\/strong><\/p>\n<p>1.- Completar el acercamiento de presos vascos, trasladando a todas y todos ellos a las prisiones m\u00e1s pr\u00f3ximas a su entorno social y familiar.<\/p>\n<p>2.-Aplicar a todas y todos los presos vascos de forma decidida una pol\u00edtica penitenciaria alejada de la excepcionalidad, posibilitando la progresi\u00f3n de grados que les permita recorrer en un tiempo razonable todo su itinerario para la excarcelaci\u00f3n.<\/p>\n<p>3.-Proceder de manera urgente a la excarcelaci\u00f3n de las personas presas mayores y a las que est\u00e1n aquejadas de enfermedades graves.<\/p>\n<p>4.-Reorientar las medidas excepcionales adoptadas en las c\u00e1rceles con motivo de la pandemia ocasionada por la Covid-19; en la direcci\u00f3n recomendada por Organismos internacionales que abogan por arbitrar pol\u00edticas de excarcelaci\u00f3n controlada con el objetivo de reducir al m\u00ednimo la poblaci\u00f3n interna en las prisiones.<\/p>\n<p>Por \u00faltimo, hacemos un llamamiento a todas y todos los trabajadores para que acudan a la movilizaci\u00f3n que realizar\u00e1 La Red Ciudadana Sare el 3 de julio, a las 18:00 en las Murallas de la Ciudadela de Pamplona con el lema \u00abIbilian-ibilian, etxerako bidean\u201d \/ Recorriendo el camino a casa\u00bb.<\/p>\n<p>Muchas gracias, eskerrik asko!<\/p>\n","protected":false},"excerpt":{"rendered":"<p>OMPARECENCIA DE LOS COMIT\u00c9S DE EMPRESACon esta comparecencia de hoy queremos dar a conocer que los comit\u00e9s de empresa de KYB suspensiones, Graficas Estella SL, Sunsundegi, Aceros Moldeados, Fundaci\u00f3n Xilema, [&hellip;]<\/p>\n","protected":false},"author":1,"featured_media":538,"comment_status":"open","ping_status":"open","sticky":false,"template":"","format":"standard","meta":{"_acf_changed":false,"_et_pb_use_builder":"off","_et_pb_old_content":"","_et_gb_content_width":"","footnotes":""},"categories":[60],"tags":[],"class_list":["post-1334","post","type-post","status-publish","format-standard","has-post-thumbnail","hentry","category-etxera-es","et-has-post-format-content","et_post_format-et-post-format-standard"],"acf":[],"yoast_head":"<!-- This site is optimized with the Yoast SEO plugin v26.4 - https:\/\/yoast.com\/wordpress\/plugins\/seo\/ -->\n<title>S\u00cd SE PUEDE, Y SE DEBE\u2026 ACELERAR EL PASO - Sare Herritarra<\/title>\n<meta name=\"robots\" content=\"index, follow, max-snippet:-1, max-image-preview:large, max-video-preview:-1\" \/>\n<link rel=\"canonical\" href=\"https:\/\/sare.eus\/es\/si-se-puede-y-se-debe-acelerar-el-paso\/\" \/>\n<meta property=\"og:locale\" content=\"es_ES\" \/>\n<meta property=\"og:type\" content=\"article\" \/>\n<meta property=\"og:title\" content=\"S\u00cd SE PUEDE, Y SE DEBE\u2026 ACELERAR EL PASO - Sare Herritarra\" \/>\n<meta property=\"og:description\" content=\"OMPARECENCIA DE LOS COMIT\u00c9S DE EMPRESACon esta comparecencia de hoy queremos dar a conocer que los comit\u00e9s de empresa de KYB suspensiones, Graficas Estella SL, Sunsundegi, Aceros Moldeados, Fundaci\u00f3n Xilema, [&hellip;]\" \/>\n<meta property=\"og:url\" content=\"https:\/\/sare.eus\/es\/si-se-puede-y-se-debe-acelerar-el-paso\/\" \/>\n<meta property=\"og:site_name\" content=\"Sare Herritarra\" \/>\n<meta property=\"article:published_time\" content=\"2021-06-17T15:20:01+00:00\" \/>\n<meta property=\"article:modified_time\" content=\"2021-10-20T15:50:12+00:00\" \/>\n<meta property=\"og:image\" content=\"https:\/\/sare.eus\/wp-content\/uploads\/2021\/10\/2021.06.17.-burgoen-plaza.jpg\" \/>\n\t<meta property=\"og:image:width\" content=\"891\" \/>\n\t<meta property=\"og:image:height\" content=\"598\" \/>\n\t<meta property=\"og:image:type\" content=\"image\/jpeg\" \/>\n<meta name=\"author\" content=\"admin\" \/>\n<meta name=\"twitter:card\" content=\"summary_large_image\" \/>\n<meta name=\"twitter:label1\" content=\"Escrito por\" \/>\n\t<meta name=\"twitter:data1\" content=\"admin\" \/>\n\t<meta name=\"twitter:label2\" content=\"Tiempo de lectura\" \/>\n\t<meta name=\"twitter:data2\" content=\"3 minutos\" \/>\n<script type=\"application\/ld+json\" class=\"yoast-schema-graph\">{\"@context\":\"https:\/\/schema.org\",\"@graph\":[{\"@type\":\"Article\",\"@id\":\"https:\/\/sare.eus\/es\/si-se-puede-y-se-debe-acelerar-el-paso\/#article\",\"isPartOf\":{\"@id\":\"https:\/\/sare.eus\/es\/si-se-puede-y-se-debe-acelerar-el-paso\/\"},\"author\":{\"name\":\"admin\",\"@id\":\"https:\/\/sare.eus\/#\/schema\/person\/5a711e7396face0569eb43391127616d\"},\"headline\":\"S\u00cd SE PUEDE, Y SE DEBE\u2026 ACELERAR EL PASO\",\"datePublished\":\"2021-06-17T15:20:01+00:00\",\"dateModified\":\"2021-10-20T15:50:12+00:00\",\"mainEntityOfPage\":{\"@id\":\"https:\/\/sare.eus\/es\/si-se-puede-y-se-debe-acelerar-el-paso\/\"},\"wordCount\":534,\"commentCount\":0,\"publisher\":{\"@id\":\"https:\/\/sare.eus\/#organization\"},\"image\":{\"@id\":\"https:\/\/sare.eus\/es\/si-se-puede-y-se-debe-acelerar-el-paso\/#primaryimage\"},\"thumbnailUrl\":\"https:\/\/sare.eus\/wp-content\/uploads\/2021\/10\/2021.06.17.-burgoen-plaza.jpg\",\"articleSection\":[\"Etxera\"],\"inLanguage\":\"es\",\"potentialAction\":[{\"@type\":\"CommentAction\",\"name\":\"Comment\",\"target\":[\"https:\/\/sare.eus\/es\/si-se-puede-y-se-debe-acelerar-el-paso\/#respond\"]}]},{\"@type\":\"WebPage\",\"@id\":\"https:\/\/sare.eus\/es\/si-se-puede-y-se-debe-acelerar-el-paso\/\",\"url\":\"https:\/\/sare.eus\/es\/si-se-puede-y-se-debe-acelerar-el-paso\/\",\"name\":\"S\u00cd SE PUEDE, Y SE DEBE\u2026 ACELERAR EL PASO - Sare Herritarra\",\"isPartOf\":{\"@id\":\"https:\/\/sare.eus\/#website\"},\"primaryImageOfPage\":{\"@id\":\"https:\/\/sare.eus\/es\/si-se-puede-y-se-debe-acelerar-el-paso\/#primaryimage\"},\"image\":{\"@id\":\"https:\/\/sare.eus\/es\/si-se-puede-y-se-debe-acelerar-el-paso\/#primaryimage\"},\"thumbnailUrl\":\"https:\/\/sare.eus\/wp-content\/uploads\/2021\/10\/2021.06.17.-burgoen-plaza.jpg\",\"datePublished\":\"2021-06-17T15:20:01+00:00\",\"dateModified\":\"2021-10-20T15:50:12+00:00\",\"breadcrumb\":{\"@id\":\"https:\/\/sare.eus\/es\/si-se-puede-y-se-debe-acelerar-el-paso\/#breadcrumb\"},\"inLanguage\":\"es\",\"potentialAction\":[{\"@type\":\"ReadAction\",\"target\":[\"https:\/\/sare.eus\/es\/si-se-puede-y-se-debe-acelerar-el-paso\/\"]}]},{\"@type\":\"ImageObject\",\"inLanguage\":\"es\",\"@id\":\"https:\/\/sare.eus\/es\/si-se-puede-y-se-debe-acelerar-el-paso\/#primaryimage\",\"url\":\"https:\/\/sare.eus\/wp-content\/uploads\/2021\/10\/2021.06.17.-burgoen-plaza.jpg\",\"contentUrl\":\"https:\/\/sare.eus\/wp-content\/uploads\/2021\/10\/2021.06.17.-burgoen-plaza.jpg\",\"width\":891,\"height\":598},{\"@type\":\"BreadcrumbList\",\"@id\":\"https:\/\/sare.eus\/es\/si-se-puede-y-se-debe-acelerar-el-paso\/#breadcrumb\",\"itemListElement\":[{\"@type\":\"ListItem\",\"position\":1,\"name\":\"Home\",\"item\":\"https:\/\/sare.eus\/\"},{\"@type\":\"ListItem\",\"position\":2,\"name\":\"S\u00cd SE PUEDE, Y SE DEBE\u2026 ACELERAR EL PASO\"}]},{\"@type\":\"WebSite\",\"@id\":\"https:\/\/sare.eus\/#website\",\"url\":\"https:\/\/sare.eus\/\",\"name\":\"Sare Herritarra\",\"description\":\"KONPONBIDEAREN ETA GIZA ESKUBIDEEN ALDEKO SARE HERRITARRA\",\"publisher\":{\"@id\":\"https:\/\/sare.eus\/#organization\"},\"potentialAction\":[{\"@type\":\"SearchAction\",\"target\":{\"@type\":\"EntryPoint\",\"urlTemplate\":\"https:\/\/sare.eus\/?s={search_term_string}\"},\"query-input\":{\"@type\":\"PropertyValueSpecification\",\"valueRequired\":true,\"valueName\":\"search_term_string\"}}],\"inLanguage\":\"es\"},{\"@type\":\"Organization\",\"@id\":\"https:\/\/sare.eus\/#organization\",\"name\":\"Sare Herritarra\",\"url\":\"https:\/\/sare.eus\/\",\"logo\":{\"@type\":\"ImageObject\",\"inLanguage\":\"es\",\"@id\":\"https:\/\/sare.eus\/#\/schema\/logo\/image\/\",\"url\":\"https:\/\/sare.eus\/wp-content\/uploads\/2021\/08\/sare.png\",\"contentUrl\":\"https:\/\/sare.eus\/wp-content\/uploads\/2021\/08\/sare.png\",\"width\":120,\"height\":142,\"caption\":\"Sare Herritarra\"},\"image\":{\"@id\":\"https:\/\/sare.eus\/#\/schema\/logo\/image\/\"}},{\"@type\":\"Person\",\"@id\":\"https:\/\/sare.eus\/#\/schema\/person\/5a711e7396face0569eb43391127616d\",\"name\":\"admin\",\"image\":{\"@type\":\"ImageObject\",\"inLanguage\":\"es\",\"@id\":\"https:\/\/sare.eus\/#\/schema\/person\/image\/\",\"url\":\"https:\/\/secure.gravatar.com\/avatar\/d22a8cc353ba20fa3181b73b7b53a33b5b98923d9a2f9945443604d7359581c4?s=96&d=mm&r=g\",\"contentUrl\":\"https:\/\/secure.gravatar.com\/avatar\/d22a8cc353ba20fa3181b73b7b53a33b5b98923d9a2f9945443604d7359581c4?s=96&d=mm&r=g\",\"caption\":\"admin\"},\"url\":\"https:\/\/sare.eus\/es\/author\/prueba3371_a2783y7n\/\"}]}<\/script>\n<!-- \/ Yoast SEO plugin. -->","yoast_head_json":{"title":"S\u00cd SE PUEDE, Y SE DEBE\u2026 ACELERAR EL PASO - Sare Herritarra","robots":{"index":"index","follow":"follow","max-snippet":"max-snippet:-1","max-image-preview":"max-image-preview:large","max-video-preview":"max-video-preview:-1"},"canonical":"https:\/\/sare.eus\/es\/si-se-puede-y-se-debe-acelerar-el-paso\/","og_locale":"es_ES","og_type":"article","og_title":"S\u00cd SE PUEDE, Y SE DEBE\u2026 ACELERAR EL PASO - Sare Herritarra","og_description":"OMPARECENCIA DE LOS COMIT\u00c9S DE EMPRESACon esta comparecencia de hoy queremos dar a conocer que los comit\u00e9s de empresa de KYB suspensiones, Graficas Estella SL, Sunsundegi, Aceros Moldeados, Fundaci\u00f3n Xilema, [&hellip;]","og_url":"https:\/\/sare.eus\/es\/si-se-puede-y-se-debe-acelerar-el-paso\/","og_site_name":"Sare Herritarra","article_published_time":"2021-06-17T15:20:01+00:00","article_modified_time":"2021-10-20T15:50:12+00:00","og_image":[{"width":891,"height":598,"url":"https:\/\/sare.eus\/wp-content\/uploads\/2021\/10\/2021.06.17.-burgoen-plaza.jpg","type":"image\/jpeg"}],"author":"admin","twitter_card":"summary_large_image","twitter_misc":{"Escrito por":"admin","Tiempo de lectura":"3 minutos"},"schema":{"@context":"https:\/\/schema.org","@graph":[{"@type":"Article","@id":"https:\/\/sare.eus\/es\/si-se-puede-y-se-debe-acelerar-el-paso\/#article","isPartOf":{"@id":"https:\/\/sare.eus\/es\/si-se-puede-y-se-debe-acelerar-el-paso\/"},"author":{"name":"admin","@id":"https:\/\/sare.eus\/#\/schema\/person\/5a711e7396face0569eb43391127616d"},"headline":"S\u00cd SE PUEDE, Y SE DEBE\u2026 ACELERAR EL PASO","datePublished":"2021-06-17T15:20:01+00:00","dateModified":"2021-10-20T15:50:12+00:00","mainEntityOfPage":{"@id":"https:\/\/sare.eus\/es\/si-se-puede-y-se-debe-acelerar-el-paso\/"},"wordCount":534,"commentCount":0,"publisher":{"@id":"https:\/\/sare.eus\/#organization"},"image":{"@id":"https:\/\/sare.eus\/es\/si-se-puede-y-se-debe-acelerar-el-paso\/#primaryimage"},"thumbnailUrl":"https:\/\/sare.eus\/wp-content\/uploads\/2021\/10\/2021.06.17.-burgoen-plaza.jpg","articleSection":["Etxera"],"inLanguage":"es","potentialAction":[{"@type":"CommentAction","name":"Comment","target":["https:\/\/sare.eus\/es\/si-se-puede-y-se-debe-acelerar-el-paso\/#respond"]}]},{"@type":"WebPage","@id":"https:\/\/sare.eus\/es\/si-se-puede-y-se-debe-acelerar-el-paso\/","url":"https:\/\/sare.eus\/es\/si-se-puede-y-se-debe-acelerar-el-paso\/","name":"S\u00cd SE PUEDE, Y SE DEBE\u2026 ACELERAR EL PASO - Sare Herritarra","isPartOf":{"@id":"https:\/\/sare.eus\/#website"},"primaryImageOfPage":{"@id":"https:\/\/sare.eus\/es\/si-se-puede-y-se-debe-acelerar-el-paso\/#primaryimage"},"image":{"@id":"https:\/\/sare.eus\/es\/si-se-puede-y-se-debe-acelerar-el-paso\/#primaryimage"},"thumbnailUrl":"https:\/\/sare.eus\/wp-content\/uploads\/2021\/10\/2021.06.17.-burgoen-plaza.jpg","datePublished":"2021-06-17T15:20:01+00:00","dateModified":"2021-10-20T15:50:12+00:00","breadcrumb":{"@id":"https:\/\/sare.eus\/es\/si-se-puede-y-se-debe-acelerar-el-paso\/#breadcrumb"},"inLanguage":"es","potentialAction":[{"@type":"ReadAction","target":["https:\/\/sare.eus\/es\/si-se-puede-y-se-debe-acelerar-el-paso\/"]}]},{"@type":"ImageObject","inLanguage":"es","@id":"https:\/\/sare.eus\/es\/si-se-puede-y-se-debe-acelerar-el-paso\/#primaryimage","url":"https:\/\/sare.eus\/wp-content\/uploads\/2021\/10\/2021.06.17.-burgoen-plaza.jpg","contentUrl":"https:\/\/sare.eus\/wp-content\/uploads\/2021\/10\/2021.06.17.-burgoen-plaza.jpg","width":891,"height":598},{"@type":"BreadcrumbList","@id":"https:\/\/sare.eus\/es\/si-se-puede-y-se-debe-acelerar-el-paso\/#breadcrumb","itemListElement":[{"@type":"ListItem","position":1,"name":"Home","item":"https:\/\/sare.eus\/"},{"@type":"ListItem","position":2,"name":"S\u00cd SE PUEDE, Y SE DEBE\u2026 ACELERAR EL PASO"}]},{"@type":"WebSite","@id":"https:\/\/sare.eus\/#website","url":"https:\/\/sare.eus\/","name":"Sare Herritarra","description":"KONPONBIDEAREN ETA GIZA ESKUBIDEEN ALDEKO SARE HERRITARRA","publisher":{"@id":"https:\/\/sare.eus\/#organization"},"potentialAction":[{"@type":"SearchAction","target":{"@type":"EntryPoint","urlTemplate":"https:\/\/sare.eus\/?s={search_term_string}"},"query-input":{"@type":"PropertyValueSpecification","valueRequired":true,"valueName":"search_term_string"}}],"inLanguage":"es"},{"@type":"Organization","@id":"https:\/\/sare.eus\/#organization","name":"Sare Herritarra","url":"https:\/\/sare.eus\/","logo":{"@type":"ImageObject","inLanguage":"es","@id":"https:\/\/sare.eus\/#\/schema\/logo\/image\/","url":"https:\/\/sare.eus\/wp-content\/uploads\/2021\/08\/sare.png","contentUrl":"https:\/\/sare.eus\/wp-content\/uploads\/2021\/08\/sare.png","width":120,"height":142,"caption":"Sare Herritarra"},"image":{"@id":"https:\/\/sare.eus\/#\/schema\/logo\/image\/"}},{"@type":"Person","@id":"https:\/\/sare.eus\/#\/schema\/person\/5a711e7396face0569eb43391127616d","name":"admin","image":{"@type":"ImageObject","inLanguage":"es","@id":"https:\/\/sare.eus\/#\/schema\/person\/image\/","url":"https:\/\/secure.gravatar.com\/avatar\/d22a8cc353ba20fa3181b73b7b53a33b5b98923d9a2f9945443604d7359581c4?s=96&d=mm&r=g","contentUrl":"https:\/\/secure.gravatar.com\/avatar\/d22a8cc353ba20fa3181b73b7b53a33b5b98923d9a2f9945443604d7359581c4?s=96&d=mm&r=g","caption":"admin"},"url":"https:\/\/sare.eus\/es\/author\/prueba3371_a2783y7n\/"}]}},"_links":{"self":[{"href":"https:\/\/sare.eus\/es\/wp-json\/wp\/v2\/posts\/1334","targetHints":{"allow":["GET"]}}],"collection":[{"href":"https:\/\/sare.eus\/es\/wp-json\/wp\/v2\/posts"}],"about":[{"href":"https:\/\/sare.eus\/es\/wp-json\/wp\/v2\/types\/post"}],"author":[{"embeddable":true,"href":"https:\/\/sare.eus\/es\/wp-json\/wp\/v2\/users\/1"}],"replies":[{"embeddable":true,"href":"https:\/\/sare.eus\/es\/wp-json\/wp\/v2\/comments?post=1334"}],"version-history":[{"count":1,"href":"https:\/\/sare.eus\/es\/wp-json\/wp\/v2\/posts\/1334\/revisions"}],"predecessor-version":[{"id":1354,"href":"https:\/\/sare.eus\/es\/wp-json\/wp\/v2\/posts\/1334\/revisions\/1354"}],"wp:featuredmedia":[{"embeddable":true,"href":"https:\/\/sare.eus\/es\/wp-json\/wp\/v2\/media\/538"}],"wp:attachment":[{"href":"https:\/\/sare.eus\/es\/wp-json\/wp\/v2\/media?parent=1334"}],"wp:term":[{"taxonomy":"category","embeddable":true,"href":"https:\/\/sare.eus\/es\/wp-json\/wp\/v2\/categories?post=1334"},{"taxonomy":"post_tag","embeddable":true,"href":"https:\/\/sare.eus\/es\/wp-json\/wp\/v2\/tags?post=1334"}],"curies":[{"name":"wp","href":"https:\/\/api.w.org\/{rel}","templated":true}]}}