{"id":1332,"date":"2021-06-23T14:53:02","date_gmt":"2021-06-23T14:53:02","guid":{"rendered":"http:\/\/650tontor.sare.eus\/llamamos-a-la-ciudadania-de-nafarroa-para-que-participe-en-la-manifestacion-ibilian-ibilian-etxerako-bidean-del-3-de-julio-en-irunera\/"},"modified":"2021-10-20T15:54:14","modified_gmt":"2021-10-20T15:54:14","slug":"llamamos-a-la-ciudadania-de-nafarroa-para-que-participe-en-la-manifestacion-ibilian-ibilian-etxerako-bidean-del-3-de-julio-en-irunera","status":"publish","type":"post","link":"https:\/\/sare.eus\/es\/llamamos-a-la-ciudadania-de-nafarroa-para-que-participe-en-la-manifestacion-ibilian-ibilian-etxerako-bidean-del-3-de-julio-en-irunera\/","title":{"rendered":"Llamamos a la ciudadan\u00eda de Nafarroa para que participe en la manifestaci\u00f3n \u00abIbilian-ibilian, etxerako bidean\u00bb del 3 de julio, en Iru\u00f1era"},"content":{"rendered":"<p>Fue en 1987 y 1988 cuando se inici\u00f3 la pol\u00edtica de dispersi\u00f3n y alejamiento de sus lugares de origen de presos y presas vascas. Desde 1989, m\u00e1s de 50 c\u00e1rceles repartidas a lo largo y ancho del Estado (Canarias, Baleares, Ceuta y Melilla entre ellas) se convirtieron, durante casi 35 a\u00f1os, en sedes de la vulneraci\u00f3n de los derechos de toda persona presa a, por ejemplo, cumplir condena cerca de su domicilio habitual, tal y como establece la normativa penitenciaria y de manera ejemplar, el art.12 de la Ley Org\u00e1nica General Penitenciaria (1979).<\/p>\n<p>Ello se tradujo en un castigo a\u00f1adido para sus familiares que se han visto obligados a desplazarse, semana tras semana, a lugares lejanos. En el camino quedaron el cansancio f\u00edsico y mental de personas de avanzada edad, as\u00ed como de criaturas abrumadas por largos desplazamientos; los subsiguientes accidentes de tr\u00e1fico, que se han cobrado la vida de 16 personas; un gran esfuerzo econ\u00f3mico para todas ellas\u2026..En definitiva, un cruel castigo para quienes nunca fueron juzgados por delito alguno, pero que han sufrido las consecuencias de una pol\u00edtica penitenciaria inhumana y dise\u00f1ada para represaliar.<\/p>\n<p><img loading=\"lazy\" decoding=\"async\" class=\"alignleft wp-image-548 size-medium\" src=\"https:\/\/sare.eus\/wp-content\/uploads\/2021\/10\/2021.07.03-mobilizazioa-irunean-01-724x1024-1-212x300.jpg\" alt=\"\" width=\"212\" height=\"300\" srcset=\"https:\/\/sare.eus\/wp-content\/uploads\/2021\/10\/2021.07.03-mobilizazioa-irunean-01-724x1024-1-212x300.jpg 212w, https:\/\/sare.eus\/wp-content\/uploads\/2021\/10\/2021.07.03-mobilizazioa-irunean-01-724x1024-1.jpg 566w\" sizes=\"(max-width: 212px) 100vw, 212px\" \/><\/p>\n<p>Han tenido que pasar m\u00e1s de tres d\u00e9cadas, para que hoy podamos hablar de una situaci\u00f3n diferente. Las c\u00e1rceles del sur de la Pen\u00ednsula, (Levante y Andaluc\u00eda), faltan de terminar de albergar a presos y presas vascas. Situaci\u00f3n, que esperamos sea resuelta en las pr\u00f3ximas semanas. Pero queremos hacer una menci\u00f3n especial a la situaci\u00f3n de alejamiento en su conjunto. Hoy, un n\u00famero importante de presos y presas, contin\u00faan dispersadas por la mitad norte de la Pen\u00ednsula y a la espera de su ubicaci\u00f3n en los centros penitenciarios de Euskal Herria. Porque ser\u00e1 entonces, cuando desde las c\u00e1rceles antes mencionadas, salgan los \u00faltimos presos vascos y cuando todo y todas ellas est\u00e9n aqu\u00ed, estaremos en condiciones de poder hablar de normalizar la convivencia en nuestro Pa\u00eds. Es por ello, que su ubicaci\u00f3n en Euskal Herria, contin\u00faa siendo un objetivo irrenunciable para una gran parte de la sociedad vasca y por tanto que resulta necesario que la totalidad de los presos y presas vascos, cualquiera que sea la causa de su privaci\u00f3n de libertad, sea trasladado a las c\u00e1rceles de EH, donde sea objeto de aplicaci\u00f3n de las medidas penitenciarias correspondientes.<\/p>\n<p>Esta nueva situaci\u00f3n ha sido la consecuencia de los esfuerzos de muchas personas. Una gran parte de la sociedad vasca que, al margen de ideolog\u00edas y adscripciones partidistas, ha apostado por el fin de la vulneraci\u00f3n de los derechos humanos de los presos y presas vascos. Entre ellas, mujeres y hombres, articulados en este caso, a trav\u00e9s de organizaciones como la Red Ciudadana SARE; de partidos pol\u00edticos, sindicatos e instituciones, entre los que se ha logrado tejer importantes consensos. Entre todos y todas se ha conseguido un cambio de actitud del Gobierno de Espa\u00f1a. Esa movilizaci\u00f3n social, junto a los pasos dados por ETA, as\u00ed como el cumplimiento de los compromisos del Colectivo de Presos Pol\u00edticos Vascos (EPPK), han allanado un camino que a\u00fan no se ha recorrido por entero.<\/p>\n<p>Somos conscientes de la dificultad de nuestro empe\u00f1o, pero tenemos la determinaci\u00f3n para dar un paso m\u00e1s. El definitivo: comenzar a traerlos a casa. Ahora es el momento de ETXERAKO BIDEAN.<\/p>\n<p>Estamos reivindicando amortizar una pol\u00edtica penitenciaria de excepci\u00f3n, basada en el Derecho penal del enemigo y dise\u00f1ada para tiempos pasados, y sustituirla por otra basada en la ley ordinaria. De ese modo el castigo y la mera retribuci\u00f3n pasan a ser principios que vulneran el esp\u00edritu y la letra de las normas, y son desplazados por los de humanidad, reparaci\u00f3n y convivencia.<\/p>\n<p>ETXERAKO BIDEAN es, a partir de estos momentos, la nueva estrategia y din\u00e1mica de la Red Ciudadana SARE, sin olvidar el trabajo realizado hasta ahora en favor de la convivencia, la resoluci\u00f3n y la paz, pero insistiendo, con firmeza, en la necesidad de recorrer el camino de regreso a casa.<\/p>\n<p>ETXERAKO BIDEAN. Porque para empezar deber\u00eda producirse ya la excarcelaci\u00f3n de las personas gravemente enfermas y de aquellos mayores de 70 a\u00f1os. Su mantenimiento en prisi\u00f3n carece de justificaci\u00f3n alguna.<\/p>\n<p>ETXERAKO BIDEAN. Porque m\u00e1s del 90% de estas personas encarceladas, si no hubieran sido objeto de una pol\u00edtica de clasificaci\u00f3n basada en criterios estrictamente pol\u00edticos, pod\u00edan haber disfrutado, con la normativa penitenciaria ordinaria, de los permisos propios del segundo grado, situ\u00e1ndose hace tiempo en el umbral del tercer grado y con el cumplimiento de las penas en semilibertad.<\/p>\n<p>ETXERAKO BIDEAN. Porque m\u00e1s de un tercio ha cumplido -en algunos casos desde hace tiempo- las \u00be de las condenas impuestas por los tribunales. Con la aplicaci\u00f3n de una pol\u00edtica penitenciaria no excepcional habr\u00edan llegado ya al tercer grado y accedido a la libertad condicional.<\/p>\n<p>ETXERAKO BIDEAN. Porque las, aproximadamente, 60 personas presas vascas que fueron juzgadas y condenadas tras la aprobaci\u00f3n de la Ley Org\u00e1nica 7\/2003, de medidas de reforma para el cumplimiento \u00edntegro y efectivo de las penas -con hasta 40 a\u00f1os de privaci\u00f3n efectiva de libertad y limitaciones insuperables para acceder al tercer grado y a la libertad condicional- lo fueron con una normativa de car\u00e1cter excepcional que debe ser reconvertida a la normativa ordinaria.<\/p>\n<p>ETXERAKO BIDEAN. Porque a 50 personas reclusas vascas, que ya cumplieron condena en c\u00e1rceles del Estado Franc\u00e9s, se les est\u00e1 aplicando una ley redactada ad hominem, solo para presos y presas vascas, la Ley Org\u00e1nica 7\/2014 sobre intercambio de informaci\u00f3n de antecedentes penales y consideraci\u00f3n de resoluciones judiciales de la UE, una legislaci\u00f3n excepcional, que les impide el c\u00f3mputo del tiempo cumplido de privaci\u00f3n de libertad en el espacio de la UE. Dicha Ley se redact\u00f3 con la inclusi\u00f3n de cl\u00e1usulas espec\u00edficamente dirigidas a evitar dicho c\u00f3mputo en el caso de los presos y presas vascas.<\/p>\n<p>ETXERAKO BIDEAN. Porque nuestro Pueblo ya ha vivido grandes sufrimientos, perdido muchas vidas y roto muchos puentes de entendimiento y necesitamos reconstruirnos como sociedad en convivencia.<\/p>\n<p>Para ello la activaci\u00f3n social y la movilizaci\u00f3n siguen siendo claves. Por eso, hoy aqu\u00ed, queremos dar cuenta de una nueva movilizaci\u00f3n.\u00a0<strong>Llamamos a la ciudadan\u00eda de Nafarroa para que participe en la manifestaci\u00f3n \u00abIbilian-ibilian, etxerako bidean\u00bb que rodear\u00e1 la Ciudadela de Pamplona y que se celebrar\u00e1 el pr\u00f3ximo 3 de julio, a partir de las 18:00h.<\/strong><\/p>\n<p><strong>AHORA ES EL MOMENTO. Ahora hay que recorrer el camino de regreso a casa.<\/strong><\/p>\n","protected":false},"excerpt":{"rendered":"<p>Fue en 1987 y 1988 cuando se inici\u00f3 la pol\u00edtica de dispersi\u00f3n y alejamiento de sus lugares de origen de presos y presas vascas. Desde 1989, m\u00e1s de 50 c\u00e1rceles [&hellip;]<\/p>\n","protected":false},"author":1,"featured_media":553,"comment_status":"open","ping_status":"open","sticky":false,"template":"","format":"standard","meta":{"_acf_changed":false,"_et_pb_use_builder":"off","_et_pb_old_content":"","_et_gb_content_width":"","footnotes":""},"categories":[60],"tags":[],"class_list":["post-1332","post","type-post","status-publish","format-standard","has-post-thumbnail","hentry","category-etxera-es","et-has-post-format-content","et_post_format-et-post-format-standard"],"acf":[],"yoast_head":"<!-- This site is optimized with the Yoast SEO plugin v26.4 - https:\/\/yoast.com\/wordpress\/plugins\/seo\/ -->\n<title>Llamamos a la ciudadan\u00eda de Nafarroa para que participe en la manifestaci\u00f3n \u00abIbilian-ibilian, etxerako bidean\u00bb del 3 de julio, en Iru\u00f1era - Sare Herritarra<\/title>\n<meta name=\"robots\" content=\"index, follow, max-snippet:-1, max-image-preview:large, max-video-preview:-1\" \/>\n<link rel=\"canonical\" href=\"https:\/\/sare.eus\/es\/llamamos-a-la-ciudadania-de-nafarroa-para-que-participe-en-la-manifestacion-ibilian-ibilian-etxerako-bidean-del-3-de-julio-en-irunera\/\" \/>\n<meta property=\"og:locale\" content=\"es_ES\" \/>\n<meta property=\"og:type\" content=\"article\" \/>\n<meta property=\"og:title\" content=\"Llamamos a la ciudadan\u00eda de Nafarroa para que participe en la manifestaci\u00f3n \u00abIbilian-ibilian, etxerako bidean\u00bb del 3 de julio, en Iru\u00f1era - Sare Herritarra\" \/>\n<meta property=\"og:description\" content=\"Fue en 1987 y 1988 cuando se inici\u00f3 la pol\u00edtica de dispersi\u00f3n y alejamiento de sus lugares de origen de presos y presas vascas. Desde 1989, m\u00e1s de 50 c\u00e1rceles [&hellip;]\" \/>\n<meta property=\"og:url\" content=\"https:\/\/sare.eus\/es\/llamamos-a-la-ciudadania-de-nafarroa-para-que-participe-en-la-manifestacion-ibilian-ibilian-etxerako-bidean-del-3-de-julio-en-irunera\/\" \/>\n<meta property=\"og:site_name\" content=\"Sare Herritarra\" \/>\n<meta property=\"article:published_time\" content=\"2021-06-23T14:53:02+00:00\" \/>\n<meta property=\"article:modified_time\" content=\"2021-10-20T15:54:14+00:00\" \/>\n<meta property=\"og:image\" content=\"https:\/\/sare.eus\/wp-content\/uploads\/2021\/10\/EKAINAK-23-DE-JUNIO_SARE-web-scaled-1.jpg\" \/>\n\t<meta property=\"og:image:width\" content=\"900\" \/>\n\t<meta property=\"og:image:height\" content=\"599\" \/>\n\t<meta property=\"og:image:type\" content=\"image\/jpeg\" \/>\n<meta name=\"author\" content=\"admin\" \/>\n<meta name=\"twitter:card\" content=\"summary_large_image\" \/>\n<meta name=\"twitter:label1\" content=\"Escrito por\" \/>\n\t<meta name=\"twitter:data1\" content=\"admin\" \/>\n\t<meta name=\"twitter:label2\" content=\"Tiempo de lectura\" \/>\n\t<meta name=\"twitter:data2\" content=\"6 minutos\" \/>\n<script type=\"application\/ld+json\" class=\"yoast-schema-graph\">{\"@context\":\"https:\/\/schema.org\",\"@graph\":[{\"@type\":\"Article\",\"@id\":\"https:\/\/sare.eus\/es\/llamamos-a-la-ciudadania-de-nafarroa-para-que-participe-en-la-manifestacion-ibilian-ibilian-etxerako-bidean-del-3-de-julio-en-irunera\/#article\",\"isPartOf\":{\"@id\":\"https:\/\/sare.eus\/es\/llamamos-a-la-ciudadania-de-nafarroa-para-que-participe-en-la-manifestacion-ibilian-ibilian-etxerako-bidean-del-3-de-julio-en-irunera\/\"},\"author\":{\"name\":\"admin\",\"@id\":\"https:\/\/sare.eus\/#\/schema\/person\/5a711e7396face0569eb43391127616d\"},\"headline\":\"Llamamos a la ciudadan\u00eda de Nafarroa para que participe en la manifestaci\u00f3n \u00abIbilian-ibilian, etxerako bidean\u00bb del 3 de julio, en Iru\u00f1era\",\"datePublished\":\"2021-06-23T14:53:02+00:00\",\"dateModified\":\"2021-10-20T15:54:14+00:00\",\"mainEntityOfPage\":{\"@id\":\"https:\/\/sare.eus\/es\/llamamos-a-la-ciudadania-de-nafarroa-para-que-participe-en-la-manifestacion-ibilian-ibilian-etxerako-bidean-del-3-de-julio-en-irunera\/\"},\"wordCount\":1149,\"commentCount\":0,\"publisher\":{\"@id\":\"https:\/\/sare.eus\/#organization\"},\"image\":{\"@id\":\"https:\/\/sare.eus\/es\/llamamos-a-la-ciudadania-de-nafarroa-para-que-participe-en-la-manifestacion-ibilian-ibilian-etxerako-bidean-del-3-de-julio-en-irunera\/#primaryimage\"},\"thumbnailUrl\":\"https:\/\/sare.eus\/wp-content\/uploads\/2021\/10\/EKAINAK-23-DE-JUNIO_SARE-web-scaled-1.jpg\",\"articleSection\":[\"Etxera\"],\"inLanguage\":\"es\",\"potentialAction\":[{\"@type\":\"CommentAction\",\"name\":\"Comment\",\"target\":[\"https:\/\/sare.eus\/es\/llamamos-a-la-ciudadania-de-nafarroa-para-que-participe-en-la-manifestacion-ibilian-ibilian-etxerako-bidean-del-3-de-julio-en-irunera\/#respond\"]}]},{\"@type\":\"WebPage\",\"@id\":\"https:\/\/sare.eus\/es\/llamamos-a-la-ciudadania-de-nafarroa-para-que-participe-en-la-manifestacion-ibilian-ibilian-etxerako-bidean-del-3-de-julio-en-irunera\/\",\"url\":\"https:\/\/sare.eus\/es\/llamamos-a-la-ciudadania-de-nafarroa-para-que-participe-en-la-manifestacion-ibilian-ibilian-etxerako-bidean-del-3-de-julio-en-irunera\/\",\"name\":\"Llamamos a la ciudadan\u00eda de Nafarroa para que participe en la manifestaci\u00f3n \u00abIbilian-ibilian, etxerako bidean\u00bb del 3 de julio, en Iru\u00f1era - Sare Herritarra\",\"isPartOf\":{\"@id\":\"https:\/\/sare.eus\/#website\"},\"primaryImageOfPage\":{\"@id\":\"https:\/\/sare.eus\/es\/llamamos-a-la-ciudadania-de-nafarroa-para-que-participe-en-la-manifestacion-ibilian-ibilian-etxerako-bidean-del-3-de-julio-en-irunera\/#primaryimage\"},\"image\":{\"@id\":\"https:\/\/sare.eus\/es\/llamamos-a-la-ciudadania-de-nafarroa-para-que-participe-en-la-manifestacion-ibilian-ibilian-etxerako-bidean-del-3-de-julio-en-irunera\/#primaryimage\"},\"thumbnailUrl\":\"https:\/\/sare.eus\/wp-content\/uploads\/2021\/10\/EKAINAK-23-DE-JUNIO_SARE-web-scaled-1.jpg\",\"datePublished\":\"2021-06-23T14:53:02+00:00\",\"dateModified\":\"2021-10-20T15:54:14+00:00\",\"breadcrumb\":{\"@id\":\"https:\/\/sare.eus\/es\/llamamos-a-la-ciudadania-de-nafarroa-para-que-participe-en-la-manifestacion-ibilian-ibilian-etxerako-bidean-del-3-de-julio-en-irunera\/#breadcrumb\"},\"inLanguage\":\"es\",\"potentialAction\":[{\"@type\":\"ReadAction\",\"target\":[\"https:\/\/sare.eus\/es\/llamamos-a-la-ciudadania-de-nafarroa-para-que-participe-en-la-manifestacion-ibilian-ibilian-etxerako-bidean-del-3-de-julio-en-irunera\/\"]}]},{\"@type\":\"ImageObject\",\"inLanguage\":\"es\",\"@id\":\"https:\/\/sare.eus\/es\/llamamos-a-la-ciudadania-de-nafarroa-para-que-participe-en-la-manifestacion-ibilian-ibilian-etxerako-bidean-del-3-de-julio-en-irunera\/#primaryimage\",\"url\":\"https:\/\/sare.eus\/wp-content\/uploads\/2021\/10\/EKAINAK-23-DE-JUNIO_SARE-web-scaled-1.jpg\",\"contentUrl\":\"https:\/\/sare.eus\/wp-content\/uploads\/2021\/10\/EKAINAK-23-DE-JUNIO_SARE-web-scaled-1.jpg\",\"width\":900,\"height\":599},{\"@type\":\"BreadcrumbList\",\"@id\":\"https:\/\/sare.eus\/es\/llamamos-a-la-ciudadania-de-nafarroa-para-que-participe-en-la-manifestacion-ibilian-ibilian-etxerako-bidean-del-3-de-julio-en-irunera\/#breadcrumb\",\"itemListElement\":[{\"@type\":\"ListItem\",\"position\":1,\"name\":\"Home\",\"item\":\"https:\/\/sare.eus\/\"},{\"@type\":\"ListItem\",\"position\":2,\"name\":\"Llamamos a la ciudadan\u00eda de Nafarroa para que participe en la manifestaci\u00f3n \u00abIbilian-ibilian, etxerako bidean\u00bb del 3 de julio, en Iru\u00f1era\"}]},{\"@type\":\"WebSite\",\"@id\":\"https:\/\/sare.eus\/#website\",\"url\":\"https:\/\/sare.eus\/\",\"name\":\"Sare Herritarra\",\"description\":\"KONPONBIDEAREN ETA GIZA ESKUBIDEEN ALDEKO SARE HERRITARRA\",\"publisher\":{\"@id\":\"https:\/\/sare.eus\/#organization\"},\"potentialAction\":[{\"@type\":\"SearchAction\",\"target\":{\"@type\":\"EntryPoint\",\"urlTemplate\":\"https:\/\/sare.eus\/?s={search_term_string}\"},\"query-input\":{\"@type\":\"PropertyValueSpecification\",\"valueRequired\":true,\"valueName\":\"search_term_string\"}}],\"inLanguage\":\"es\"},{\"@type\":\"Organization\",\"@id\":\"https:\/\/sare.eus\/#organization\",\"name\":\"Sare Herritarra\",\"url\":\"https:\/\/sare.eus\/\",\"logo\":{\"@type\":\"ImageObject\",\"inLanguage\":\"es\",\"@id\":\"https:\/\/sare.eus\/#\/schema\/logo\/image\/\",\"url\":\"https:\/\/sare.eus\/wp-content\/uploads\/2021\/08\/sare.png\",\"contentUrl\":\"https:\/\/sare.eus\/wp-content\/uploads\/2021\/08\/sare.png\",\"width\":120,\"height\":142,\"caption\":\"Sare Herritarra\"},\"image\":{\"@id\":\"https:\/\/sare.eus\/#\/schema\/logo\/image\/\"}},{\"@type\":\"Person\",\"@id\":\"https:\/\/sare.eus\/#\/schema\/person\/5a711e7396face0569eb43391127616d\",\"name\":\"admin\",\"image\":{\"@type\":\"ImageObject\",\"inLanguage\":\"es\",\"@id\":\"https:\/\/sare.eus\/#\/schema\/person\/image\/\",\"url\":\"https:\/\/secure.gravatar.com\/avatar\/d22a8cc353ba20fa3181b73b7b53a33b5b98923d9a2f9945443604d7359581c4?s=96&d=mm&r=g\",\"contentUrl\":\"https:\/\/secure.gravatar.com\/avatar\/d22a8cc353ba20fa3181b73b7b53a33b5b98923d9a2f9945443604d7359581c4?s=96&d=mm&r=g\",\"caption\":\"admin\"},\"url\":\"https:\/\/sare.eus\/es\/author\/prueba3371_a2783y7n\/\"}]}<\/script>\n<!-- \/ Yoast SEO plugin. -->","yoast_head_json":{"title":"Llamamos a la ciudadan\u00eda de Nafarroa para que participe en la manifestaci\u00f3n \u00abIbilian-ibilian, etxerako bidean\u00bb del 3 de julio, en Iru\u00f1era - Sare Herritarra","robots":{"index":"index","follow":"follow","max-snippet":"max-snippet:-1","max-image-preview":"max-image-preview:large","max-video-preview":"max-video-preview:-1"},"canonical":"https:\/\/sare.eus\/es\/llamamos-a-la-ciudadania-de-nafarroa-para-que-participe-en-la-manifestacion-ibilian-ibilian-etxerako-bidean-del-3-de-julio-en-irunera\/","og_locale":"es_ES","og_type":"article","og_title":"Llamamos a la ciudadan\u00eda de Nafarroa para que participe en la manifestaci\u00f3n \u00abIbilian-ibilian, etxerako bidean\u00bb del 3 de julio, en Iru\u00f1era - Sare Herritarra","og_description":"Fue en 1987 y 1988 cuando se inici\u00f3 la pol\u00edtica de dispersi\u00f3n y alejamiento de sus lugares de origen de presos y presas vascas. Desde 1989, m\u00e1s de 50 c\u00e1rceles [&hellip;]","og_url":"https:\/\/sare.eus\/es\/llamamos-a-la-ciudadania-de-nafarroa-para-que-participe-en-la-manifestacion-ibilian-ibilian-etxerako-bidean-del-3-de-julio-en-irunera\/","og_site_name":"Sare Herritarra","article_published_time":"2021-06-23T14:53:02+00:00","article_modified_time":"2021-10-20T15:54:14+00:00","og_image":[{"width":900,"height":599,"url":"https:\/\/sare.eus\/wp-content\/uploads\/2021\/10\/EKAINAK-23-DE-JUNIO_SARE-web-scaled-1.jpg","type":"image\/jpeg"}],"author":"admin","twitter_card":"summary_large_image","twitter_misc":{"Escrito por":"admin","Tiempo de lectura":"6 minutos"},"schema":{"@context":"https:\/\/schema.org","@graph":[{"@type":"Article","@id":"https:\/\/sare.eus\/es\/llamamos-a-la-ciudadania-de-nafarroa-para-que-participe-en-la-manifestacion-ibilian-ibilian-etxerako-bidean-del-3-de-julio-en-irunera\/#article","isPartOf":{"@id":"https:\/\/sare.eus\/es\/llamamos-a-la-ciudadania-de-nafarroa-para-que-participe-en-la-manifestacion-ibilian-ibilian-etxerako-bidean-del-3-de-julio-en-irunera\/"},"author":{"name":"admin","@id":"https:\/\/sare.eus\/#\/schema\/person\/5a711e7396face0569eb43391127616d"},"headline":"Llamamos a la ciudadan\u00eda de Nafarroa para que participe en la manifestaci\u00f3n \u00abIbilian-ibilian, etxerako bidean\u00bb del 3 de julio, en Iru\u00f1era","datePublished":"2021-06-23T14:53:02+00:00","dateModified":"2021-10-20T15:54:14+00:00","mainEntityOfPage":{"@id":"https:\/\/sare.eus\/es\/llamamos-a-la-ciudadania-de-nafarroa-para-que-participe-en-la-manifestacion-ibilian-ibilian-etxerako-bidean-del-3-de-julio-en-irunera\/"},"wordCount":1149,"commentCount":0,"publisher":{"@id":"https:\/\/sare.eus\/#organization"},"image":{"@id":"https:\/\/sare.eus\/es\/llamamos-a-la-ciudadania-de-nafarroa-para-que-participe-en-la-manifestacion-ibilian-ibilian-etxerako-bidean-del-3-de-julio-en-irunera\/#primaryimage"},"thumbnailUrl":"https:\/\/sare.eus\/wp-content\/uploads\/2021\/10\/EKAINAK-23-DE-JUNIO_SARE-web-scaled-1.jpg","articleSection":["Etxera"],"inLanguage":"es","potentialAction":[{"@type":"CommentAction","name":"Comment","target":["https:\/\/sare.eus\/es\/llamamos-a-la-ciudadania-de-nafarroa-para-que-participe-en-la-manifestacion-ibilian-ibilian-etxerako-bidean-del-3-de-julio-en-irunera\/#respond"]}]},{"@type":"WebPage","@id":"https:\/\/sare.eus\/es\/llamamos-a-la-ciudadania-de-nafarroa-para-que-participe-en-la-manifestacion-ibilian-ibilian-etxerako-bidean-del-3-de-julio-en-irunera\/","url":"https:\/\/sare.eus\/es\/llamamos-a-la-ciudadania-de-nafarroa-para-que-participe-en-la-manifestacion-ibilian-ibilian-etxerako-bidean-del-3-de-julio-en-irunera\/","name":"Llamamos a la ciudadan\u00eda de Nafarroa para que participe en la manifestaci\u00f3n \u00abIbilian-ibilian, etxerako bidean\u00bb del 3 de julio, en Iru\u00f1era - Sare Herritarra","isPartOf":{"@id":"https:\/\/sare.eus\/#website"},"primaryImageOfPage":{"@id":"https:\/\/sare.eus\/es\/llamamos-a-la-ciudadania-de-nafarroa-para-que-participe-en-la-manifestacion-ibilian-ibilian-etxerako-bidean-del-3-de-julio-en-irunera\/#primaryimage"},"image":{"@id":"https:\/\/sare.eus\/es\/llamamos-a-la-ciudadania-de-nafarroa-para-que-participe-en-la-manifestacion-ibilian-ibilian-etxerako-bidean-del-3-de-julio-en-irunera\/#primaryimage"},"thumbnailUrl":"https:\/\/sare.eus\/wp-content\/uploads\/2021\/10\/EKAINAK-23-DE-JUNIO_SARE-web-scaled-1.jpg","datePublished":"2021-06-23T14:53:02+00:00","dateModified":"2021-10-20T15:54:14+00:00","breadcrumb":{"@id":"https:\/\/sare.eus\/es\/llamamos-a-la-ciudadania-de-nafarroa-para-que-participe-en-la-manifestacion-ibilian-ibilian-etxerako-bidean-del-3-de-julio-en-irunera\/#breadcrumb"},"inLanguage":"es","potentialAction":[{"@type":"ReadAction","target":["https:\/\/sare.eus\/es\/llamamos-a-la-ciudadania-de-nafarroa-para-que-participe-en-la-manifestacion-ibilian-ibilian-etxerako-bidean-del-3-de-julio-en-irunera\/"]}]},{"@type":"ImageObject","inLanguage":"es","@id":"https:\/\/sare.eus\/es\/llamamos-a-la-ciudadania-de-nafarroa-para-que-participe-en-la-manifestacion-ibilian-ibilian-etxerako-bidean-del-3-de-julio-en-irunera\/#primaryimage","url":"https:\/\/sare.eus\/wp-content\/uploads\/2021\/10\/EKAINAK-23-DE-JUNIO_SARE-web-scaled-1.jpg","contentUrl":"https:\/\/sare.eus\/wp-content\/uploads\/2021\/10\/EKAINAK-23-DE-JUNIO_SARE-web-scaled-1.jpg","width":900,"height":599},{"@type":"BreadcrumbList","@id":"https:\/\/sare.eus\/es\/llamamos-a-la-ciudadania-de-nafarroa-para-que-participe-en-la-manifestacion-ibilian-ibilian-etxerako-bidean-del-3-de-julio-en-irunera\/#breadcrumb","itemListElement":[{"@type":"ListItem","position":1,"name":"Home","item":"https:\/\/sare.eus\/"},{"@type":"ListItem","position":2,"name":"Llamamos a la ciudadan\u00eda de Nafarroa para que participe en la manifestaci\u00f3n \u00abIbilian-ibilian, etxerako bidean\u00bb del 3 de julio, en Iru\u00f1era"}]},{"@type":"WebSite","@id":"https:\/\/sare.eus\/#website","url":"https:\/\/sare.eus\/","name":"Sare Herritarra","description":"KONPONBIDEAREN ETA GIZA ESKUBIDEEN ALDEKO SARE HERRITARRA","publisher":{"@id":"https:\/\/sare.eus\/#organization"},"potentialAction":[{"@type":"SearchAction","target":{"@type":"EntryPoint","urlTemplate":"https:\/\/sare.eus\/?s={search_term_string}"},"query-input":{"@type":"PropertyValueSpecification","valueRequired":true,"valueName":"search_term_string"}}],"inLanguage":"es"},{"@type":"Organization","@id":"https:\/\/sare.eus\/#organization","name":"Sare Herritarra","url":"https:\/\/sare.eus\/","logo":{"@type":"ImageObject","inLanguage":"es","@id":"https:\/\/sare.eus\/#\/schema\/logo\/image\/","url":"https:\/\/sare.eus\/wp-content\/uploads\/2021\/08\/sare.png","contentUrl":"https:\/\/sare.eus\/wp-content\/uploads\/2021\/08\/sare.png","width":120,"height":142,"caption":"Sare Herritarra"},"image":{"@id":"https:\/\/sare.eus\/#\/schema\/logo\/image\/"}},{"@type":"Person","@id":"https:\/\/sare.eus\/#\/schema\/person\/5a711e7396face0569eb43391127616d","name":"admin","image":{"@type":"ImageObject","inLanguage":"es","@id":"https:\/\/sare.eus\/#\/schema\/person\/image\/","url":"https:\/\/secure.gravatar.com\/avatar\/d22a8cc353ba20fa3181b73b7b53a33b5b98923d9a2f9945443604d7359581c4?s=96&d=mm&r=g","contentUrl":"https:\/\/secure.gravatar.com\/avatar\/d22a8cc353ba20fa3181b73b7b53a33b5b98923d9a2f9945443604d7359581c4?s=96&d=mm&r=g","caption":"admin"},"url":"https:\/\/sare.eus\/es\/author\/prueba3371_a2783y7n\/"}]}},"_links":{"self":[{"href":"https:\/\/sare.eus\/es\/wp-json\/wp\/v2\/posts\/1332","targetHints":{"allow":["GET"]}}],"collection":[{"href":"https:\/\/sare.eus\/es\/wp-json\/wp\/v2\/posts"}],"about":[{"href":"https:\/\/sare.eus\/es\/wp-json\/wp\/v2\/types\/post"}],"author":[{"embeddable":true,"href":"https:\/\/sare.eus\/es\/wp-json\/wp\/v2\/users\/1"}],"replies":[{"embeddable":true,"href":"https:\/\/sare.eus\/es\/wp-json\/wp\/v2\/comments?post=1332"}],"version-history":[{"count":1,"href":"https:\/\/sare.eus\/es\/wp-json\/wp\/v2\/posts\/1332\/revisions"}],"predecessor-version":[{"id":1356,"href":"https:\/\/sare.eus\/es\/wp-json\/wp\/v2\/posts\/1332\/revisions\/1356"}],"wp:featuredmedia":[{"embeddable":true,"href":"https:\/\/sare.eus\/es\/wp-json\/wp\/v2\/media\/553"}],"wp:attachment":[{"href":"https:\/\/sare.eus\/es\/wp-json\/wp\/v2\/media?parent=1332"}],"wp:term":[{"taxonomy":"category","embeddable":true,"href":"https:\/\/sare.eus\/es\/wp-json\/wp\/v2\/categories?post=1332"},{"taxonomy":"post_tag","embeddable":true,"href":"https:\/\/sare.eus\/es\/wp-json\/wp\/v2\/tags?post=1332"}],"curies":[{"name":"wp","href":"https:\/\/api.w.org\/{rel}","templated":true}]}}