{"id":1329,"date":"2021-06-30T14:48:02","date_gmt":"2021-06-30T14:48:02","guid":{"rendered":"http:\/\/650tontor.sare.eus\/la-dinamica-sospresoakcovid-19-hemos-hecho-publica-la-actualizacion-del-dossier-sobre-la-situacion-en-la-carceles-en-relacion-con-la-gestion-de-la-covid19\/"},"modified":"2021-10-20T15:51:25","modified_gmt":"2021-10-20T15:51:25","slug":"la-dinamica-sospresoakcovid-19-hemos-hecho-publica-la-actualizacion-del-dossier-sobre-la-situacion-en-la-carceles-en-relacion-con-la-gestion-de-la-covid19","status":"publish","type":"post","link":"https:\/\/sare.eus\/es\/la-dinamica-sospresoakcovid-19-hemos-hecho-publica-la-actualizacion-del-dossier-sobre-la-situacion-en-la-carceles-en-relacion-con-la-gestion-de-la-covid19\/","title":{"rendered":"La din\u00e1mica #SOSPRESOAKCOVID-19 hemos hecho p\u00fablica la actualizaci\u00f3n del dossier sobre la situaci\u00f3n en la c\u00e1rceles en relaci\u00f3n con la gesti\u00f3n de la covid19"},"content":{"rendered":"<p align=\"justify\">Esta ma\u00f1ana la din\u00e1mica\u00a0<b>#SOSPRESOAKCOVID-19<\/b>\u00a0hemos hecho p\u00fablica la\u00a0<b>actualizaci\u00f3n del dossier sobre la situaci\u00f3n en la c\u00e1rceles en relaci\u00f3n con la gesti\u00f3n de la covid19<\/b>. Este dossier se present\u00f3 el pasado mes de octubre de 2020 y se actualiz\u00f3 a finales del mes de enero para su presentaci\u00f3n en el Parlamento de Navarra.<\/p>\n<p align=\"justify\"><b>Ante la<\/b>\u00a0<b>situaci\u00f3n que se sigue dando en las c\u00e1rceles<\/b>\u00a0hemos considerado necesario\u00a0<b>actualizar<\/b>\u00a0<b>\u00e9sta informaci\u00f3n<\/b>\u00a0y seguir\u00a0<b>visibilizando y denunciando<\/b>\u00a0la deficiente gesti\u00f3n que se est\u00e1 llevando a cabo por la SGIP en la gesti\u00f3n de la Covid-19 y en concreto cual es la situaci\u00f3n en la\u00a0<b>c\u00e1rcel de Pamplona<\/b>\u00a0as\u00ed como en las c\u00e1rceles en las que cumplen condena\u00a0<b>personas presas navarras o con arraigo en Navarra<\/b>.<\/p>\n<p align=\"justify\">Las\u00a0<b>conclusiones<\/b>\u00a0del dossier son:<\/p>\n<ul>\n<li>\n<p align=\"justify\">Las medidas que sigue implementando la SGIP en la gesti\u00f3n del Covid19 contin\u00faan vulnerando los derechos de las personas presas: no existe una correcta atenci\u00f3n sanitaria, se limita el contacto con el exterior, se limitan de forma intermitente las actividades y talleres, se utiliza el aislamiento (una medida excepcional en la legislaci\u00f3n penitenciaria) como una medida sanitaria.<\/p>\n<\/li>\n<li>\n<p align=\"justify\">Exigimos el respeto de los derechos de las personas presas en la gesti\u00f3n del Covid19 tambi\u00e9n en este momento. Para ello es preciso:<\/p>\n<\/li>\n<li>\n<ul>\n<li>\n<p align=\"justify\">Optar, como medida mejor y m\u00e1s respetuosa con los derechos de las personas presas, por la excarcelaci\u00f3n de las personas presas primando las cuestiones sanitarias.<\/p>\n<\/li>\n<li>\n<p align=\"justify\">Recuperar de manera inmediata las comunicaciones vis a vis en la c\u00e1rcel de Pamplona.<\/p>\n<\/li>\n<li>\n<p align=\"justify\">Eliminar de forma inmediata los aislamientos obligatorios a la vuelta al Centro Penitenciario tras un permiso o cualquier otra gesti\u00f3n as\u00ed como a los ingresos iniciales.<\/p>\n<\/li>\n<li>\n<p align=\"justify\">Garantizar la no discriminaci\u00f3n de las personas presas por el hecho de que la \u00e9stas hayan optado por vacunarse o por no vacunarse de cara al acceso a actividades, vis a vis, eliminaci\u00f3n de cuarentenas\u2026<\/p>\n<\/li>\n<li>\n<p align=\"justify\">Debe procederse al traslado a la c\u00e1rcel de Pamplona de todas las personas presas navarras o con arraigo en Navarra que no est\u00e1n cumpliendo condena en la c\u00e1rcel de Pamplona y que as\u00ed lo soliciten.<\/p>\n<\/li>\n<\/ul>\n<\/li>\n<li>\n<p align=\"justify\">Para ver el dossier completo pincha aqu\u00ed:\u00a0<a href=\"https:\/\/sare.eus\/wp-content\/uploads\/2021\/06\/30-de-junio_DOSSIER-ACTUALIZADO.pdf\" target=\"_blank\" rel=\"noopener noreferrer\">&gt;&gt; 30 de junio_DOSSIER ACTUALIZADO<\/a><\/p>\n<\/li>\n<\/ul>\n","protected":false},"excerpt":{"rendered":"<p>Esta ma\u00f1ana la din\u00e1mica\u00a0#SOSPRESOAKCOVID-19\u00a0hemos hecho p\u00fablica la\u00a0actualizaci\u00f3n del dossier sobre la situaci\u00f3n en la c\u00e1rceles en relaci\u00f3n con la gesti\u00f3n de la covid19. Este dossier se present\u00f3 el pasado mes [&hellip;]<\/p>\n","protected":false},"author":1,"featured_media":567,"comment_status":"open","ping_status":"open","sticky":false,"template":"","format":"standard","meta":{"_acf_changed":false,"_et_pb_use_builder":"off","_et_pb_old_content":"","_et_gb_content_width":"","footnotes":""},"categories":[69],"tags":[],"class_list":["post-1329","post","type-post","status-publish","format-standard","has-post-thumbnail","hentry","category-leyes-de-excepcion","et-has-post-format-content","et_post_format-et-post-format-standard"],"acf":[],"yoast_head":"<!-- This site is optimized with the Yoast SEO plugin v26.4 - https:\/\/yoast.com\/wordpress\/plugins\/seo\/ -->\n<title>La din\u00e1mica #SOSPRESOAKCOVID-19 hemos hecho p\u00fablica la actualizaci\u00f3n del dossier sobre la situaci\u00f3n en la c\u00e1rceles en relaci\u00f3n con la gesti\u00f3n de la covid19 - Sare Herritarra<\/title>\n<meta name=\"robots\" content=\"index, follow, max-snippet:-1, max-image-preview:large, max-video-preview:-1\" \/>\n<link rel=\"canonical\" href=\"https:\/\/sare.eus\/es\/la-dinamica-sospresoakcovid-19-hemos-hecho-publica-la-actualizacion-del-dossier-sobre-la-situacion-en-la-carceles-en-relacion-con-la-gestion-de-la-covid19\/\" \/>\n<meta property=\"og:locale\" content=\"es_ES\" \/>\n<meta property=\"og:type\" content=\"article\" \/>\n<meta property=\"og:title\" content=\"La din\u00e1mica #SOSPRESOAKCOVID-19 hemos hecho p\u00fablica la actualizaci\u00f3n del dossier sobre la situaci\u00f3n en la c\u00e1rceles en relaci\u00f3n con la gesti\u00f3n de la covid19 - Sare Herritarra\" \/>\n<meta property=\"og:description\" content=\"Esta ma\u00f1ana la din\u00e1mica\u00a0#SOSPRESOAKCOVID-19\u00a0hemos hecho p\u00fablica la\u00a0actualizaci\u00f3n del dossier sobre la situaci\u00f3n en la c\u00e1rceles en relaci\u00f3n con la gesti\u00f3n de la covid19. Este dossier se present\u00f3 el pasado mes [&hellip;]\" \/>\n<meta property=\"og:url\" content=\"https:\/\/sare.eus\/es\/la-dinamica-sospresoakcovid-19-hemos-hecho-publica-la-actualizacion-del-dossier-sobre-la-situacion-en-la-carceles-en-relacion-con-la-gestion-de-la-covid19\/\" \/>\n<meta property=\"og:site_name\" content=\"Sare Herritarra\" \/>\n<meta property=\"article:published_time\" content=\"2021-06-30T14:48:02+00:00\" \/>\n<meta property=\"article:modified_time\" content=\"2021-10-20T15:51:25+00:00\" \/>\n<meta property=\"og:image\" content=\"https:\/\/sare.eus\/wp-content\/uploads\/2021\/10\/rueda-prensa-01-scaled-1.jpg\" \/>\n\t<meta property=\"og:image:width\" content=\"900\" \/>\n\t<meta property=\"og:image:height\" content=\"471\" \/>\n\t<meta property=\"og:image:type\" content=\"image\/jpeg\" \/>\n<meta name=\"author\" content=\"admin\" \/>\n<meta name=\"twitter:card\" content=\"summary_large_image\" \/>\n<meta name=\"twitter:label1\" content=\"Escrito por\" \/>\n\t<meta name=\"twitter:data1\" content=\"admin\" \/>\n\t<meta name=\"twitter:label2\" content=\"Tiempo de lectura\" \/>\n\t<meta name=\"twitter:data2\" content=\"2 minutos\" \/>\n<script type=\"application\/ld+json\" class=\"yoast-schema-graph\">{\"@context\":\"https:\/\/schema.org\",\"@graph\":[{\"@type\":\"Article\",\"@id\":\"https:\/\/sare.eus\/es\/la-dinamica-sospresoakcovid-19-hemos-hecho-publica-la-actualizacion-del-dossier-sobre-la-situacion-en-la-carceles-en-relacion-con-la-gestion-de-la-covid19\/#article\",\"isPartOf\":{\"@id\":\"https:\/\/sare.eus\/es\/la-dinamica-sospresoakcovid-19-hemos-hecho-publica-la-actualizacion-del-dossier-sobre-la-situacion-en-la-carceles-en-relacion-con-la-gestion-de-la-covid19\/\"},\"author\":{\"name\":\"admin\",\"@id\":\"https:\/\/sare.eus\/#\/schema\/person\/5a711e7396face0569eb43391127616d\"},\"headline\":\"La din\u00e1mica #SOSPRESOAKCOVID-19 hemos hecho p\u00fablica la actualizaci\u00f3n del dossier sobre la situaci\u00f3n en la c\u00e1rceles en relaci\u00f3n con la gesti\u00f3n de la covid19\",\"datePublished\":\"2021-06-30T14:48:02+00:00\",\"dateModified\":\"2021-10-20T15:51:25+00:00\",\"mainEntityOfPage\":{\"@id\":\"https:\/\/sare.eus\/es\/la-dinamica-sospresoakcovid-19-hemos-hecho-publica-la-actualizacion-del-dossier-sobre-la-situacion-en-la-carceles-en-relacion-con-la-gestion-de-la-covid19\/\"},\"wordCount\":418,\"commentCount\":0,\"publisher\":{\"@id\":\"https:\/\/sare.eus\/#organization\"},\"image\":{\"@id\":\"https:\/\/sare.eus\/es\/la-dinamica-sospresoakcovid-19-hemos-hecho-publica-la-actualizacion-del-dossier-sobre-la-situacion-en-la-carceles-en-relacion-con-la-gestion-de-la-covid19\/#primaryimage\"},\"thumbnailUrl\":\"https:\/\/sare.eus\/wp-content\/uploads\/2021\/10\/rueda-prensa-01-scaled-1.jpg\",\"articleSection\":[\"Leyes de Excepci\u00f3n\"],\"inLanguage\":\"es\",\"potentialAction\":[{\"@type\":\"CommentAction\",\"name\":\"Comment\",\"target\":[\"https:\/\/sare.eus\/es\/la-dinamica-sospresoakcovid-19-hemos-hecho-publica-la-actualizacion-del-dossier-sobre-la-situacion-en-la-carceles-en-relacion-con-la-gestion-de-la-covid19\/#respond\"]}]},{\"@type\":\"WebPage\",\"@id\":\"https:\/\/sare.eus\/es\/la-dinamica-sospresoakcovid-19-hemos-hecho-publica-la-actualizacion-del-dossier-sobre-la-situacion-en-la-carceles-en-relacion-con-la-gestion-de-la-covid19\/\",\"url\":\"https:\/\/sare.eus\/es\/la-dinamica-sospresoakcovid-19-hemos-hecho-publica-la-actualizacion-del-dossier-sobre-la-situacion-en-la-carceles-en-relacion-con-la-gestion-de-la-covid19\/\",\"name\":\"La din\u00e1mica #SOSPRESOAKCOVID-19 hemos hecho p\u00fablica la actualizaci\u00f3n del dossier sobre la situaci\u00f3n en la c\u00e1rceles en relaci\u00f3n con la gesti\u00f3n de la covid19 - Sare Herritarra\",\"isPartOf\":{\"@id\":\"https:\/\/sare.eus\/#website\"},\"primaryImageOfPage\":{\"@id\":\"https:\/\/sare.eus\/es\/la-dinamica-sospresoakcovid-19-hemos-hecho-publica-la-actualizacion-del-dossier-sobre-la-situacion-en-la-carceles-en-relacion-con-la-gestion-de-la-covid19\/#primaryimage\"},\"image\":{\"@id\":\"https:\/\/sare.eus\/es\/la-dinamica-sospresoakcovid-19-hemos-hecho-publica-la-actualizacion-del-dossier-sobre-la-situacion-en-la-carceles-en-relacion-con-la-gestion-de-la-covid19\/#primaryimage\"},\"thumbnailUrl\":\"https:\/\/sare.eus\/wp-content\/uploads\/2021\/10\/rueda-prensa-01-scaled-1.jpg\",\"datePublished\":\"2021-06-30T14:48:02+00:00\",\"dateModified\":\"2021-10-20T15:51:25+00:00\",\"breadcrumb\":{\"@id\":\"https:\/\/sare.eus\/es\/la-dinamica-sospresoakcovid-19-hemos-hecho-publica-la-actualizacion-del-dossier-sobre-la-situacion-en-la-carceles-en-relacion-con-la-gestion-de-la-covid19\/#breadcrumb\"},\"inLanguage\":\"es\",\"potentialAction\":[{\"@type\":\"ReadAction\",\"target\":[\"https:\/\/sare.eus\/es\/la-dinamica-sospresoakcovid-19-hemos-hecho-publica-la-actualizacion-del-dossier-sobre-la-situacion-en-la-carceles-en-relacion-con-la-gestion-de-la-covid19\/\"]}]},{\"@type\":\"ImageObject\",\"inLanguage\":\"es\",\"@id\":\"https:\/\/sare.eus\/es\/la-dinamica-sospresoakcovid-19-hemos-hecho-publica-la-actualizacion-del-dossier-sobre-la-situacion-en-la-carceles-en-relacion-con-la-gestion-de-la-covid19\/#primaryimage\",\"url\":\"https:\/\/sare.eus\/wp-content\/uploads\/2021\/10\/rueda-prensa-01-scaled-1.jpg\",\"contentUrl\":\"https:\/\/sare.eus\/wp-content\/uploads\/2021\/10\/rueda-prensa-01-scaled-1.jpg\",\"width\":900,\"height\":471},{\"@type\":\"BreadcrumbList\",\"@id\":\"https:\/\/sare.eus\/es\/la-dinamica-sospresoakcovid-19-hemos-hecho-publica-la-actualizacion-del-dossier-sobre-la-situacion-en-la-carceles-en-relacion-con-la-gestion-de-la-covid19\/#breadcrumb\",\"itemListElement\":[{\"@type\":\"ListItem\",\"position\":1,\"name\":\"Home\",\"item\":\"https:\/\/sare.eus\/\"},{\"@type\":\"ListItem\",\"position\":2,\"name\":\"La din\u00e1mica #SOSPRESOAKCOVID-19 hemos hecho p\u00fablica la actualizaci\u00f3n del dossier sobre la situaci\u00f3n en la c\u00e1rceles en relaci\u00f3n con la gesti\u00f3n de la covid19\"}]},{\"@type\":\"WebSite\",\"@id\":\"https:\/\/sare.eus\/#website\",\"url\":\"https:\/\/sare.eus\/\",\"name\":\"Sare Herritarra\",\"description\":\"KONPONBIDEAREN ETA GIZA ESKUBIDEEN ALDEKO SARE HERRITARRA\",\"publisher\":{\"@id\":\"https:\/\/sare.eus\/#organization\"},\"potentialAction\":[{\"@type\":\"SearchAction\",\"target\":{\"@type\":\"EntryPoint\",\"urlTemplate\":\"https:\/\/sare.eus\/?s={search_term_string}\"},\"query-input\":{\"@type\":\"PropertyValueSpecification\",\"valueRequired\":true,\"valueName\":\"search_term_string\"}}],\"inLanguage\":\"es\"},{\"@type\":\"Organization\",\"@id\":\"https:\/\/sare.eus\/#organization\",\"name\":\"Sare Herritarra\",\"url\":\"https:\/\/sare.eus\/\",\"logo\":{\"@type\":\"ImageObject\",\"inLanguage\":\"es\",\"@id\":\"https:\/\/sare.eus\/#\/schema\/logo\/image\/\",\"url\":\"https:\/\/sare.eus\/wp-content\/uploads\/2021\/08\/sare.png\",\"contentUrl\":\"https:\/\/sare.eus\/wp-content\/uploads\/2021\/08\/sare.png\",\"width\":120,\"height\":142,\"caption\":\"Sare Herritarra\"},\"image\":{\"@id\":\"https:\/\/sare.eus\/#\/schema\/logo\/image\/\"}},{\"@type\":\"Person\",\"@id\":\"https:\/\/sare.eus\/#\/schema\/person\/5a711e7396face0569eb43391127616d\",\"name\":\"admin\",\"image\":{\"@type\":\"ImageObject\",\"inLanguage\":\"es\",\"@id\":\"https:\/\/sare.eus\/#\/schema\/person\/image\/\",\"url\":\"https:\/\/secure.gravatar.com\/avatar\/d22a8cc353ba20fa3181b73b7b53a33b5b98923d9a2f9945443604d7359581c4?s=96&d=mm&r=g\",\"contentUrl\":\"https:\/\/secure.gravatar.com\/avatar\/d22a8cc353ba20fa3181b73b7b53a33b5b98923d9a2f9945443604d7359581c4?s=96&d=mm&r=g\",\"caption\":\"admin\"},\"url\":\"https:\/\/sare.eus\/es\/author\/prueba3371_a2783y7n\/\"}]}<\/script>\n<!-- \/ Yoast SEO plugin. -->","yoast_head_json":{"title":"La din\u00e1mica #SOSPRESOAKCOVID-19 hemos hecho p\u00fablica la actualizaci\u00f3n del dossier sobre la situaci\u00f3n en la c\u00e1rceles en relaci\u00f3n con la gesti\u00f3n de la covid19 - Sare Herritarra","robots":{"index":"index","follow":"follow","max-snippet":"max-snippet:-1","max-image-preview":"max-image-preview:large","max-video-preview":"max-video-preview:-1"},"canonical":"https:\/\/sare.eus\/es\/la-dinamica-sospresoakcovid-19-hemos-hecho-publica-la-actualizacion-del-dossier-sobre-la-situacion-en-la-carceles-en-relacion-con-la-gestion-de-la-covid19\/","og_locale":"es_ES","og_type":"article","og_title":"La din\u00e1mica #SOSPRESOAKCOVID-19 hemos hecho p\u00fablica la actualizaci\u00f3n del dossier sobre la situaci\u00f3n en la c\u00e1rceles en relaci\u00f3n con la gesti\u00f3n de la covid19 - Sare Herritarra","og_description":"Esta ma\u00f1ana la din\u00e1mica\u00a0#SOSPRESOAKCOVID-19\u00a0hemos hecho p\u00fablica la\u00a0actualizaci\u00f3n del dossier sobre la situaci\u00f3n en la c\u00e1rceles en relaci\u00f3n con la gesti\u00f3n de la covid19. Este dossier se present\u00f3 el pasado mes [&hellip;]","og_url":"https:\/\/sare.eus\/es\/la-dinamica-sospresoakcovid-19-hemos-hecho-publica-la-actualizacion-del-dossier-sobre-la-situacion-en-la-carceles-en-relacion-con-la-gestion-de-la-covid19\/","og_site_name":"Sare Herritarra","article_published_time":"2021-06-30T14:48:02+00:00","article_modified_time":"2021-10-20T15:51:25+00:00","og_image":[{"width":900,"height":471,"url":"https:\/\/sare.eus\/wp-content\/uploads\/2021\/10\/rueda-prensa-01-scaled-1.jpg","type":"image\/jpeg"}],"author":"admin","twitter_card":"summary_large_image","twitter_misc":{"Escrito por":"admin","Tiempo de lectura":"2 minutos"},"schema":{"@context":"https:\/\/schema.org","@graph":[{"@type":"Article","@id":"https:\/\/sare.eus\/es\/la-dinamica-sospresoakcovid-19-hemos-hecho-publica-la-actualizacion-del-dossier-sobre-la-situacion-en-la-carceles-en-relacion-con-la-gestion-de-la-covid19\/#article","isPartOf":{"@id":"https:\/\/sare.eus\/es\/la-dinamica-sospresoakcovid-19-hemos-hecho-publica-la-actualizacion-del-dossier-sobre-la-situacion-en-la-carceles-en-relacion-con-la-gestion-de-la-covid19\/"},"author":{"name":"admin","@id":"https:\/\/sare.eus\/#\/schema\/person\/5a711e7396face0569eb43391127616d"},"headline":"La din\u00e1mica #SOSPRESOAKCOVID-19 hemos hecho p\u00fablica la actualizaci\u00f3n del dossier sobre la situaci\u00f3n en la c\u00e1rceles en relaci\u00f3n con la gesti\u00f3n de la covid19","datePublished":"2021-06-30T14:48:02+00:00","dateModified":"2021-10-20T15:51:25+00:00","mainEntityOfPage":{"@id":"https:\/\/sare.eus\/es\/la-dinamica-sospresoakcovid-19-hemos-hecho-publica-la-actualizacion-del-dossier-sobre-la-situacion-en-la-carceles-en-relacion-con-la-gestion-de-la-covid19\/"},"wordCount":418,"commentCount":0,"publisher":{"@id":"https:\/\/sare.eus\/#organization"},"image":{"@id":"https:\/\/sare.eus\/es\/la-dinamica-sospresoakcovid-19-hemos-hecho-publica-la-actualizacion-del-dossier-sobre-la-situacion-en-la-carceles-en-relacion-con-la-gestion-de-la-covid19\/#primaryimage"},"thumbnailUrl":"https:\/\/sare.eus\/wp-content\/uploads\/2021\/10\/rueda-prensa-01-scaled-1.jpg","articleSection":["Leyes de Excepci\u00f3n"],"inLanguage":"es","potentialAction":[{"@type":"CommentAction","name":"Comment","target":["https:\/\/sare.eus\/es\/la-dinamica-sospresoakcovid-19-hemos-hecho-publica-la-actualizacion-del-dossier-sobre-la-situacion-en-la-carceles-en-relacion-con-la-gestion-de-la-covid19\/#respond"]}]},{"@type":"WebPage","@id":"https:\/\/sare.eus\/es\/la-dinamica-sospresoakcovid-19-hemos-hecho-publica-la-actualizacion-del-dossier-sobre-la-situacion-en-la-carceles-en-relacion-con-la-gestion-de-la-covid19\/","url":"https:\/\/sare.eus\/es\/la-dinamica-sospresoakcovid-19-hemos-hecho-publica-la-actualizacion-del-dossier-sobre-la-situacion-en-la-carceles-en-relacion-con-la-gestion-de-la-covid19\/","name":"La din\u00e1mica #SOSPRESOAKCOVID-19 hemos hecho p\u00fablica la actualizaci\u00f3n del dossier sobre la situaci\u00f3n en la c\u00e1rceles en relaci\u00f3n con la gesti\u00f3n de la covid19 - Sare Herritarra","isPartOf":{"@id":"https:\/\/sare.eus\/#website"},"primaryImageOfPage":{"@id":"https:\/\/sare.eus\/es\/la-dinamica-sospresoakcovid-19-hemos-hecho-publica-la-actualizacion-del-dossier-sobre-la-situacion-en-la-carceles-en-relacion-con-la-gestion-de-la-covid19\/#primaryimage"},"image":{"@id":"https:\/\/sare.eus\/es\/la-dinamica-sospresoakcovid-19-hemos-hecho-publica-la-actualizacion-del-dossier-sobre-la-situacion-en-la-carceles-en-relacion-con-la-gestion-de-la-covid19\/#primaryimage"},"thumbnailUrl":"https:\/\/sare.eus\/wp-content\/uploads\/2021\/10\/rueda-prensa-01-scaled-1.jpg","datePublished":"2021-06-30T14:48:02+00:00","dateModified":"2021-10-20T15:51:25+00:00","breadcrumb":{"@id":"https:\/\/sare.eus\/es\/la-dinamica-sospresoakcovid-19-hemos-hecho-publica-la-actualizacion-del-dossier-sobre-la-situacion-en-la-carceles-en-relacion-con-la-gestion-de-la-covid19\/#breadcrumb"},"inLanguage":"es","potentialAction":[{"@type":"ReadAction","target":["https:\/\/sare.eus\/es\/la-dinamica-sospresoakcovid-19-hemos-hecho-publica-la-actualizacion-del-dossier-sobre-la-situacion-en-la-carceles-en-relacion-con-la-gestion-de-la-covid19\/"]}]},{"@type":"ImageObject","inLanguage":"es","@id":"https:\/\/sare.eus\/es\/la-dinamica-sospresoakcovid-19-hemos-hecho-publica-la-actualizacion-del-dossier-sobre-la-situacion-en-la-carceles-en-relacion-con-la-gestion-de-la-covid19\/#primaryimage","url":"https:\/\/sare.eus\/wp-content\/uploads\/2021\/10\/rueda-prensa-01-scaled-1.jpg","contentUrl":"https:\/\/sare.eus\/wp-content\/uploads\/2021\/10\/rueda-prensa-01-scaled-1.jpg","width":900,"height":471},{"@type":"BreadcrumbList","@id":"https:\/\/sare.eus\/es\/la-dinamica-sospresoakcovid-19-hemos-hecho-publica-la-actualizacion-del-dossier-sobre-la-situacion-en-la-carceles-en-relacion-con-la-gestion-de-la-covid19\/#breadcrumb","itemListElement":[{"@type":"ListItem","position":1,"name":"Home","item":"https:\/\/sare.eus\/"},{"@type":"ListItem","position":2,"name":"La din\u00e1mica #SOSPRESOAKCOVID-19 hemos hecho p\u00fablica la actualizaci\u00f3n del dossier sobre la situaci\u00f3n en la c\u00e1rceles en relaci\u00f3n con la gesti\u00f3n de la covid19"}]},{"@type":"WebSite","@id":"https:\/\/sare.eus\/#website","url":"https:\/\/sare.eus\/","name":"Sare Herritarra","description":"KONPONBIDEAREN ETA GIZA ESKUBIDEEN ALDEKO SARE HERRITARRA","publisher":{"@id":"https:\/\/sare.eus\/#organization"},"potentialAction":[{"@type":"SearchAction","target":{"@type":"EntryPoint","urlTemplate":"https:\/\/sare.eus\/?s={search_term_string}"},"query-input":{"@type":"PropertyValueSpecification","valueRequired":true,"valueName":"search_term_string"}}],"inLanguage":"es"},{"@type":"Organization","@id":"https:\/\/sare.eus\/#organization","name":"Sare Herritarra","url":"https:\/\/sare.eus\/","logo":{"@type":"ImageObject","inLanguage":"es","@id":"https:\/\/sare.eus\/#\/schema\/logo\/image\/","url":"https:\/\/sare.eus\/wp-content\/uploads\/2021\/08\/sare.png","contentUrl":"https:\/\/sare.eus\/wp-content\/uploads\/2021\/08\/sare.png","width":120,"height":142,"caption":"Sare Herritarra"},"image":{"@id":"https:\/\/sare.eus\/#\/schema\/logo\/image\/"}},{"@type":"Person","@id":"https:\/\/sare.eus\/#\/schema\/person\/5a711e7396face0569eb43391127616d","name":"admin","image":{"@type":"ImageObject","inLanguage":"es","@id":"https:\/\/sare.eus\/#\/schema\/person\/image\/","url":"https:\/\/secure.gravatar.com\/avatar\/d22a8cc353ba20fa3181b73b7b53a33b5b98923d9a2f9945443604d7359581c4?s=96&d=mm&r=g","contentUrl":"https:\/\/secure.gravatar.com\/avatar\/d22a8cc353ba20fa3181b73b7b53a33b5b98923d9a2f9945443604d7359581c4?s=96&d=mm&r=g","caption":"admin"},"url":"https:\/\/sare.eus\/es\/author\/prueba3371_a2783y7n\/"}]}},"_links":{"self":[{"href":"https:\/\/sare.eus\/es\/wp-json\/wp\/v2\/posts\/1329","targetHints":{"allow":["GET"]}}],"collection":[{"href":"https:\/\/sare.eus\/es\/wp-json\/wp\/v2\/posts"}],"about":[{"href":"https:\/\/sare.eus\/es\/wp-json\/wp\/v2\/types\/post"}],"author":[{"embeddable":true,"href":"https:\/\/sare.eus\/es\/wp-json\/wp\/v2\/users\/1"}],"replies":[{"embeddable":true,"href":"https:\/\/sare.eus\/es\/wp-json\/wp\/v2\/comments?post=1329"}],"version-history":[{"count":1,"href":"https:\/\/sare.eus\/es\/wp-json\/wp\/v2\/posts\/1329\/revisions"}],"predecessor-version":[{"id":1357,"href":"https:\/\/sare.eus\/es\/wp-json\/wp\/v2\/posts\/1329\/revisions\/1357"}],"wp:featuredmedia":[{"embeddable":true,"href":"https:\/\/sare.eus\/es\/wp-json\/wp\/v2\/media\/567"}],"wp:attachment":[{"href":"https:\/\/sare.eus\/es\/wp-json\/wp\/v2\/media?parent=1329"}],"wp:term":[{"taxonomy":"category","embeddable":true,"href":"https:\/\/sare.eus\/es\/wp-json\/wp\/v2\/categories?post=1329"},{"taxonomy":"post_tag","embeddable":true,"href":"https:\/\/sare.eus\/es\/wp-json\/wp\/v2\/tags?post=1329"}],"curies":[{"name":"wp","href":"https:\/\/api.w.org\/{rel}","templated":true}]}}