{"id":1327,"date":"2021-07-01T14:46:56","date_gmt":"2021-07-01T14:46:56","guid":{"rendered":"http:\/\/650tontor.sare.eus\/nota-estamos-ante-una-nueva-fase-se-vacian-por-fin-las-carceles-de-andalucia-de-presxs-vascxs\/"},"modified":"2021-10-20T15:51:44","modified_gmt":"2021-10-20T15:51:44","slug":"nota-estamos-ante-una-nueva-fase-se-vacian-por-fin-las-carceles-de-andalucia-de-presxs-vascxs","status":"publish","type":"post","link":"https:\/\/sare.eus\/es\/nota-estamos-ante-una-nueva-fase-se-vacian-por-fin-las-carceles-de-andalucia-de-presxs-vascxs\/","title":{"rendered":"NOTA: Estamos ante una nueva fase; se vac\u00edan, por fin, las c\u00e1rceles de Andaluc\u00eda de presxs vascxs"},"content":{"rendered":"<p>Hoy se han anunciado los \u00faltimos traslados desde las prisiones de Andaluc\u00eda, quedando esta, por fin, vac\u00eda de presos vascos. Dejamos atr\u00e1s, as\u00ed, las prisiones m\u00e1s alejadas, para comenzar ese acercamiento de todos y todas.<\/p>\n<p> A partir de estos momentos comienza una nueva fase. Una fase muy importante de cara a la convivencia en nuestro pa\u00eds; es el momento de desarrollar el camino de regreso a casa de todos y todas las presas vascas. <\/p>\n<p>Sin duda, esta noticia y los traslados que se han venido dando hasta el momento, son un gran alivio para muchas familias. Pero aqu\u00ed no se acaba nada, aqu\u00ed se inicia un proceso del fin total de la pol\u00edtica de alejamiento y un proceso de regreso a casa que fundamentalmente se har\u00e1 a trav\u00e9s de la progresi\u00f3n de grados.<\/p>\n<p>Esta ser\u00e1, a partir de estos momentos, el objetivo de la Red Ciudadana Sare y creemos, tambi\u00e9n, de gran parte de la ciudadan\u00eda. Un objetivo que esperamos cumplir cuanto antes.<\/p>\n\n<figure class=\"wp-block-embed is-type-video is-provider-youtube wp-block-embed-youtube wp-embed-aspect-16-9 wp-has-aspect-ratio\">\r\n<div class=\"wp-block-embed__wrapper\">https:\/\/www.youtube.com\/watch?v=F8bfbfjXLCQ<\/div>\r\n<\/figure>\n","protected":false},"excerpt":{"rendered":"<p>Hoy se han anunciado los \u00faltimos traslados desde las prisiones de Andaluc\u00eda, quedando esta, por fin, vac\u00eda de presos vascos. Dejamos atr\u00e1s, as\u00ed, las prisiones m\u00e1s alejadas, para comenzar ese [&hellip;]<\/p>\n","protected":false},"author":1,"featured_media":487,"comment_status":"open","ping_status":"open","sticky":false,"template":"","format":"standard","meta":{"_acf_changed":false,"_et_pb_use_builder":"off","_et_pb_old_content":"","_et_gb_content_width":"","footnotes":""},"categories":[70],"tags":[],"class_list":["post-1327","post","type-post","status-publish","format-standard","has-post-thumbnail","hentry","category-alejamiento","et-has-post-format-content","et_post_format-et-post-format-standard"],"acf":[],"yoast_head":"<!-- This site is optimized with the Yoast SEO plugin v26.4 - https:\/\/yoast.com\/wordpress\/plugins\/seo\/ -->\n<title>NOTA: Estamos ante una nueva fase; se vac\u00edan, por fin, las c\u00e1rceles de Andaluc\u00eda de presxs vascxs - Sare Herritarra<\/title>\n<meta name=\"robots\" content=\"index, follow, max-snippet:-1, max-image-preview:large, max-video-preview:-1\" \/>\n<link rel=\"canonical\" href=\"https:\/\/sare.eus\/es\/nota-estamos-ante-una-nueva-fase-se-vacian-por-fin-las-carceles-de-andalucia-de-presxs-vascxs\/\" \/>\n<meta property=\"og:locale\" content=\"es_ES\" \/>\n<meta property=\"og:type\" content=\"article\" \/>\n<meta property=\"og:title\" content=\"NOTA: Estamos ante una nueva fase; se vac\u00edan, por fin, las c\u00e1rceles de Andaluc\u00eda de presxs vascxs - Sare Herritarra\" \/>\n<meta property=\"og:description\" content=\"Hoy se han anunciado los \u00faltimos traslados desde las prisiones de Andaluc\u00eda, quedando esta, por fin, vac\u00eda de presos vascos. Dejamos atr\u00e1s, as\u00ed, las prisiones m\u00e1s alejadas, para comenzar ese [&hellip;]\" \/>\n<meta property=\"og:url\" content=\"https:\/\/sare.eus\/es\/nota-estamos-ante-una-nueva-fase-se-vacian-por-fin-las-carceles-de-andalucia-de-presxs-vascxs\/\" \/>\n<meta property=\"og:site_name\" content=\"Sare Herritarra\" \/>\n<meta property=\"article:published_time\" content=\"2021-07-01T14:46:56+00:00\" \/>\n<meta property=\"article:modified_time\" content=\"2021-10-20T15:51:44+00:00\" \/>\n<meta property=\"og:image\" content=\"https:\/\/sare.eus\/wp-content\/uploads\/2021\/10\/SARE-HERRITARRA-OHARRA-NOTA-01-1-scaled-1.jpg\" \/>\n\t<meta property=\"og:image:width\" content=\"900\" \/>\n\t<meta property=\"og:image:height\" content=\"522\" \/>\n\t<meta property=\"og:image:type\" content=\"image\/jpeg\" \/>\n<meta name=\"author\" content=\"admin\" \/>\n<meta name=\"twitter:card\" content=\"summary_large_image\" \/>\n<meta name=\"twitter:label1\" content=\"Escrito por\" \/>\n\t<meta name=\"twitter:data1\" content=\"admin\" \/>\n\t<meta name=\"twitter:label2\" content=\"Tiempo de lectura\" \/>\n\t<meta name=\"twitter:data2\" content=\"1 minuto\" \/>\n<script type=\"application\/ld+json\" class=\"yoast-schema-graph\">{\"@context\":\"https:\/\/schema.org\",\"@graph\":[{\"@type\":\"Article\",\"@id\":\"https:\/\/sare.eus\/es\/nota-estamos-ante-una-nueva-fase-se-vacian-por-fin-las-carceles-de-andalucia-de-presxs-vascxs\/#article\",\"isPartOf\":{\"@id\":\"https:\/\/sare.eus\/es\/nota-estamos-ante-una-nueva-fase-se-vacian-por-fin-las-carceles-de-andalucia-de-presxs-vascxs\/\"},\"author\":{\"name\":\"admin\",\"@id\":\"https:\/\/sare.eus\/#\/schema\/person\/5a711e7396face0569eb43391127616d\"},\"headline\":\"NOTA: Estamos ante una nueva fase; se vac\u00edan, por fin, las c\u00e1rceles de Andaluc\u00eda de presxs vascxs\",\"datePublished\":\"2021-07-01T14:46:56+00:00\",\"dateModified\":\"2021-10-20T15:51:44+00:00\",\"mainEntityOfPage\":{\"@id\":\"https:\/\/sare.eus\/es\/nota-estamos-ante-una-nueva-fase-se-vacian-por-fin-las-carceles-de-andalucia-de-presxs-vascxs\/\"},\"wordCount\":201,\"commentCount\":0,\"publisher\":{\"@id\":\"https:\/\/sare.eus\/#organization\"},\"image\":{\"@id\":\"https:\/\/sare.eus\/es\/nota-estamos-ante-una-nueva-fase-se-vacian-por-fin-las-carceles-de-andalucia-de-presxs-vascxs\/#primaryimage\"},\"thumbnailUrl\":\"https:\/\/sare.eus\/wp-content\/uploads\/2021\/10\/SARE-HERRITARRA-OHARRA-NOTA-01-1-scaled-1.jpg\",\"articleSection\":[\"Alejamiento\"],\"inLanguage\":\"es\",\"potentialAction\":[{\"@type\":\"CommentAction\",\"name\":\"Comment\",\"target\":[\"https:\/\/sare.eus\/es\/nota-estamos-ante-una-nueva-fase-se-vacian-por-fin-las-carceles-de-andalucia-de-presxs-vascxs\/#respond\"]}]},{\"@type\":\"WebPage\",\"@id\":\"https:\/\/sare.eus\/es\/nota-estamos-ante-una-nueva-fase-se-vacian-por-fin-las-carceles-de-andalucia-de-presxs-vascxs\/\",\"url\":\"https:\/\/sare.eus\/es\/nota-estamos-ante-una-nueva-fase-se-vacian-por-fin-las-carceles-de-andalucia-de-presxs-vascxs\/\",\"name\":\"NOTA: Estamos ante una nueva fase; se vac\u00edan, por fin, las c\u00e1rceles de Andaluc\u00eda de presxs vascxs - Sare Herritarra\",\"isPartOf\":{\"@id\":\"https:\/\/sare.eus\/#website\"},\"primaryImageOfPage\":{\"@id\":\"https:\/\/sare.eus\/es\/nota-estamos-ante-una-nueva-fase-se-vacian-por-fin-las-carceles-de-andalucia-de-presxs-vascxs\/#primaryimage\"},\"image\":{\"@id\":\"https:\/\/sare.eus\/es\/nota-estamos-ante-una-nueva-fase-se-vacian-por-fin-las-carceles-de-andalucia-de-presxs-vascxs\/#primaryimage\"},\"thumbnailUrl\":\"https:\/\/sare.eus\/wp-content\/uploads\/2021\/10\/SARE-HERRITARRA-OHARRA-NOTA-01-1-scaled-1.jpg\",\"datePublished\":\"2021-07-01T14:46:56+00:00\",\"dateModified\":\"2021-10-20T15:51:44+00:00\",\"breadcrumb\":{\"@id\":\"https:\/\/sare.eus\/es\/nota-estamos-ante-una-nueva-fase-se-vacian-por-fin-las-carceles-de-andalucia-de-presxs-vascxs\/#breadcrumb\"},\"inLanguage\":\"es\",\"potentialAction\":[{\"@type\":\"ReadAction\",\"target\":[\"https:\/\/sare.eus\/es\/nota-estamos-ante-una-nueva-fase-se-vacian-por-fin-las-carceles-de-andalucia-de-presxs-vascxs\/\"]}]},{\"@type\":\"ImageObject\",\"inLanguage\":\"es\",\"@id\":\"https:\/\/sare.eus\/es\/nota-estamos-ante-una-nueva-fase-se-vacian-por-fin-las-carceles-de-andalucia-de-presxs-vascxs\/#primaryimage\",\"url\":\"https:\/\/sare.eus\/wp-content\/uploads\/2021\/10\/SARE-HERRITARRA-OHARRA-NOTA-01-1-scaled-1.jpg\",\"contentUrl\":\"https:\/\/sare.eus\/wp-content\/uploads\/2021\/10\/SARE-HERRITARRA-OHARRA-NOTA-01-1-scaled-1.jpg\",\"width\":900,\"height\":522},{\"@type\":\"BreadcrumbList\",\"@id\":\"https:\/\/sare.eus\/es\/nota-estamos-ante-una-nueva-fase-se-vacian-por-fin-las-carceles-de-andalucia-de-presxs-vascxs\/#breadcrumb\",\"itemListElement\":[{\"@type\":\"ListItem\",\"position\":1,\"name\":\"Home\",\"item\":\"https:\/\/sare.eus\/\"},{\"@type\":\"ListItem\",\"position\":2,\"name\":\"NOTA: Estamos ante una nueva fase; se vac\u00edan, por fin, las c\u00e1rceles de Andaluc\u00eda de presxs vascxs\"}]},{\"@type\":\"WebSite\",\"@id\":\"https:\/\/sare.eus\/#website\",\"url\":\"https:\/\/sare.eus\/\",\"name\":\"Sare Herritarra\",\"description\":\"KONPONBIDEAREN ETA GIZA ESKUBIDEEN ALDEKO SARE HERRITARRA\",\"publisher\":{\"@id\":\"https:\/\/sare.eus\/#organization\"},\"potentialAction\":[{\"@type\":\"SearchAction\",\"target\":{\"@type\":\"EntryPoint\",\"urlTemplate\":\"https:\/\/sare.eus\/?s={search_term_string}\"},\"query-input\":{\"@type\":\"PropertyValueSpecification\",\"valueRequired\":true,\"valueName\":\"search_term_string\"}}],\"inLanguage\":\"es\"},{\"@type\":\"Organization\",\"@id\":\"https:\/\/sare.eus\/#organization\",\"name\":\"Sare Herritarra\",\"url\":\"https:\/\/sare.eus\/\",\"logo\":{\"@type\":\"ImageObject\",\"inLanguage\":\"es\",\"@id\":\"https:\/\/sare.eus\/#\/schema\/logo\/image\/\",\"url\":\"https:\/\/sare.eus\/wp-content\/uploads\/2021\/08\/sare.png\",\"contentUrl\":\"https:\/\/sare.eus\/wp-content\/uploads\/2021\/08\/sare.png\",\"width\":120,\"height\":142,\"caption\":\"Sare Herritarra\"},\"image\":{\"@id\":\"https:\/\/sare.eus\/#\/schema\/logo\/image\/\"}},{\"@type\":\"Person\",\"@id\":\"https:\/\/sare.eus\/#\/schema\/person\/5a711e7396face0569eb43391127616d\",\"name\":\"admin\",\"image\":{\"@type\":\"ImageObject\",\"inLanguage\":\"es\",\"@id\":\"https:\/\/sare.eus\/#\/schema\/person\/image\/\",\"url\":\"https:\/\/secure.gravatar.com\/avatar\/d22a8cc353ba20fa3181b73b7b53a33b5b98923d9a2f9945443604d7359581c4?s=96&d=mm&r=g\",\"contentUrl\":\"https:\/\/secure.gravatar.com\/avatar\/d22a8cc353ba20fa3181b73b7b53a33b5b98923d9a2f9945443604d7359581c4?s=96&d=mm&r=g\",\"caption\":\"admin\"},\"url\":\"https:\/\/sare.eus\/es\/author\/prueba3371_a2783y7n\/\"}]}<\/script>\n<!-- \/ Yoast SEO plugin. -->","yoast_head_json":{"title":"NOTA: Estamos ante una nueva fase; se vac\u00edan, por fin, las c\u00e1rceles de Andaluc\u00eda de presxs vascxs - Sare Herritarra","robots":{"index":"index","follow":"follow","max-snippet":"max-snippet:-1","max-image-preview":"max-image-preview:large","max-video-preview":"max-video-preview:-1"},"canonical":"https:\/\/sare.eus\/es\/nota-estamos-ante-una-nueva-fase-se-vacian-por-fin-las-carceles-de-andalucia-de-presxs-vascxs\/","og_locale":"es_ES","og_type":"article","og_title":"NOTA: Estamos ante una nueva fase; se vac\u00edan, por fin, las c\u00e1rceles de Andaluc\u00eda de presxs vascxs - Sare Herritarra","og_description":"Hoy se han anunciado los \u00faltimos traslados desde las prisiones de Andaluc\u00eda, quedando esta, por fin, vac\u00eda de presos vascos. Dejamos atr\u00e1s, as\u00ed, las prisiones m\u00e1s alejadas, para comenzar ese [&hellip;]","og_url":"https:\/\/sare.eus\/es\/nota-estamos-ante-una-nueva-fase-se-vacian-por-fin-las-carceles-de-andalucia-de-presxs-vascxs\/","og_site_name":"Sare Herritarra","article_published_time":"2021-07-01T14:46:56+00:00","article_modified_time":"2021-10-20T15:51:44+00:00","og_image":[{"width":900,"height":522,"url":"https:\/\/sare.eus\/wp-content\/uploads\/2021\/10\/SARE-HERRITARRA-OHARRA-NOTA-01-1-scaled-1.jpg","type":"image\/jpeg"}],"author":"admin","twitter_card":"summary_large_image","twitter_misc":{"Escrito por":"admin","Tiempo de lectura":"1 minuto"},"schema":{"@context":"https:\/\/schema.org","@graph":[{"@type":"Article","@id":"https:\/\/sare.eus\/es\/nota-estamos-ante-una-nueva-fase-se-vacian-por-fin-las-carceles-de-andalucia-de-presxs-vascxs\/#article","isPartOf":{"@id":"https:\/\/sare.eus\/es\/nota-estamos-ante-una-nueva-fase-se-vacian-por-fin-las-carceles-de-andalucia-de-presxs-vascxs\/"},"author":{"name":"admin","@id":"https:\/\/sare.eus\/#\/schema\/person\/5a711e7396face0569eb43391127616d"},"headline":"NOTA: Estamos ante una nueva fase; se vac\u00edan, por fin, las c\u00e1rceles de Andaluc\u00eda de presxs vascxs","datePublished":"2021-07-01T14:46:56+00:00","dateModified":"2021-10-20T15:51:44+00:00","mainEntityOfPage":{"@id":"https:\/\/sare.eus\/es\/nota-estamos-ante-una-nueva-fase-se-vacian-por-fin-las-carceles-de-andalucia-de-presxs-vascxs\/"},"wordCount":201,"commentCount":0,"publisher":{"@id":"https:\/\/sare.eus\/#organization"},"image":{"@id":"https:\/\/sare.eus\/es\/nota-estamos-ante-una-nueva-fase-se-vacian-por-fin-las-carceles-de-andalucia-de-presxs-vascxs\/#primaryimage"},"thumbnailUrl":"https:\/\/sare.eus\/wp-content\/uploads\/2021\/10\/SARE-HERRITARRA-OHARRA-NOTA-01-1-scaled-1.jpg","articleSection":["Alejamiento"],"inLanguage":"es","potentialAction":[{"@type":"CommentAction","name":"Comment","target":["https:\/\/sare.eus\/es\/nota-estamos-ante-una-nueva-fase-se-vacian-por-fin-las-carceles-de-andalucia-de-presxs-vascxs\/#respond"]}]},{"@type":"WebPage","@id":"https:\/\/sare.eus\/es\/nota-estamos-ante-una-nueva-fase-se-vacian-por-fin-las-carceles-de-andalucia-de-presxs-vascxs\/","url":"https:\/\/sare.eus\/es\/nota-estamos-ante-una-nueva-fase-se-vacian-por-fin-las-carceles-de-andalucia-de-presxs-vascxs\/","name":"NOTA: Estamos ante una nueva fase; se vac\u00edan, por fin, las c\u00e1rceles de Andaluc\u00eda de presxs vascxs - Sare Herritarra","isPartOf":{"@id":"https:\/\/sare.eus\/#website"},"primaryImageOfPage":{"@id":"https:\/\/sare.eus\/es\/nota-estamos-ante-una-nueva-fase-se-vacian-por-fin-las-carceles-de-andalucia-de-presxs-vascxs\/#primaryimage"},"image":{"@id":"https:\/\/sare.eus\/es\/nota-estamos-ante-una-nueva-fase-se-vacian-por-fin-las-carceles-de-andalucia-de-presxs-vascxs\/#primaryimage"},"thumbnailUrl":"https:\/\/sare.eus\/wp-content\/uploads\/2021\/10\/SARE-HERRITARRA-OHARRA-NOTA-01-1-scaled-1.jpg","datePublished":"2021-07-01T14:46:56+00:00","dateModified":"2021-10-20T15:51:44+00:00","breadcrumb":{"@id":"https:\/\/sare.eus\/es\/nota-estamos-ante-una-nueva-fase-se-vacian-por-fin-las-carceles-de-andalucia-de-presxs-vascxs\/#breadcrumb"},"inLanguage":"es","potentialAction":[{"@type":"ReadAction","target":["https:\/\/sare.eus\/es\/nota-estamos-ante-una-nueva-fase-se-vacian-por-fin-las-carceles-de-andalucia-de-presxs-vascxs\/"]}]},{"@type":"ImageObject","inLanguage":"es","@id":"https:\/\/sare.eus\/es\/nota-estamos-ante-una-nueva-fase-se-vacian-por-fin-las-carceles-de-andalucia-de-presxs-vascxs\/#primaryimage","url":"https:\/\/sare.eus\/wp-content\/uploads\/2021\/10\/SARE-HERRITARRA-OHARRA-NOTA-01-1-scaled-1.jpg","contentUrl":"https:\/\/sare.eus\/wp-content\/uploads\/2021\/10\/SARE-HERRITARRA-OHARRA-NOTA-01-1-scaled-1.jpg","width":900,"height":522},{"@type":"BreadcrumbList","@id":"https:\/\/sare.eus\/es\/nota-estamos-ante-una-nueva-fase-se-vacian-por-fin-las-carceles-de-andalucia-de-presxs-vascxs\/#breadcrumb","itemListElement":[{"@type":"ListItem","position":1,"name":"Home","item":"https:\/\/sare.eus\/"},{"@type":"ListItem","position":2,"name":"NOTA: Estamos ante una nueva fase; se vac\u00edan, por fin, las c\u00e1rceles de Andaluc\u00eda de presxs vascxs"}]},{"@type":"WebSite","@id":"https:\/\/sare.eus\/#website","url":"https:\/\/sare.eus\/","name":"Sare Herritarra","description":"KONPONBIDEAREN ETA GIZA ESKUBIDEEN ALDEKO SARE HERRITARRA","publisher":{"@id":"https:\/\/sare.eus\/#organization"},"potentialAction":[{"@type":"SearchAction","target":{"@type":"EntryPoint","urlTemplate":"https:\/\/sare.eus\/?s={search_term_string}"},"query-input":{"@type":"PropertyValueSpecification","valueRequired":true,"valueName":"search_term_string"}}],"inLanguage":"es"},{"@type":"Organization","@id":"https:\/\/sare.eus\/#organization","name":"Sare Herritarra","url":"https:\/\/sare.eus\/","logo":{"@type":"ImageObject","inLanguage":"es","@id":"https:\/\/sare.eus\/#\/schema\/logo\/image\/","url":"https:\/\/sare.eus\/wp-content\/uploads\/2021\/08\/sare.png","contentUrl":"https:\/\/sare.eus\/wp-content\/uploads\/2021\/08\/sare.png","width":120,"height":142,"caption":"Sare Herritarra"},"image":{"@id":"https:\/\/sare.eus\/#\/schema\/logo\/image\/"}},{"@type":"Person","@id":"https:\/\/sare.eus\/#\/schema\/person\/5a711e7396face0569eb43391127616d","name":"admin","image":{"@type":"ImageObject","inLanguage":"es","@id":"https:\/\/sare.eus\/#\/schema\/person\/image\/","url":"https:\/\/secure.gravatar.com\/avatar\/d22a8cc353ba20fa3181b73b7b53a33b5b98923d9a2f9945443604d7359581c4?s=96&d=mm&r=g","contentUrl":"https:\/\/secure.gravatar.com\/avatar\/d22a8cc353ba20fa3181b73b7b53a33b5b98923d9a2f9945443604d7359581c4?s=96&d=mm&r=g","caption":"admin"},"url":"https:\/\/sare.eus\/es\/author\/prueba3371_a2783y7n\/"}]}},"_links":{"self":[{"href":"https:\/\/sare.eus\/es\/wp-json\/wp\/v2\/posts\/1327","targetHints":{"allow":["GET"]}}],"collection":[{"href":"https:\/\/sare.eus\/es\/wp-json\/wp\/v2\/posts"}],"about":[{"href":"https:\/\/sare.eus\/es\/wp-json\/wp\/v2\/types\/post"}],"author":[{"embeddable":true,"href":"https:\/\/sare.eus\/es\/wp-json\/wp\/v2\/users\/1"}],"replies":[{"embeddable":true,"href":"https:\/\/sare.eus\/es\/wp-json\/wp\/v2\/comments?post=1327"}],"version-history":[{"count":1,"href":"https:\/\/sare.eus\/es\/wp-json\/wp\/v2\/posts\/1327\/revisions"}],"predecessor-version":[{"id":1328,"href":"https:\/\/sare.eus\/es\/wp-json\/wp\/v2\/posts\/1327\/revisions\/1328"}],"wp:featuredmedia":[{"embeddable":true,"href":"https:\/\/sare.eus\/es\/wp-json\/wp\/v2\/media\/487"}],"wp:attachment":[{"href":"https:\/\/sare.eus\/es\/wp-json\/wp\/v2\/media?parent=1327"}],"wp:term":[{"taxonomy":"category","embeddable":true,"href":"https:\/\/sare.eus\/es\/wp-json\/wp\/v2\/categories?post=1327"},{"taxonomy":"post_tag","embeddable":true,"href":"https:\/\/sare.eus\/es\/wp-json\/wp\/v2\/tags?post=1327"}],"curies":[{"name":"wp","href":"https:\/\/api.w.org\/{rel}","templated":true}]}}