{"id":1326,"date":"2021-07-03T14:43:30","date_gmt":"2021-07-03T14:43:30","guid":{"rendered":"http:\/\/650tontor.sare.eus\/la-red-ciudadana-sare-presenta-una-marcha-a-pie-350km-que-recorrera-ininterrumpidamente-toda-la-geografia-navarra-del-29-de-septiembre-al-2-de-octubre-2\/"},"modified":"2021-10-20T15:51:58","modified_gmt":"2021-10-20T15:51:58","slug":"la-red-ciudadana-sare-presenta-una-marcha-a-pie-350km-que-recorrera-ininterrumpidamente-toda-la-geografia-navarra-del-29-de-septiembre-al-2-de-octubre-2","status":"publish","type":"post","link":"https:\/\/sare.eus\/es\/la-red-ciudadana-sare-presenta-una-marcha-a-pie-350km-que-recorrera-ininterrumpidamente-toda-la-geografia-navarra-del-29-de-septiembre-al-2-de-octubre-2\/","title":{"rendered":"LA RED CIUDADANA SARE presenta una marcha a pie (350km), que recorrera ininterrumpidamente toda la geografia NAVARRA del 29 de septiembre al 2 de octubre."},"content":{"rendered":"<p class=\"western\" lang=\"eu-ES\"><span lang=\"es-ES-u-co-trad\">Nos hemos movilizado en un lugar significativo en la historia de nuestro pueblo.<\/span><\/p>\n<p class=\"western\" lang=\"eu-ES\" align=\"justify\"><span lang=\"es-ES-u-co-trad\">El rey espa\u00f1ol Felipe II mand\u00f3 construir la Ciudadela de Pamplona en el siglo XVI. Ten\u00eda una planta con forma de estrella de cinco puntas. Cada punta posibilitaba el control de los ataques que pod\u00edan venir de cualquier direcci\u00f3n. El objetivo de la construcci\u00f3n militar era castigar a la ciudad, controlar a la poblaci\u00f3n y mitigar su apoyo hacia Juan de Albret.<\/span><\/p>\n<p class=\"western\" lang=\"eu-ES\" align=\"justify\"><span lang=\"es-ES-u-co-trad\">La pol\u00edtica de dispersi\u00f3n puesta en marcha en mil novecientos ochenta y ocho ten\u00eda como objetivo castigar a los presos y a las presas, establecer un control sobre ellas y ellos y mitigar su apego hacia Euskal Herria. Han muerto treinta y cinco presos en la c\u00e1rcel; el \u00faltimo, Igor Gonz\u00e1lez. Y, encerr\u00e1ndolos en fortalezas lejanas, impusieron un castigo a\u00f1adido tambi\u00e9n a sus familiares: miles de kil\u00f3metros en las carreteras, cansancio f\u00edsico y mental, gran coste econ\u00f3mico y muerte. Hasta la fecha, Natividad Junco es el \u00faltimo nombre de una larga lista de diecis\u00e9is personas.<\/span><\/p>\n<p class=\"western\" lang=\"eu-ES\" align=\"justify\"><span lang=\"es-ES-u-co-trad\">Utilizaron la ley para negar derechos; se valieron de la interpretaci\u00f3n m\u00e1s cruel de la ley para poner en marcha y aplicar una pol\u00edtica penitenciaria inhumana.<\/span><\/p>\n<p class=\"western\" lang=\"eu-ES\" align=\"justify\"><span lang=\"es-ES-u-co-trad\">Poco a poco, la situaci\u00f3n en las c\u00e1rceles est\u00e1 cambiando. Hemos necesitado para ello m\u00e1s de tres d\u00e9cadas. Esta nueva situaci\u00f3n es el fruto del esfuerzo de muchas personas: ciudadanas y ciudadanos, partidos pol\u00edticos, sindicatos, innumerables agentes sociales e instituciones de Euskal Herria, as\u00ed como, evidentemente, el Colectivo de Presas y Presos Pol\u00edticos Vascos y muchas v\u00edctimas.<\/span><\/p>\n<p class=\"western\" lang=\"eu-ES\" align=\"justify\"><span lang=\"es-ES-u-co-trad\">Aun as\u00ed, es evidente que todav\u00eda no hemos conseguido dar una soluci\u00f3n integral a la situaci\u00f3n de presas y presos. Queremos dejar atr\u00e1s los tiempos en los que la ley se utilizaba como instrumento de vulneraci\u00f3n de derechos. Dejar atr\u00e1s, porque queremos avanzar, pero avanzar \u00bfhasta d\u00f3nde? Hasta que las presas y los presos est\u00e9n en casa.<\/span><\/p>\n<p class=\"western\" lang=\"eu-ES\" align=\"justify\"><span lang=\"es-ES-u-co-trad\">Tenemos que recorrer entre todas y todos, el proceso de vuelta a casa de presas y presos. Somos conscientes de la dificultad de nuestro empe\u00f1o, pero tenemos la determinaci\u00f3n para dar un paso m\u00e1s. El definitivo: comenzar a traerlos a casa.\u00a0<\/span><span lang=\"es-ES-u-co-trad\"><b>Ahora es el momento de ETXERAKO BIDEAN.<\/b><\/span><\/p>\n<p class=\"western\" lang=\"eu-ES\" align=\"justify\"><a name=\"_GoBack\"><\/a><span lang=\"es-ES-u-co-trad\">En Nafarroa queremos abordar con fuerza esta segunda fase y queremos hacerlo con una iniciativa significativa.\u00a0<\/span><span lang=\"es-ES-u-co-trad\"><b>Una marcha que recorrer\u00e1 a pie (350km), d\u00eda y noche, sin descanso, pasando por pueblos y barrios donde hay presos y presas vascas. Comenzar\u00e1 el 29 de septiembre en Lesaka y finalizar\u00e1 el 2 de octubre en Pamplona<\/b><\/span><span lang=\"es-ES-u-co-trad\">.<\/span>\u00a0<span lang=\"es-ES-u-co-trad\">El reto lo queremos llevar pueblo a pueblo, barrio a barrio y, por tanto, le queremos dar eco desde hoy. As\u00ed pues, invitamos a partidos, sindicatos, agentes y ciudadan\u00eda en general a participar y aportar en dicha iniciativa.\u00a0<\/span><span lang=\"es-ES-u-co-trad\"><b>\u00a1Recorramos juntos el camino a casa de presos, exiliados y deportados!<\/b><\/span><\/p>\n<p class=\"western\" lang=\"eu-ES\" align=\"justify\">Presoak zigortzea, kontrolatzea, Euskal Herriarekiko atxikimendua apalaraztea zuen helburu mila bederatziehun eta laurogeita zortzian abian jarri zuten dispertsio politikak. Hogeita hamabost preso hil dira espetxean, azkena Igor Gonz\u00e1lez. Urruneko gotorlekutan atxikita, zigor erantsia ezarri zieten senideei ere bai: kilometro asko egin behar errepidean, neke fisiko eta mentala, diru xahuketa eta heriotza. Natividad Junco da, gaur arte, hamasei izeneko zerrenda luzearen azkena.<\/p>\n<p class=\"western\" lang=\"eu-ES\" align=\"justify\">Legea erabili zuten eskubideak ukatzeko, legearen interpretazio ankerrena egin zuten espetxe politika gizagabea abian jarri eta bideratzeko.<\/p>\n<p class=\"western\" lang=\"eu-ES\" align=\"justify\"><b><img loading=\"lazy\" decoding=\"async\" class=\"alignleft wp-image-573 size-full\" src=\"https:\/\/sare.eus\/wp-content\/uploads\/2021\/10\/menbrete-dokumetua_Mesa-de-trabajo-1.jpg\" alt=\"\" width=\"443\" height=\"160\" srcset=\"https:\/\/sare.eus\/wp-content\/uploads\/2021\/10\/menbrete-dokumetua_Mesa-de-trabajo-1.jpg 443w, https:\/\/sare.eus\/wp-content\/uploads\/2021\/10\/menbrete-dokumetua_Mesa-de-trabajo-1-300x108.jpg 300w, https:\/\/sare.eus\/wp-content\/uploads\/2021\/10\/menbrete-dokumetua_Mesa-de-trabajo-1-440x160.jpg 440w\" sizes=\"(max-width: 443px) 100vw, 443px\" \/>Ibilian-ibilian<\/b> eta pixkanaka bada ere presoen egoera aldatzen ari da. Hiru hamarkada baino gehiago behar izan ditugu. Egoera berria pertsona askoren esfortzuei esker lortu da: Euskal Herriko hiritar, alderdi politiko, sindikatu, hainbat eta hainbat herri eragile, instituzio eta noski, Euskal Preso Politikoen Kolektiboko kideei eta hainbat biktimen esfortzuari esker.<\/p>\n<p class=\"western\" lang=\"eu-ES\" align=\"justify\">Hala ere ez dugu lortu oraindik presoen korapiloa erabat askatzea. Atzean utzi nahi ditugu legea eskubideak urratzeko erabiltzen ziren garaiak. Atzean utzi aurrera egin nahi dugulako, aurrera egin ahal izateko, baina noraino? Presoak etxean izateraino. Eta horretarako, denak behingoz, etxerako bidean jarri behar ditugu.<\/p>\n<p class=\"western\" lang=\"eu-ES\" align=\"justify\"><b>Ibilian-ibilian<\/b> egin behar dugu hemendik aurrerako bidea ere. Argi izanda oraindik bide luzea dugula egiteko. Jakin badakigu eginahala zaila dena, baina beste urrats bat egiteko asmo irmoa dugu. Behin betiko urratsa: etxera ekartzeko bidea hastea. <b>Orain ETXERAKO BIDEAN jartzeko unea da.<\/b><\/p>\n<p class=\"western\" lang=\"eu-ES\" align=\"justify\">Nafarroan indartsu ekin nahi diogu bigarren fase honi eta ekimen esanguratsu bat aurkezten ari gara gaur hemen. Irailaren 29tik urriaren 2ra, Lesakatik Berriozarrera, gau eta egun, herrialde osoa zeharkatuko duen martxa ibiltaria izanen da geure buruei jarri diogun erronka berria. 350km-tako martxa ibiltaria. Herriz-herri, auzoz-auzo zabaldu nahi dugun erronka eta gaurtik hasita oihartzuna eman nahi diogun ekimena.<\/p>\n<p class=\"western\" lang=\"eu-ES\" align=\"justify\">Gotorleku eta harresi politiketatik, salbuespenetik, gizatasuna eta bizikidetzaren espetxe politikarako bidea ibilita, presoak etxerako bidean jarri behar ditugu. Eta bide hori guztion artean egin behar dugu, <b>Ibilian-ibilian, egin dezagun elkarrekin, preso, iheslari eta deportatuen etxerako bidea!<\/b><\/p>\n<p class=\"western\" lang=\"eu-ES\"><b>IRAILAREN 29tik URRIAREN 2ra, NAFARROAKO ITZULIA, LESAKATIK \u2013 IRU\u00d1ERA<\/b><\/p>\n","protected":false},"excerpt":{"rendered":"<p>Nos hemos movilizado en un lugar significativo en la historia de nuestro pueblo. El rey espa\u00f1ol Felipe II mand\u00f3 construir la Ciudadela de Pamplona en el siglo XVI. Ten\u00eda una [&hellip;]<\/p>\n","protected":false},"author":1,"featured_media":577,"comment_status":"open","ping_status":"open","sticky":false,"template":"","format":"standard","meta":{"_acf_changed":false,"_et_pb_use_builder":"off","_et_pb_old_content":"","_et_gb_content_width":"","footnotes":""},"categories":[60],"tags":[],"class_list":["post-1326","post","type-post","status-publish","format-standard","has-post-thumbnail","hentry","category-etxera-es","et-has-post-format-content","et_post_format-et-post-format-standard"],"acf":[],"yoast_head":"<!-- This site is optimized with the Yoast SEO plugin v26.4 - https:\/\/yoast.com\/wordpress\/plugins\/seo\/ -->\n<title>LA RED CIUDADANA SARE presenta una marcha a pie (350km), que recorrera ininterrumpidamente toda la geografia NAVARRA del 29 de septiembre al 2 de octubre. - Sare Herritarra<\/title>\n<meta name=\"robots\" content=\"index, follow, max-snippet:-1, max-image-preview:large, max-video-preview:-1\" \/>\n<link rel=\"canonical\" href=\"https:\/\/sare.eus\/es\/la-red-ciudadana-sare-presenta-una-marcha-a-pie-350km-que-recorrera-ininterrumpidamente-toda-la-geografia-navarra-del-29-de-septiembre-al-2-de-octubre-2\/\" \/>\n<meta property=\"og:locale\" content=\"es_ES\" \/>\n<meta property=\"og:type\" content=\"article\" \/>\n<meta property=\"og:title\" content=\"LA RED CIUDADANA SARE presenta una marcha a pie (350km), que recorrera ininterrumpidamente toda la geografia NAVARRA del 29 de septiembre al 2 de octubre. - Sare Herritarra\" \/>\n<meta property=\"og:description\" content=\"Nos hemos movilizado en un lugar significativo en la historia de nuestro pueblo. El rey espa\u00f1ol Felipe II mand\u00f3 construir la Ciudadela de Pamplona en el siglo XVI. Ten\u00eda una [&hellip;]\" \/>\n<meta property=\"og:url\" content=\"https:\/\/sare.eus\/es\/la-red-ciudadana-sare-presenta-una-marcha-a-pie-350km-que-recorrera-ininterrumpidamente-toda-la-geografia-navarra-del-29-de-septiembre-al-2-de-octubre-2\/\" \/>\n<meta property=\"og:site_name\" content=\"Sare Herritarra\" \/>\n<meta property=\"article:published_time\" content=\"2021-07-03T14:43:30+00:00\" \/>\n<meta property=\"article:modified_time\" content=\"2021-10-20T15:51:58+00:00\" \/>\n<meta property=\"og:image\" content=\"https:\/\/sare.eus\/wp-content\/uploads\/2021\/07\/04.jpg\" \/>\n\t<meta property=\"og:image:width\" content=\"800\" \/>\n\t<meta property=\"og:image:height\" content=\"601\" \/>\n\t<meta property=\"og:image:type\" content=\"image\/jpeg\" \/>\n<meta name=\"author\" content=\"admin\" \/>\n<meta name=\"twitter:card\" content=\"summary_large_image\" \/>\n<meta name=\"twitter:label1\" content=\"Escrito por\" \/>\n\t<meta name=\"twitter:data1\" content=\"admin\" \/>\n\t<meta name=\"twitter:label2\" content=\"Tiempo de lectura\" \/>\n\t<meta name=\"twitter:data2\" content=\"4 minutos\" \/>\n<script type=\"application\/ld+json\" class=\"yoast-schema-graph\">{\"@context\":\"https:\/\/schema.org\",\"@graph\":[{\"@type\":\"Article\",\"@id\":\"https:\/\/sare.eus\/es\/la-red-ciudadana-sare-presenta-una-marcha-a-pie-350km-que-recorrera-ininterrumpidamente-toda-la-geografia-navarra-del-29-de-septiembre-al-2-de-octubre-2\/#article\",\"isPartOf\":{\"@id\":\"https:\/\/sare.eus\/es\/la-red-ciudadana-sare-presenta-una-marcha-a-pie-350km-que-recorrera-ininterrumpidamente-toda-la-geografia-navarra-del-29-de-septiembre-al-2-de-octubre-2\/\"},\"author\":{\"name\":\"admin\",\"@id\":\"https:\/\/sare.eus\/#\/schema\/person\/5a711e7396face0569eb43391127616d\"},\"headline\":\"LA RED CIUDADANA SARE presenta una marcha a pie (350km), que recorrera ininterrumpidamente toda la geografia NAVARRA del 29 de septiembre al 2 de octubre.\",\"datePublished\":\"2021-07-03T14:43:30+00:00\",\"dateModified\":\"2021-10-20T15:51:58+00:00\",\"mainEntityOfPage\":{\"@id\":\"https:\/\/sare.eus\/es\/la-red-ciudadana-sare-presenta-una-marcha-a-pie-350km-que-recorrera-ininterrumpidamente-toda-la-geografia-navarra-del-29-de-septiembre-al-2-de-octubre-2\/\"},\"wordCount\":839,\"commentCount\":0,\"publisher\":{\"@id\":\"https:\/\/sare.eus\/#organization\"},\"image\":{\"@id\":\"https:\/\/sare.eus\/es\/la-red-ciudadana-sare-presenta-una-marcha-a-pie-350km-que-recorrera-ininterrumpidamente-toda-la-geografia-navarra-del-29-de-septiembre-al-2-de-octubre-2\/#primaryimage\"},\"thumbnailUrl\":\"https:\/\/sare.eus\/wp-content\/uploads\/2021\/07\/04.jpg\",\"articleSection\":[\"Etxera\"],\"inLanguage\":\"es\",\"potentialAction\":[{\"@type\":\"CommentAction\",\"name\":\"Comment\",\"target\":[\"https:\/\/sare.eus\/es\/la-red-ciudadana-sare-presenta-una-marcha-a-pie-350km-que-recorrera-ininterrumpidamente-toda-la-geografia-navarra-del-29-de-septiembre-al-2-de-octubre-2\/#respond\"]}]},{\"@type\":\"WebPage\",\"@id\":\"https:\/\/sare.eus\/es\/la-red-ciudadana-sare-presenta-una-marcha-a-pie-350km-que-recorrera-ininterrumpidamente-toda-la-geografia-navarra-del-29-de-septiembre-al-2-de-octubre-2\/\",\"url\":\"https:\/\/sare.eus\/es\/la-red-ciudadana-sare-presenta-una-marcha-a-pie-350km-que-recorrera-ininterrumpidamente-toda-la-geografia-navarra-del-29-de-septiembre-al-2-de-octubre-2\/\",\"name\":\"LA RED CIUDADANA SARE presenta una marcha a pie (350km), que recorrera ininterrumpidamente toda la geografia NAVARRA del 29 de septiembre al 2 de octubre. - Sare Herritarra\",\"isPartOf\":{\"@id\":\"https:\/\/sare.eus\/#website\"},\"primaryImageOfPage\":{\"@id\":\"https:\/\/sare.eus\/es\/la-red-ciudadana-sare-presenta-una-marcha-a-pie-350km-que-recorrera-ininterrumpidamente-toda-la-geografia-navarra-del-29-de-septiembre-al-2-de-octubre-2\/#primaryimage\"},\"image\":{\"@id\":\"https:\/\/sare.eus\/es\/la-red-ciudadana-sare-presenta-una-marcha-a-pie-350km-que-recorrera-ininterrumpidamente-toda-la-geografia-navarra-del-29-de-septiembre-al-2-de-octubre-2\/#primaryimage\"},\"thumbnailUrl\":\"https:\/\/sare.eus\/wp-content\/uploads\/2021\/07\/04.jpg\",\"datePublished\":\"2021-07-03T14:43:30+00:00\",\"dateModified\":\"2021-10-20T15:51:58+00:00\",\"breadcrumb\":{\"@id\":\"https:\/\/sare.eus\/es\/la-red-ciudadana-sare-presenta-una-marcha-a-pie-350km-que-recorrera-ininterrumpidamente-toda-la-geografia-navarra-del-29-de-septiembre-al-2-de-octubre-2\/#breadcrumb\"},\"inLanguage\":\"es\",\"potentialAction\":[{\"@type\":\"ReadAction\",\"target\":[\"https:\/\/sare.eus\/es\/la-red-ciudadana-sare-presenta-una-marcha-a-pie-350km-que-recorrera-ininterrumpidamente-toda-la-geografia-navarra-del-29-de-septiembre-al-2-de-octubre-2\/\"]}]},{\"@type\":\"ImageObject\",\"inLanguage\":\"es\",\"@id\":\"https:\/\/sare.eus\/es\/la-red-ciudadana-sare-presenta-una-marcha-a-pie-350km-que-recorrera-ininterrumpidamente-toda-la-geografia-navarra-del-29-de-septiembre-al-2-de-octubre-2\/#primaryimage\",\"url\":\"https:\/\/sare.eus\/wp-content\/uploads\/2021\/07\/04.jpg\",\"contentUrl\":\"https:\/\/sare.eus\/wp-content\/uploads\/2021\/07\/04.jpg\",\"width\":800,\"height\":601},{\"@type\":\"BreadcrumbList\",\"@id\":\"https:\/\/sare.eus\/es\/la-red-ciudadana-sare-presenta-una-marcha-a-pie-350km-que-recorrera-ininterrumpidamente-toda-la-geografia-navarra-del-29-de-septiembre-al-2-de-octubre-2\/#breadcrumb\",\"itemListElement\":[{\"@type\":\"ListItem\",\"position\":1,\"name\":\"Home\",\"item\":\"https:\/\/sare.eus\/\"},{\"@type\":\"ListItem\",\"position\":2,\"name\":\"LA RED CIUDADANA SARE presenta una marcha a pie (350km), que recorrera ininterrumpidamente toda la geografia NAVARRA del 29 de septiembre al 2 de octubre.\"}]},{\"@type\":\"WebSite\",\"@id\":\"https:\/\/sare.eus\/#website\",\"url\":\"https:\/\/sare.eus\/\",\"name\":\"Sare Herritarra\",\"description\":\"KONPONBIDEAREN ETA GIZA ESKUBIDEEN ALDEKO SARE HERRITARRA\",\"publisher\":{\"@id\":\"https:\/\/sare.eus\/#organization\"},\"potentialAction\":[{\"@type\":\"SearchAction\",\"target\":{\"@type\":\"EntryPoint\",\"urlTemplate\":\"https:\/\/sare.eus\/?s={search_term_string}\"},\"query-input\":{\"@type\":\"PropertyValueSpecification\",\"valueRequired\":true,\"valueName\":\"search_term_string\"}}],\"inLanguage\":\"es\"},{\"@type\":\"Organization\",\"@id\":\"https:\/\/sare.eus\/#organization\",\"name\":\"Sare Herritarra\",\"url\":\"https:\/\/sare.eus\/\",\"logo\":{\"@type\":\"ImageObject\",\"inLanguage\":\"es\",\"@id\":\"https:\/\/sare.eus\/#\/schema\/logo\/image\/\",\"url\":\"https:\/\/sare.eus\/wp-content\/uploads\/2021\/08\/sare.png\",\"contentUrl\":\"https:\/\/sare.eus\/wp-content\/uploads\/2021\/08\/sare.png\",\"width\":120,\"height\":142,\"caption\":\"Sare Herritarra\"},\"image\":{\"@id\":\"https:\/\/sare.eus\/#\/schema\/logo\/image\/\"}},{\"@type\":\"Person\",\"@id\":\"https:\/\/sare.eus\/#\/schema\/person\/5a711e7396face0569eb43391127616d\",\"name\":\"admin\",\"image\":{\"@type\":\"ImageObject\",\"inLanguage\":\"es\",\"@id\":\"https:\/\/sare.eus\/#\/schema\/person\/image\/\",\"url\":\"https:\/\/secure.gravatar.com\/avatar\/d22a8cc353ba20fa3181b73b7b53a33b5b98923d9a2f9945443604d7359581c4?s=96&d=mm&r=g\",\"contentUrl\":\"https:\/\/secure.gravatar.com\/avatar\/d22a8cc353ba20fa3181b73b7b53a33b5b98923d9a2f9945443604d7359581c4?s=96&d=mm&r=g\",\"caption\":\"admin\"},\"url\":\"https:\/\/sare.eus\/es\/author\/prueba3371_a2783y7n\/\"}]}<\/script>\n<!-- \/ Yoast SEO plugin. -->","yoast_head_json":{"title":"LA RED CIUDADANA SARE presenta una marcha a pie (350km), que recorrera ininterrumpidamente toda la geografia NAVARRA del 29 de septiembre al 2 de octubre. - Sare Herritarra","robots":{"index":"index","follow":"follow","max-snippet":"max-snippet:-1","max-image-preview":"max-image-preview:large","max-video-preview":"max-video-preview:-1"},"canonical":"https:\/\/sare.eus\/es\/la-red-ciudadana-sare-presenta-una-marcha-a-pie-350km-que-recorrera-ininterrumpidamente-toda-la-geografia-navarra-del-29-de-septiembre-al-2-de-octubre-2\/","og_locale":"es_ES","og_type":"article","og_title":"LA RED CIUDADANA SARE presenta una marcha a pie (350km), que recorrera ininterrumpidamente toda la geografia NAVARRA del 29 de septiembre al 2 de octubre. - Sare Herritarra","og_description":"Nos hemos movilizado en un lugar significativo en la historia de nuestro pueblo. El rey espa\u00f1ol Felipe II mand\u00f3 construir la Ciudadela de Pamplona en el siglo XVI. Ten\u00eda una [&hellip;]","og_url":"https:\/\/sare.eus\/es\/la-red-ciudadana-sare-presenta-una-marcha-a-pie-350km-que-recorrera-ininterrumpidamente-toda-la-geografia-navarra-del-29-de-septiembre-al-2-de-octubre-2\/","og_site_name":"Sare Herritarra","article_published_time":"2021-07-03T14:43:30+00:00","article_modified_time":"2021-10-20T15:51:58+00:00","og_image":[{"width":800,"height":601,"url":"https:\/\/sare.eus\/wp-content\/uploads\/2021\/07\/04.jpg","type":"image\/jpeg"}],"author":"admin","twitter_card":"summary_large_image","twitter_misc":{"Escrito por":"admin","Tiempo de lectura":"4 minutos"},"schema":{"@context":"https:\/\/schema.org","@graph":[{"@type":"Article","@id":"https:\/\/sare.eus\/es\/la-red-ciudadana-sare-presenta-una-marcha-a-pie-350km-que-recorrera-ininterrumpidamente-toda-la-geografia-navarra-del-29-de-septiembre-al-2-de-octubre-2\/#article","isPartOf":{"@id":"https:\/\/sare.eus\/es\/la-red-ciudadana-sare-presenta-una-marcha-a-pie-350km-que-recorrera-ininterrumpidamente-toda-la-geografia-navarra-del-29-de-septiembre-al-2-de-octubre-2\/"},"author":{"name":"admin","@id":"https:\/\/sare.eus\/#\/schema\/person\/5a711e7396face0569eb43391127616d"},"headline":"LA RED CIUDADANA SARE presenta una marcha a pie (350km), que recorrera ininterrumpidamente toda la geografia NAVARRA del 29 de septiembre al 2 de octubre.","datePublished":"2021-07-03T14:43:30+00:00","dateModified":"2021-10-20T15:51:58+00:00","mainEntityOfPage":{"@id":"https:\/\/sare.eus\/es\/la-red-ciudadana-sare-presenta-una-marcha-a-pie-350km-que-recorrera-ininterrumpidamente-toda-la-geografia-navarra-del-29-de-septiembre-al-2-de-octubre-2\/"},"wordCount":839,"commentCount":0,"publisher":{"@id":"https:\/\/sare.eus\/#organization"},"image":{"@id":"https:\/\/sare.eus\/es\/la-red-ciudadana-sare-presenta-una-marcha-a-pie-350km-que-recorrera-ininterrumpidamente-toda-la-geografia-navarra-del-29-de-septiembre-al-2-de-octubre-2\/#primaryimage"},"thumbnailUrl":"https:\/\/sare.eus\/wp-content\/uploads\/2021\/07\/04.jpg","articleSection":["Etxera"],"inLanguage":"es","potentialAction":[{"@type":"CommentAction","name":"Comment","target":["https:\/\/sare.eus\/es\/la-red-ciudadana-sare-presenta-una-marcha-a-pie-350km-que-recorrera-ininterrumpidamente-toda-la-geografia-navarra-del-29-de-septiembre-al-2-de-octubre-2\/#respond"]}]},{"@type":"WebPage","@id":"https:\/\/sare.eus\/es\/la-red-ciudadana-sare-presenta-una-marcha-a-pie-350km-que-recorrera-ininterrumpidamente-toda-la-geografia-navarra-del-29-de-septiembre-al-2-de-octubre-2\/","url":"https:\/\/sare.eus\/es\/la-red-ciudadana-sare-presenta-una-marcha-a-pie-350km-que-recorrera-ininterrumpidamente-toda-la-geografia-navarra-del-29-de-septiembre-al-2-de-octubre-2\/","name":"LA RED CIUDADANA SARE presenta una marcha a pie (350km), que recorrera ininterrumpidamente toda la geografia NAVARRA del 29 de septiembre al 2 de octubre. - Sare Herritarra","isPartOf":{"@id":"https:\/\/sare.eus\/#website"},"primaryImageOfPage":{"@id":"https:\/\/sare.eus\/es\/la-red-ciudadana-sare-presenta-una-marcha-a-pie-350km-que-recorrera-ininterrumpidamente-toda-la-geografia-navarra-del-29-de-septiembre-al-2-de-octubre-2\/#primaryimage"},"image":{"@id":"https:\/\/sare.eus\/es\/la-red-ciudadana-sare-presenta-una-marcha-a-pie-350km-que-recorrera-ininterrumpidamente-toda-la-geografia-navarra-del-29-de-septiembre-al-2-de-octubre-2\/#primaryimage"},"thumbnailUrl":"https:\/\/sare.eus\/wp-content\/uploads\/2021\/07\/04.jpg","datePublished":"2021-07-03T14:43:30+00:00","dateModified":"2021-10-20T15:51:58+00:00","breadcrumb":{"@id":"https:\/\/sare.eus\/es\/la-red-ciudadana-sare-presenta-una-marcha-a-pie-350km-que-recorrera-ininterrumpidamente-toda-la-geografia-navarra-del-29-de-septiembre-al-2-de-octubre-2\/#breadcrumb"},"inLanguage":"es","potentialAction":[{"@type":"ReadAction","target":["https:\/\/sare.eus\/es\/la-red-ciudadana-sare-presenta-una-marcha-a-pie-350km-que-recorrera-ininterrumpidamente-toda-la-geografia-navarra-del-29-de-septiembre-al-2-de-octubre-2\/"]}]},{"@type":"ImageObject","inLanguage":"es","@id":"https:\/\/sare.eus\/es\/la-red-ciudadana-sare-presenta-una-marcha-a-pie-350km-que-recorrera-ininterrumpidamente-toda-la-geografia-navarra-del-29-de-septiembre-al-2-de-octubre-2\/#primaryimage","url":"https:\/\/sare.eus\/wp-content\/uploads\/2021\/07\/04.jpg","contentUrl":"https:\/\/sare.eus\/wp-content\/uploads\/2021\/07\/04.jpg","width":800,"height":601},{"@type":"BreadcrumbList","@id":"https:\/\/sare.eus\/es\/la-red-ciudadana-sare-presenta-una-marcha-a-pie-350km-que-recorrera-ininterrumpidamente-toda-la-geografia-navarra-del-29-de-septiembre-al-2-de-octubre-2\/#breadcrumb","itemListElement":[{"@type":"ListItem","position":1,"name":"Home","item":"https:\/\/sare.eus\/"},{"@type":"ListItem","position":2,"name":"LA RED CIUDADANA SARE presenta una marcha a pie (350km), que recorrera ininterrumpidamente toda la geografia NAVARRA del 29 de septiembre al 2 de octubre."}]},{"@type":"WebSite","@id":"https:\/\/sare.eus\/#website","url":"https:\/\/sare.eus\/","name":"Sare Herritarra","description":"KONPONBIDEAREN ETA GIZA ESKUBIDEEN ALDEKO SARE HERRITARRA","publisher":{"@id":"https:\/\/sare.eus\/#organization"},"potentialAction":[{"@type":"SearchAction","target":{"@type":"EntryPoint","urlTemplate":"https:\/\/sare.eus\/?s={search_term_string}"},"query-input":{"@type":"PropertyValueSpecification","valueRequired":true,"valueName":"search_term_string"}}],"inLanguage":"es"},{"@type":"Organization","@id":"https:\/\/sare.eus\/#organization","name":"Sare Herritarra","url":"https:\/\/sare.eus\/","logo":{"@type":"ImageObject","inLanguage":"es","@id":"https:\/\/sare.eus\/#\/schema\/logo\/image\/","url":"https:\/\/sare.eus\/wp-content\/uploads\/2021\/08\/sare.png","contentUrl":"https:\/\/sare.eus\/wp-content\/uploads\/2021\/08\/sare.png","width":120,"height":142,"caption":"Sare Herritarra"},"image":{"@id":"https:\/\/sare.eus\/#\/schema\/logo\/image\/"}},{"@type":"Person","@id":"https:\/\/sare.eus\/#\/schema\/person\/5a711e7396face0569eb43391127616d","name":"admin","image":{"@type":"ImageObject","inLanguage":"es","@id":"https:\/\/sare.eus\/#\/schema\/person\/image\/","url":"https:\/\/secure.gravatar.com\/avatar\/d22a8cc353ba20fa3181b73b7b53a33b5b98923d9a2f9945443604d7359581c4?s=96&d=mm&r=g","contentUrl":"https:\/\/secure.gravatar.com\/avatar\/d22a8cc353ba20fa3181b73b7b53a33b5b98923d9a2f9945443604d7359581c4?s=96&d=mm&r=g","caption":"admin"},"url":"https:\/\/sare.eus\/es\/author\/prueba3371_a2783y7n\/"}]}},"_links":{"self":[{"href":"https:\/\/sare.eus\/es\/wp-json\/wp\/v2\/posts\/1326","targetHints":{"allow":["GET"]}}],"collection":[{"href":"https:\/\/sare.eus\/es\/wp-json\/wp\/v2\/posts"}],"about":[{"href":"https:\/\/sare.eus\/es\/wp-json\/wp\/v2\/types\/post"}],"author":[{"embeddable":true,"href":"https:\/\/sare.eus\/es\/wp-json\/wp\/v2\/users\/1"}],"replies":[{"embeddable":true,"href":"https:\/\/sare.eus\/es\/wp-json\/wp\/v2\/comments?post=1326"}],"version-history":[{"count":1,"href":"https:\/\/sare.eus\/es\/wp-json\/wp\/v2\/posts\/1326\/revisions"}],"predecessor-version":[{"id":1358,"href":"https:\/\/sare.eus\/es\/wp-json\/wp\/v2\/posts\/1326\/revisions\/1358"}],"wp:featuredmedia":[{"embeddable":true,"href":"https:\/\/sare.eus\/es\/wp-json\/wp\/v2\/media\/577"}],"wp:attachment":[{"href":"https:\/\/sare.eus\/es\/wp-json\/wp\/v2\/media?parent=1326"}],"wp:term":[{"taxonomy":"category","embeddable":true,"href":"https:\/\/sare.eus\/es\/wp-json\/wp\/v2\/categories?post=1326"},{"taxonomy":"post_tag","embeddable":true,"href":"https:\/\/sare.eus\/es\/wp-json\/wp\/v2\/tags?post=1326"}],"curies":[{"name":"wp","href":"https:\/\/api.w.org\/{rel}","templated":true}]}}