{"id":1324,"date":"2021-07-24T14:16:48","date_gmt":"2021-07-24T14:16:48","guid":{"rendered":"http:\/\/650tontor.sare.eus\/la-ultima-etapa-de-la-vuelta-ciclista-de-este-ano-ha-comenzado-en-zumaia-y-ha-finalizado-en-donostia\/"},"modified":"2021-10-20T15:52:15","modified_gmt":"2021-10-20T15:52:15","slug":"la-ultima-etapa-de-la-vuelta-ciclista-de-este-ano-ha-comenzado-en-zumaia-y-ha-finalizado-en-donostia","status":"publish","type":"post","link":"https:\/\/sare.eus\/es\/la-ultima-etapa-de-la-vuelta-ciclista-de-este-ano-ha-comenzado-en-zumaia-y-ha-finalizado-en-donostia\/","title":{"rendered":"La \u00faltima etapa de la Vuelta Ciclista de este a\u00f1o ha comenzado en Zumaia y ha finalizado en Donostia"},"content":{"rendered":"<p>Un a\u00f1o m\u00e1s, cientos de kms., cientos de personas, hab\u00e9is recorrido una gran parte de Hegoalde. Con cada pedalada que hab\u00e9is dado; con cada paso que recorremos en la calle o en el monte, estamos reivindicando abrir el camino de regreso a casa, que tienen derecho a recorrer los presos y presas vascos.<\/p>\n<p>Estamos demostrando en todas estas din\u00e1micas, que muchas peque\u00f1as acciones, realizadas por muchas personas y en muchos sitios, pueden hacer cambiar las cosas. Y eso es lo que somos: Un motor de cambio, para avanzar hacia la convivencia y una verdadera paz en EH:<br \/>\nVamos avanzando; vamos derribando bloqueos; vamos terminando con el alejamiento, pero no debemos caer en la complacencia. Nos queda un largo camino que recorrer, hasta que todos y todas est\u00e9n aqu\u00ed.<\/p>\n<p>Es por ello, que desde SARE, no queremos dar por normalizada una situaci\u00f3n que no lo es.<br \/>\nSi, con el esfuerzo de todas y todos, hemos ido consiguiendo que las c\u00e1rceles mas alejadas de EH, deben de albergar a presos y presas vascos. Hemos puesto fin, a una etapa terrible, donde la vulneraci\u00f3n de los derechos de los presos y sus familias, ha sido el objetivo m\u00e1s represivo que hemos sufrido.<\/p>\n<p>Pero ahora tenemos por delante, otras etapas que realizar. Quienes hoy est\u00e1n en Due\u00f1as, en Mansilla, Arag\u00f3n, o Madrid, tenemos que traerlos aqu\u00ed. Y este trabajo lo tenemos que desarrollar entre todas y todos: Instituciones, partidos, sindicatos y sociedad civil. Nadie puede quedarse al margen de este objetivo, porque estamos hablando de derechos. De Derechos humanos.<\/p>\n<p>Y junto al alejamiento, tenemos por delante poner fin a la pol\u00edtica penitenciaria de excepci\u00f3n. Terminar con el bloqueo de la progresi\u00f3n de grados; con la actitud de una justicia que bloquea permisos y progresiones de grado.; poner fin a las leyes que posibilitan cadenas perpetuas encubiertas, de hasta 40 a\u00f1os de prisi\u00f3n efectiva; o aquellas otras, que impiden computar el tiempo cumplido en c\u00e1rceles francesas.<\/p>\n<p>En definitiva, Poner fin a las actitudes de revancha. Solo as\u00ed, podr\u00e1n realizar el camino de regreso a casa. Sigamos pedaleando; continuamos andando, recorramos juntos este camino, para poder traer a casa a todos y todas.<\/p>\n<p>SARE, continuara siendo parte de la soluci\u00f3n. Continuaremos trabajando en la consecuci\u00f3n de todos estos objetivos.<\/p>\n\n<figure class=\"wp-block-embed is-type-video is-provider-youtube wp-block-embed-youtube wp-embed-aspect-16-9 wp-has-aspect-ratio\">\r\n<div class=\"wp-block-embed__wrapper\">https:\/\/www.youtube.com\/watch?v=wRurYAY3Lxg&amp;list=PLfo14lvzTrOzyU1jjSprl0lU5ggtNtcIZ<\/div>\r\n<\/figure>\n\n<figure class=\"wp-block-embed is-type-video is-provider-youtube wp-block-embed-youtube wp-embed-aspect-16-9 wp-has-aspect-ratio\">\r\n<div class=\"wp-block-embed__wrapper\">https:\/\/www.youtube.com\/watch?v=o3Q9fai8xSs&amp;t=1s<\/div>\r\n<\/figure>\n","protected":false},"excerpt":{"rendered":"<p>Un a\u00f1o m\u00e1s, cientos de kms., cientos de personas, hab\u00e9is recorrido una gran parte de Hegoalde. Con cada pedalada que hab\u00e9is dado; con cada paso que recorremos en la calle [&hellip;]<\/p>\n","protected":false},"author":1,"featured_media":590,"comment_status":"open","ping_status":"open","sticky":false,"template":"","format":"standard","meta":{"_acf_changed":false,"_et_pb_use_builder":"off","_et_pb_old_content":"","_et_gb_content_width":"","footnotes":""},"categories":[60],"tags":[],"class_list":["post-1324","post","type-post","status-publish","format-standard","has-post-thumbnail","hentry","category-etxera-es","et-has-post-format-content","et_post_format-et-post-format-standard"],"acf":[],"yoast_head":"<!-- This site is optimized with the Yoast SEO plugin v26.4 - https:\/\/yoast.com\/wordpress\/plugins\/seo\/ -->\n<title>La \u00faltima etapa de la Vuelta Ciclista de este a\u00f1o ha comenzado en Zumaia y ha finalizado en Donostia - Sare Herritarra<\/title>\n<meta name=\"robots\" content=\"index, follow, max-snippet:-1, max-image-preview:large, max-video-preview:-1\" \/>\n<link rel=\"canonical\" href=\"https:\/\/sare.eus\/es\/la-ultima-etapa-de-la-vuelta-ciclista-de-este-ano-ha-comenzado-en-zumaia-y-ha-finalizado-en-donostia\/\" \/>\n<meta property=\"og:locale\" content=\"es_ES\" \/>\n<meta property=\"og:type\" content=\"article\" \/>\n<meta property=\"og:title\" content=\"La \u00faltima etapa de la Vuelta Ciclista de este a\u00f1o ha comenzado en Zumaia y ha finalizado en Donostia - Sare Herritarra\" \/>\n<meta property=\"og:description\" content=\"Un a\u00f1o m\u00e1s, cientos de kms., cientos de personas, hab\u00e9is recorrido una gran parte de Hegoalde. Con cada pedalada que hab\u00e9is dado; con cada paso que recorremos en la calle [&hellip;]\" \/>\n<meta property=\"og:url\" content=\"https:\/\/sare.eus\/es\/la-ultima-etapa-de-la-vuelta-ciclista-de-este-ano-ha-comenzado-en-zumaia-y-ha-finalizado-en-donostia\/\" \/>\n<meta property=\"og:site_name\" content=\"Sare Herritarra\" \/>\n<meta property=\"article:published_time\" content=\"2021-07-24T14:16:48+00:00\" \/>\n<meta property=\"article:modified_time\" content=\"2021-10-20T15:52:15+00:00\" \/>\n<meta property=\"og:image\" content=\"https:\/\/sare.eus\/wp-content\/uploads\/2021\/07\/photo_2021-07-24_17-13-35-uai-516x310-1.jpg\" \/>\n\t<meta property=\"og:image:width\" content=\"516\" \/>\n\t<meta property=\"og:image:height\" content=\"310\" \/>\n\t<meta property=\"og:image:type\" content=\"image\/jpeg\" \/>\n<meta name=\"author\" content=\"admin\" \/>\n<meta name=\"twitter:card\" content=\"summary_large_image\" \/>\n<meta name=\"twitter:label1\" content=\"Escrito por\" \/>\n\t<meta name=\"twitter:data1\" content=\"admin\" \/>\n\t<meta name=\"twitter:label2\" content=\"Tiempo de lectura\" \/>\n\t<meta name=\"twitter:data2\" content=\"2 minutos\" \/>\n<script type=\"application\/ld+json\" class=\"yoast-schema-graph\">{\"@context\":\"https:\/\/schema.org\",\"@graph\":[{\"@type\":\"Article\",\"@id\":\"https:\/\/sare.eus\/es\/la-ultima-etapa-de-la-vuelta-ciclista-de-este-ano-ha-comenzado-en-zumaia-y-ha-finalizado-en-donostia\/#article\",\"isPartOf\":{\"@id\":\"https:\/\/sare.eus\/es\/la-ultima-etapa-de-la-vuelta-ciclista-de-este-ano-ha-comenzado-en-zumaia-y-ha-finalizado-en-donostia\/\"},\"author\":{\"name\":\"admin\",\"@id\":\"https:\/\/sare.eus\/#\/schema\/person\/5a711e7396face0569eb43391127616d\"},\"headline\":\"La \u00faltima etapa de la Vuelta Ciclista de este a\u00f1o ha comenzado en Zumaia y ha finalizado en Donostia\",\"datePublished\":\"2021-07-24T14:16:48+00:00\",\"dateModified\":\"2021-10-20T15:52:15+00:00\",\"mainEntityOfPage\":{\"@id\":\"https:\/\/sare.eus\/es\/la-ultima-etapa-de-la-vuelta-ciclista-de-este-ano-ha-comenzado-en-zumaia-y-ha-finalizado-en-donostia\/\"},\"wordCount\":443,\"commentCount\":0,\"publisher\":{\"@id\":\"https:\/\/sare.eus\/#organization\"},\"image\":{\"@id\":\"https:\/\/sare.eus\/es\/la-ultima-etapa-de-la-vuelta-ciclista-de-este-ano-ha-comenzado-en-zumaia-y-ha-finalizado-en-donostia\/#primaryimage\"},\"thumbnailUrl\":\"https:\/\/sare.eus\/wp-content\/uploads\/2021\/07\/photo_2021-07-24_17-13-35-uai-516x310-1.jpg\",\"articleSection\":[\"Etxera\"],\"inLanguage\":\"es\",\"potentialAction\":[{\"@type\":\"CommentAction\",\"name\":\"Comment\",\"target\":[\"https:\/\/sare.eus\/es\/la-ultima-etapa-de-la-vuelta-ciclista-de-este-ano-ha-comenzado-en-zumaia-y-ha-finalizado-en-donostia\/#respond\"]}]},{\"@type\":\"WebPage\",\"@id\":\"https:\/\/sare.eus\/es\/la-ultima-etapa-de-la-vuelta-ciclista-de-este-ano-ha-comenzado-en-zumaia-y-ha-finalizado-en-donostia\/\",\"url\":\"https:\/\/sare.eus\/es\/la-ultima-etapa-de-la-vuelta-ciclista-de-este-ano-ha-comenzado-en-zumaia-y-ha-finalizado-en-donostia\/\",\"name\":\"La \u00faltima etapa de la Vuelta Ciclista de este a\u00f1o ha comenzado en Zumaia y ha finalizado en Donostia - Sare Herritarra\",\"isPartOf\":{\"@id\":\"https:\/\/sare.eus\/#website\"},\"primaryImageOfPage\":{\"@id\":\"https:\/\/sare.eus\/es\/la-ultima-etapa-de-la-vuelta-ciclista-de-este-ano-ha-comenzado-en-zumaia-y-ha-finalizado-en-donostia\/#primaryimage\"},\"image\":{\"@id\":\"https:\/\/sare.eus\/es\/la-ultima-etapa-de-la-vuelta-ciclista-de-este-ano-ha-comenzado-en-zumaia-y-ha-finalizado-en-donostia\/#primaryimage\"},\"thumbnailUrl\":\"https:\/\/sare.eus\/wp-content\/uploads\/2021\/07\/photo_2021-07-24_17-13-35-uai-516x310-1.jpg\",\"datePublished\":\"2021-07-24T14:16:48+00:00\",\"dateModified\":\"2021-10-20T15:52:15+00:00\",\"breadcrumb\":{\"@id\":\"https:\/\/sare.eus\/es\/la-ultima-etapa-de-la-vuelta-ciclista-de-este-ano-ha-comenzado-en-zumaia-y-ha-finalizado-en-donostia\/#breadcrumb\"},\"inLanguage\":\"es\",\"potentialAction\":[{\"@type\":\"ReadAction\",\"target\":[\"https:\/\/sare.eus\/es\/la-ultima-etapa-de-la-vuelta-ciclista-de-este-ano-ha-comenzado-en-zumaia-y-ha-finalizado-en-donostia\/\"]}]},{\"@type\":\"ImageObject\",\"inLanguage\":\"es\",\"@id\":\"https:\/\/sare.eus\/es\/la-ultima-etapa-de-la-vuelta-ciclista-de-este-ano-ha-comenzado-en-zumaia-y-ha-finalizado-en-donostia\/#primaryimage\",\"url\":\"https:\/\/sare.eus\/wp-content\/uploads\/2021\/07\/photo_2021-07-24_17-13-35-uai-516x310-1.jpg\",\"contentUrl\":\"https:\/\/sare.eus\/wp-content\/uploads\/2021\/07\/photo_2021-07-24_17-13-35-uai-516x310-1.jpg\",\"width\":516,\"height\":310},{\"@type\":\"BreadcrumbList\",\"@id\":\"https:\/\/sare.eus\/es\/la-ultima-etapa-de-la-vuelta-ciclista-de-este-ano-ha-comenzado-en-zumaia-y-ha-finalizado-en-donostia\/#breadcrumb\",\"itemListElement\":[{\"@type\":\"ListItem\",\"position\":1,\"name\":\"Home\",\"item\":\"https:\/\/sare.eus\/\"},{\"@type\":\"ListItem\",\"position\":2,\"name\":\"La \u00faltima etapa de la Vuelta Ciclista de este a\u00f1o ha comenzado en Zumaia y ha finalizado en Donostia\"}]},{\"@type\":\"WebSite\",\"@id\":\"https:\/\/sare.eus\/#website\",\"url\":\"https:\/\/sare.eus\/\",\"name\":\"Sare Herritarra\",\"description\":\"KONPONBIDEAREN ETA GIZA ESKUBIDEEN ALDEKO SARE HERRITARRA\",\"publisher\":{\"@id\":\"https:\/\/sare.eus\/#organization\"},\"potentialAction\":[{\"@type\":\"SearchAction\",\"target\":{\"@type\":\"EntryPoint\",\"urlTemplate\":\"https:\/\/sare.eus\/?s={search_term_string}\"},\"query-input\":{\"@type\":\"PropertyValueSpecification\",\"valueRequired\":true,\"valueName\":\"search_term_string\"}}],\"inLanguage\":\"es\"},{\"@type\":\"Organization\",\"@id\":\"https:\/\/sare.eus\/#organization\",\"name\":\"Sare Herritarra\",\"url\":\"https:\/\/sare.eus\/\",\"logo\":{\"@type\":\"ImageObject\",\"inLanguage\":\"es\",\"@id\":\"https:\/\/sare.eus\/#\/schema\/logo\/image\/\",\"url\":\"https:\/\/sare.eus\/wp-content\/uploads\/2021\/08\/sare.png\",\"contentUrl\":\"https:\/\/sare.eus\/wp-content\/uploads\/2021\/08\/sare.png\",\"width\":120,\"height\":142,\"caption\":\"Sare Herritarra\"},\"image\":{\"@id\":\"https:\/\/sare.eus\/#\/schema\/logo\/image\/\"}},{\"@type\":\"Person\",\"@id\":\"https:\/\/sare.eus\/#\/schema\/person\/5a711e7396face0569eb43391127616d\",\"name\":\"admin\",\"image\":{\"@type\":\"ImageObject\",\"inLanguage\":\"es\",\"@id\":\"https:\/\/sare.eus\/#\/schema\/person\/image\/\",\"url\":\"https:\/\/secure.gravatar.com\/avatar\/d22a8cc353ba20fa3181b73b7b53a33b5b98923d9a2f9945443604d7359581c4?s=96&d=mm&r=g\",\"contentUrl\":\"https:\/\/secure.gravatar.com\/avatar\/d22a8cc353ba20fa3181b73b7b53a33b5b98923d9a2f9945443604d7359581c4?s=96&d=mm&r=g\",\"caption\":\"admin\"},\"url\":\"https:\/\/sare.eus\/es\/author\/prueba3371_a2783y7n\/\"}]}<\/script>\n<!-- \/ Yoast SEO plugin. -->","yoast_head_json":{"title":"La \u00faltima etapa de la Vuelta Ciclista de este a\u00f1o ha comenzado en Zumaia y ha finalizado en Donostia - Sare Herritarra","robots":{"index":"index","follow":"follow","max-snippet":"max-snippet:-1","max-image-preview":"max-image-preview:large","max-video-preview":"max-video-preview:-1"},"canonical":"https:\/\/sare.eus\/es\/la-ultima-etapa-de-la-vuelta-ciclista-de-este-ano-ha-comenzado-en-zumaia-y-ha-finalizado-en-donostia\/","og_locale":"es_ES","og_type":"article","og_title":"La \u00faltima etapa de la Vuelta Ciclista de este a\u00f1o ha comenzado en Zumaia y ha finalizado en Donostia - Sare Herritarra","og_description":"Un a\u00f1o m\u00e1s, cientos de kms., cientos de personas, hab\u00e9is recorrido una gran parte de Hegoalde. Con cada pedalada que hab\u00e9is dado; con cada paso que recorremos en la calle [&hellip;]","og_url":"https:\/\/sare.eus\/es\/la-ultima-etapa-de-la-vuelta-ciclista-de-este-ano-ha-comenzado-en-zumaia-y-ha-finalizado-en-donostia\/","og_site_name":"Sare Herritarra","article_published_time":"2021-07-24T14:16:48+00:00","article_modified_time":"2021-10-20T15:52:15+00:00","og_image":[{"width":516,"height":310,"url":"https:\/\/sare.eus\/wp-content\/uploads\/2021\/07\/photo_2021-07-24_17-13-35-uai-516x310-1.jpg","type":"image\/jpeg"}],"author":"admin","twitter_card":"summary_large_image","twitter_misc":{"Escrito por":"admin","Tiempo de lectura":"2 minutos"},"schema":{"@context":"https:\/\/schema.org","@graph":[{"@type":"Article","@id":"https:\/\/sare.eus\/es\/la-ultima-etapa-de-la-vuelta-ciclista-de-este-ano-ha-comenzado-en-zumaia-y-ha-finalizado-en-donostia\/#article","isPartOf":{"@id":"https:\/\/sare.eus\/es\/la-ultima-etapa-de-la-vuelta-ciclista-de-este-ano-ha-comenzado-en-zumaia-y-ha-finalizado-en-donostia\/"},"author":{"name":"admin","@id":"https:\/\/sare.eus\/#\/schema\/person\/5a711e7396face0569eb43391127616d"},"headline":"La \u00faltima etapa de la Vuelta Ciclista de este a\u00f1o ha comenzado en Zumaia y ha finalizado en Donostia","datePublished":"2021-07-24T14:16:48+00:00","dateModified":"2021-10-20T15:52:15+00:00","mainEntityOfPage":{"@id":"https:\/\/sare.eus\/es\/la-ultima-etapa-de-la-vuelta-ciclista-de-este-ano-ha-comenzado-en-zumaia-y-ha-finalizado-en-donostia\/"},"wordCount":443,"commentCount":0,"publisher":{"@id":"https:\/\/sare.eus\/#organization"},"image":{"@id":"https:\/\/sare.eus\/es\/la-ultima-etapa-de-la-vuelta-ciclista-de-este-ano-ha-comenzado-en-zumaia-y-ha-finalizado-en-donostia\/#primaryimage"},"thumbnailUrl":"https:\/\/sare.eus\/wp-content\/uploads\/2021\/07\/photo_2021-07-24_17-13-35-uai-516x310-1.jpg","articleSection":["Etxera"],"inLanguage":"es","potentialAction":[{"@type":"CommentAction","name":"Comment","target":["https:\/\/sare.eus\/es\/la-ultima-etapa-de-la-vuelta-ciclista-de-este-ano-ha-comenzado-en-zumaia-y-ha-finalizado-en-donostia\/#respond"]}]},{"@type":"WebPage","@id":"https:\/\/sare.eus\/es\/la-ultima-etapa-de-la-vuelta-ciclista-de-este-ano-ha-comenzado-en-zumaia-y-ha-finalizado-en-donostia\/","url":"https:\/\/sare.eus\/es\/la-ultima-etapa-de-la-vuelta-ciclista-de-este-ano-ha-comenzado-en-zumaia-y-ha-finalizado-en-donostia\/","name":"La \u00faltima etapa de la Vuelta Ciclista de este a\u00f1o ha comenzado en Zumaia y ha finalizado en Donostia - Sare Herritarra","isPartOf":{"@id":"https:\/\/sare.eus\/#website"},"primaryImageOfPage":{"@id":"https:\/\/sare.eus\/es\/la-ultima-etapa-de-la-vuelta-ciclista-de-este-ano-ha-comenzado-en-zumaia-y-ha-finalizado-en-donostia\/#primaryimage"},"image":{"@id":"https:\/\/sare.eus\/es\/la-ultima-etapa-de-la-vuelta-ciclista-de-este-ano-ha-comenzado-en-zumaia-y-ha-finalizado-en-donostia\/#primaryimage"},"thumbnailUrl":"https:\/\/sare.eus\/wp-content\/uploads\/2021\/07\/photo_2021-07-24_17-13-35-uai-516x310-1.jpg","datePublished":"2021-07-24T14:16:48+00:00","dateModified":"2021-10-20T15:52:15+00:00","breadcrumb":{"@id":"https:\/\/sare.eus\/es\/la-ultima-etapa-de-la-vuelta-ciclista-de-este-ano-ha-comenzado-en-zumaia-y-ha-finalizado-en-donostia\/#breadcrumb"},"inLanguage":"es","potentialAction":[{"@type":"ReadAction","target":["https:\/\/sare.eus\/es\/la-ultima-etapa-de-la-vuelta-ciclista-de-este-ano-ha-comenzado-en-zumaia-y-ha-finalizado-en-donostia\/"]}]},{"@type":"ImageObject","inLanguage":"es","@id":"https:\/\/sare.eus\/es\/la-ultima-etapa-de-la-vuelta-ciclista-de-este-ano-ha-comenzado-en-zumaia-y-ha-finalizado-en-donostia\/#primaryimage","url":"https:\/\/sare.eus\/wp-content\/uploads\/2021\/07\/photo_2021-07-24_17-13-35-uai-516x310-1.jpg","contentUrl":"https:\/\/sare.eus\/wp-content\/uploads\/2021\/07\/photo_2021-07-24_17-13-35-uai-516x310-1.jpg","width":516,"height":310},{"@type":"BreadcrumbList","@id":"https:\/\/sare.eus\/es\/la-ultima-etapa-de-la-vuelta-ciclista-de-este-ano-ha-comenzado-en-zumaia-y-ha-finalizado-en-donostia\/#breadcrumb","itemListElement":[{"@type":"ListItem","position":1,"name":"Home","item":"https:\/\/sare.eus\/"},{"@type":"ListItem","position":2,"name":"La \u00faltima etapa de la Vuelta Ciclista de este a\u00f1o ha comenzado en Zumaia y ha finalizado en Donostia"}]},{"@type":"WebSite","@id":"https:\/\/sare.eus\/#website","url":"https:\/\/sare.eus\/","name":"Sare Herritarra","description":"KONPONBIDEAREN ETA GIZA ESKUBIDEEN ALDEKO SARE HERRITARRA","publisher":{"@id":"https:\/\/sare.eus\/#organization"},"potentialAction":[{"@type":"SearchAction","target":{"@type":"EntryPoint","urlTemplate":"https:\/\/sare.eus\/?s={search_term_string}"},"query-input":{"@type":"PropertyValueSpecification","valueRequired":true,"valueName":"search_term_string"}}],"inLanguage":"es"},{"@type":"Organization","@id":"https:\/\/sare.eus\/#organization","name":"Sare Herritarra","url":"https:\/\/sare.eus\/","logo":{"@type":"ImageObject","inLanguage":"es","@id":"https:\/\/sare.eus\/#\/schema\/logo\/image\/","url":"https:\/\/sare.eus\/wp-content\/uploads\/2021\/08\/sare.png","contentUrl":"https:\/\/sare.eus\/wp-content\/uploads\/2021\/08\/sare.png","width":120,"height":142,"caption":"Sare Herritarra"},"image":{"@id":"https:\/\/sare.eus\/#\/schema\/logo\/image\/"}},{"@type":"Person","@id":"https:\/\/sare.eus\/#\/schema\/person\/5a711e7396face0569eb43391127616d","name":"admin","image":{"@type":"ImageObject","inLanguage":"es","@id":"https:\/\/sare.eus\/#\/schema\/person\/image\/","url":"https:\/\/secure.gravatar.com\/avatar\/d22a8cc353ba20fa3181b73b7b53a33b5b98923d9a2f9945443604d7359581c4?s=96&d=mm&r=g","contentUrl":"https:\/\/secure.gravatar.com\/avatar\/d22a8cc353ba20fa3181b73b7b53a33b5b98923d9a2f9945443604d7359581c4?s=96&d=mm&r=g","caption":"admin"},"url":"https:\/\/sare.eus\/es\/author\/prueba3371_a2783y7n\/"}]}},"_links":{"self":[{"href":"https:\/\/sare.eus\/es\/wp-json\/wp\/v2\/posts\/1324","targetHints":{"allow":["GET"]}}],"collection":[{"href":"https:\/\/sare.eus\/es\/wp-json\/wp\/v2\/posts"}],"about":[{"href":"https:\/\/sare.eus\/es\/wp-json\/wp\/v2\/types\/post"}],"author":[{"embeddable":true,"href":"https:\/\/sare.eus\/es\/wp-json\/wp\/v2\/users\/1"}],"replies":[{"embeddable":true,"href":"https:\/\/sare.eus\/es\/wp-json\/wp\/v2\/comments?post=1324"}],"version-history":[{"count":1,"href":"https:\/\/sare.eus\/es\/wp-json\/wp\/v2\/posts\/1324\/revisions"}],"predecessor-version":[{"id":1325,"href":"https:\/\/sare.eus\/es\/wp-json\/wp\/v2\/posts\/1324\/revisions\/1325"}],"wp:featuredmedia":[{"embeddable":true,"href":"https:\/\/sare.eus\/es\/wp-json\/wp\/v2\/media\/590"}],"wp:attachment":[{"href":"https:\/\/sare.eus\/es\/wp-json\/wp\/v2\/media?parent=1324"}],"wp:term":[{"taxonomy":"category","embeddable":true,"href":"https:\/\/sare.eus\/es\/wp-json\/wp\/v2\/categories?post=1324"},{"taxonomy":"post_tag","embeddable":true,"href":"https:\/\/sare.eus\/es\/wp-json\/wp\/v2\/tags?post=1324"}],"curies":[{"name":"wp","href":"https:\/\/api.w.org\/{rel}","templated":true}]}}