{"id":1322,"date":"2021-07-27T14:11:01","date_gmt":"2021-07-27T14:11:01","guid":{"rendered":"http:\/\/650tontor.sare.eus\/el-21-de-agosto-convocamos-una-movilizacion-de-herrialde-en-donostia\/"},"modified":"2021-10-20T15:52:31","modified_gmt":"2021-10-20T15:52:31","slug":"el-21-de-agosto-convocamos-una-movilizacion-de-herrialde-en-donostia","status":"publish","type":"post","link":"https:\/\/sare.eus\/es\/el-21-de-agosto-convocamos-una-movilizacion-de-herrialde-en-donostia\/","title":{"rendered":"El 21 de agosto convocamos una movilizaci\u00f3n de herrialde en Donostia"},"content":{"rendered":"<p data-wp-editing=\"1\">Hace ya varias semanas que la din\u00e1mica IBILIAN-IBILIAN Etxerako bidean gira por las comarcas de Gipuzkoa; de Debaldea a Buruntza, de Buruntza a Goierri, de Goierri a Tolosaldea, de Tolosaldea a Urola, despu\u00e9s a Oarsoaldea y as\u00ed llegar el 21 de agosto a Donostia.<\/p>\n<p><img loading=\"lazy\" decoding=\"async\" class=\"size-medium wp-image-592 alignleft\" src=\"https:\/\/sare.eus\/wp-content\/uploads\/2021\/10\/Donostia-definitiboa-01-724x1024-1-212x300.jpg\" alt=\"\" width=\"212\" height=\"300\" srcset=\"https:\/\/sare.eus\/wp-content\/uploads\/2021\/10\/Donostia-definitiboa-01-724x1024-1-212x300.jpg 212w, https:\/\/sare.eus\/wp-content\/uploads\/2021\/10\/Donostia-definitiboa-01-724x1024-1.jpg 566w\" sizes=\"(max-width: 212px) 100vw, 212px\" \/><\/p>\n<p>Queremos extender a todos los rincones de Gipuzkoa la idea de que la verdadera convivencia y la paz pasan por acelerar el proceso de vuelta a casa de l@s pres@s y llevarl@s hasta su destino. En los \u00faltimos meses se han abordado importantes pasos en este camino. Esto ha supuesto, entre otras cosas, el cierre de una antigua fase y la apertura de una nueva.<\/p>\n<p>Hemos dejado atr\u00e1s el aislamiento, los primeros grados y las c\u00e1rceles m\u00e1s alejadas, pero en esta nueva situaci\u00f3n siguen existiendo muchos obst\u00e1culos. A pesar de estar en segundo grado, las puertas a recibir permisos o a obtener libertades condicionales no est\u00e1n abiertas del todo. Adem\u00e1s, como otras medidas de excepci\u00f3n, en lo que se refiere a l@s pres@s vasc@s, todav\u00eda no se les permite abordar la trayectoria que establece la ley.<\/p>\n<p>Eso es lo que la mayor\u00eda de la sociedad vasca viene reclamando en los \u00faltimos a\u00f1os, que se abra a l@s pres@s vasc@s el camino que dice la propia ley, sin medidas a\u00f1adidas. Y eso es lo que vamos a reivindicar el pr\u00f3ximo 21 de agosto en las calles de Donostia. Aunque hemos conseguido acercar a l@s pres@s vasc@s, est\u00e1 claro que tenemos que traerl@s a Euskal-Herria, que los gravemente enfermos tienen que estar en casa, que a las mujeres sufren una doble condena, que los 85 ni\u00f1os de la mochila todav\u00eda no pueden recibir los abrazos de sus padres y madres con normalidad. Una vez m\u00e1s, reivindicaremos la necesidad de poner fin a todas las medidas de excepci\u00f3n.<\/p>\n<p><strong>Por todo ello, os animamos a participar en la manifestaci\u00f3n que celebraremos en un ambiente festivo y que saldr\u00e1 desde aqu\u00ed mismo, El Buen Pastor, el 21 de agosto a las 17:30 de la tarde. Est\u00e1n tod@s invitad@s.<\/strong><\/p>\n\n<figure class=\"wp-block-embed is-type-video is-provider-youtube wp-block-embed-youtube wp-embed-aspect-16-9 wp-has-aspect-ratio\"><div class=\"wp-block-embed__wrapper\">\r\n<iframe loading=\"lazy\" title=\"Artzai onatik festa giroan aterako den manifestazioan parte hartzeko deia luzatzen dugu. Abuztuak 21\" width=\"1080\" height=\"608\" src=\"https:\/\/www.youtube.com\/embed\/1t-7YPvSMMM?feature=oembed\" frameborder=\"0\" allow=\"accelerometer; autoplay; clipboard-write; encrypted-media; gyroscope; picture-in-picture\" allowfullscreen><\/iframe>\r\n<\/div><\/figure>\r\n\n<figure class=\"wp-block-embed is-type-video is-provider-youtube wp-block-embed-youtube wp-embed-aspect-16-9 wp-has-aspect-ratio\"><div class=\"wp-block-embed__wrapper\">\r\n<iframe loading=\"lazy\" title=\"\u00abIrriz, kantuz, dantza eginez eta elkarrekin Donostiako kaleak hartuz egingo dugu manifestazio hori\u00bb\" width=\"1080\" height=\"608\" src=\"https:\/\/www.youtube.com\/embed\/V6xnDkifRRw?start=3&#038;feature=oembed\" frameborder=\"0\" allow=\"accelerometer; autoplay; clipboard-write; encrypted-media; gyroscope; picture-in-picture\" allowfullscreen><\/iframe>\r\n<\/div><\/figure>\r\n","protected":false},"excerpt":{"rendered":"<p>Hace ya varias semanas que la din\u00e1mica IBILIAN-IBILIAN Etxerako bidean gira por las comarcas de Gipuzkoa; de Debaldea a Buruntza, de Buruntza a Goierri, de Goierri a Tolosaldea, de Tolosaldea [&hellip;]<\/p>\n","protected":false},"author":1,"featured_media":598,"comment_status":"open","ping_status":"open","sticky":false,"template":"","format":"standard","meta":{"_acf_changed":false,"_et_pb_use_builder":"off","_et_pb_old_content":"","_et_gb_content_width":"","footnotes":""},"categories":[60],"tags":[],"class_list":["post-1322","post","type-post","status-publish","format-standard","has-post-thumbnail","hentry","category-etxera-es","et-has-post-format-content","et_post_format-et-post-format-standard"],"acf":[],"yoast_head":"<!-- This site is optimized with the Yoast SEO plugin v26.4 - https:\/\/yoast.com\/wordpress\/plugins\/seo\/ -->\n<title>El 21 de agosto convocamos una movilizaci\u00f3n de herrialde en Donostia - Sare Herritarra<\/title>\n<meta name=\"robots\" content=\"index, follow, max-snippet:-1, max-image-preview:large, max-video-preview:-1\" \/>\n<link rel=\"canonical\" href=\"https:\/\/sare.eus\/es\/el-21-de-agosto-convocamos-una-movilizacion-de-herrialde-en-donostia\/\" \/>\n<meta property=\"og:locale\" content=\"es_ES\" \/>\n<meta property=\"og:type\" content=\"article\" \/>\n<meta property=\"og:title\" content=\"El 21 de agosto convocamos una movilizaci\u00f3n de herrialde en Donostia - Sare Herritarra\" \/>\n<meta property=\"og:description\" content=\"Hace ya varias semanas que la din\u00e1mica IBILIAN-IBILIAN Etxerako bidean gira por las comarcas de Gipuzkoa; de Debaldea a Buruntza, de Buruntza a Goierri, de Goierri a Tolosaldea, de Tolosaldea [&hellip;]\" \/>\n<meta property=\"og:url\" content=\"https:\/\/sare.eus\/es\/el-21-de-agosto-convocamos-una-movilizacion-de-herrialde-en-donostia\/\" \/>\n<meta property=\"og:site_name\" content=\"Sare Herritarra\" \/>\n<meta property=\"article:published_time\" content=\"2021-07-27T14:11:01+00:00\" \/>\n<meta property=\"article:modified_time\" content=\"2021-10-20T15:52:31+00:00\" \/>\n<meta property=\"og:image\" content=\"https:\/\/sare.eus\/wp-content\/uploads\/2021\/07\/20210727_111228-uai-516x387-1.jpg\" \/>\n\t<meta property=\"og:image:width\" content=\"516\" \/>\n\t<meta property=\"og:image:height\" content=\"387\" \/>\n\t<meta property=\"og:image:type\" content=\"image\/jpeg\" \/>\n<meta name=\"author\" content=\"admin\" \/>\n<meta name=\"twitter:card\" content=\"summary_large_image\" \/>\n<meta name=\"twitter:label1\" content=\"Escrito por\" \/>\n\t<meta name=\"twitter:data1\" content=\"admin\" \/>\n\t<meta name=\"twitter:label2\" content=\"Tiempo de lectura\" \/>\n\t<meta name=\"twitter:data2\" content=\"2 minutos\" \/>\n<script type=\"application\/ld+json\" class=\"yoast-schema-graph\">{\"@context\":\"https:\/\/schema.org\",\"@graph\":[{\"@type\":\"Article\",\"@id\":\"https:\/\/sare.eus\/es\/el-21-de-agosto-convocamos-una-movilizacion-de-herrialde-en-donostia\/#article\",\"isPartOf\":{\"@id\":\"https:\/\/sare.eus\/es\/el-21-de-agosto-convocamos-una-movilizacion-de-herrialde-en-donostia\/\"},\"author\":{\"name\":\"admin\",\"@id\":\"https:\/\/sare.eus\/#\/schema\/person\/5a711e7396face0569eb43391127616d\"},\"headline\":\"El 21 de agosto convocamos una movilizaci\u00f3n de herrialde en Donostia\",\"datePublished\":\"2021-07-27T14:11:01+00:00\",\"dateModified\":\"2021-10-20T15:52:31+00:00\",\"mainEntityOfPage\":{\"@id\":\"https:\/\/sare.eus\/es\/el-21-de-agosto-convocamos-una-movilizacion-de-herrialde-en-donostia\/\"},\"wordCount\":398,\"commentCount\":0,\"publisher\":{\"@id\":\"https:\/\/sare.eus\/#organization\"},\"image\":{\"@id\":\"https:\/\/sare.eus\/es\/el-21-de-agosto-convocamos-una-movilizacion-de-herrialde-en-donostia\/#primaryimage\"},\"thumbnailUrl\":\"https:\/\/sare.eus\/wp-content\/uploads\/2021\/07\/20210727_111228-uai-516x387-1.jpg\",\"articleSection\":[\"Etxera\"],\"inLanguage\":\"es\",\"potentialAction\":[{\"@type\":\"CommentAction\",\"name\":\"Comment\",\"target\":[\"https:\/\/sare.eus\/es\/el-21-de-agosto-convocamos-una-movilizacion-de-herrialde-en-donostia\/#respond\"]}]},{\"@type\":\"WebPage\",\"@id\":\"https:\/\/sare.eus\/es\/el-21-de-agosto-convocamos-una-movilizacion-de-herrialde-en-donostia\/\",\"url\":\"https:\/\/sare.eus\/es\/el-21-de-agosto-convocamos-una-movilizacion-de-herrialde-en-donostia\/\",\"name\":\"El 21 de agosto convocamos una movilizaci\u00f3n de herrialde en Donostia - Sare Herritarra\",\"isPartOf\":{\"@id\":\"https:\/\/sare.eus\/#website\"},\"primaryImageOfPage\":{\"@id\":\"https:\/\/sare.eus\/es\/el-21-de-agosto-convocamos-una-movilizacion-de-herrialde-en-donostia\/#primaryimage\"},\"image\":{\"@id\":\"https:\/\/sare.eus\/es\/el-21-de-agosto-convocamos-una-movilizacion-de-herrialde-en-donostia\/#primaryimage\"},\"thumbnailUrl\":\"https:\/\/sare.eus\/wp-content\/uploads\/2021\/07\/20210727_111228-uai-516x387-1.jpg\",\"datePublished\":\"2021-07-27T14:11:01+00:00\",\"dateModified\":\"2021-10-20T15:52:31+00:00\",\"breadcrumb\":{\"@id\":\"https:\/\/sare.eus\/es\/el-21-de-agosto-convocamos-una-movilizacion-de-herrialde-en-donostia\/#breadcrumb\"},\"inLanguage\":\"es\",\"potentialAction\":[{\"@type\":\"ReadAction\",\"target\":[\"https:\/\/sare.eus\/es\/el-21-de-agosto-convocamos-una-movilizacion-de-herrialde-en-donostia\/\"]}]},{\"@type\":\"ImageObject\",\"inLanguage\":\"es\",\"@id\":\"https:\/\/sare.eus\/es\/el-21-de-agosto-convocamos-una-movilizacion-de-herrialde-en-donostia\/#primaryimage\",\"url\":\"https:\/\/sare.eus\/wp-content\/uploads\/2021\/07\/20210727_111228-uai-516x387-1.jpg\",\"contentUrl\":\"https:\/\/sare.eus\/wp-content\/uploads\/2021\/07\/20210727_111228-uai-516x387-1.jpg\",\"width\":516,\"height\":387},{\"@type\":\"BreadcrumbList\",\"@id\":\"https:\/\/sare.eus\/es\/el-21-de-agosto-convocamos-una-movilizacion-de-herrialde-en-donostia\/#breadcrumb\",\"itemListElement\":[{\"@type\":\"ListItem\",\"position\":1,\"name\":\"Home\",\"item\":\"https:\/\/sare.eus\/\"},{\"@type\":\"ListItem\",\"position\":2,\"name\":\"El 21 de agosto convocamos una movilizaci\u00f3n de herrialde en Donostia\"}]},{\"@type\":\"WebSite\",\"@id\":\"https:\/\/sare.eus\/#website\",\"url\":\"https:\/\/sare.eus\/\",\"name\":\"Sare Herritarra\",\"description\":\"KONPONBIDEAREN ETA GIZA ESKUBIDEEN ALDEKO SARE HERRITARRA\",\"publisher\":{\"@id\":\"https:\/\/sare.eus\/#organization\"},\"potentialAction\":[{\"@type\":\"SearchAction\",\"target\":{\"@type\":\"EntryPoint\",\"urlTemplate\":\"https:\/\/sare.eus\/?s={search_term_string}\"},\"query-input\":{\"@type\":\"PropertyValueSpecification\",\"valueRequired\":true,\"valueName\":\"search_term_string\"}}],\"inLanguage\":\"es\"},{\"@type\":\"Organization\",\"@id\":\"https:\/\/sare.eus\/#organization\",\"name\":\"Sare Herritarra\",\"url\":\"https:\/\/sare.eus\/\",\"logo\":{\"@type\":\"ImageObject\",\"inLanguage\":\"es\",\"@id\":\"https:\/\/sare.eus\/#\/schema\/logo\/image\/\",\"url\":\"https:\/\/sare.eus\/wp-content\/uploads\/2021\/08\/sare.png\",\"contentUrl\":\"https:\/\/sare.eus\/wp-content\/uploads\/2021\/08\/sare.png\",\"width\":120,\"height\":142,\"caption\":\"Sare Herritarra\"},\"image\":{\"@id\":\"https:\/\/sare.eus\/#\/schema\/logo\/image\/\"}},{\"@type\":\"Person\",\"@id\":\"https:\/\/sare.eus\/#\/schema\/person\/5a711e7396face0569eb43391127616d\",\"name\":\"admin\",\"image\":{\"@type\":\"ImageObject\",\"inLanguage\":\"es\",\"@id\":\"https:\/\/sare.eus\/#\/schema\/person\/image\/\",\"url\":\"https:\/\/secure.gravatar.com\/avatar\/d22a8cc353ba20fa3181b73b7b53a33b5b98923d9a2f9945443604d7359581c4?s=96&d=mm&r=g\",\"contentUrl\":\"https:\/\/secure.gravatar.com\/avatar\/d22a8cc353ba20fa3181b73b7b53a33b5b98923d9a2f9945443604d7359581c4?s=96&d=mm&r=g\",\"caption\":\"admin\"},\"url\":\"https:\/\/sare.eus\/es\/author\/prueba3371_a2783y7n\/\"}]}<\/script>\n<!-- \/ Yoast SEO plugin. -->","yoast_head_json":{"title":"El 21 de agosto convocamos una movilizaci\u00f3n de herrialde en Donostia - Sare Herritarra","robots":{"index":"index","follow":"follow","max-snippet":"max-snippet:-1","max-image-preview":"max-image-preview:large","max-video-preview":"max-video-preview:-1"},"canonical":"https:\/\/sare.eus\/es\/el-21-de-agosto-convocamos-una-movilizacion-de-herrialde-en-donostia\/","og_locale":"es_ES","og_type":"article","og_title":"El 21 de agosto convocamos una movilizaci\u00f3n de herrialde en Donostia - Sare Herritarra","og_description":"Hace ya varias semanas que la din\u00e1mica IBILIAN-IBILIAN Etxerako bidean gira por las comarcas de Gipuzkoa; de Debaldea a Buruntza, de Buruntza a Goierri, de Goierri a Tolosaldea, de Tolosaldea [&hellip;]","og_url":"https:\/\/sare.eus\/es\/el-21-de-agosto-convocamos-una-movilizacion-de-herrialde-en-donostia\/","og_site_name":"Sare Herritarra","article_published_time":"2021-07-27T14:11:01+00:00","article_modified_time":"2021-10-20T15:52:31+00:00","og_image":[{"width":516,"height":387,"url":"https:\/\/sare.eus\/wp-content\/uploads\/2021\/07\/20210727_111228-uai-516x387-1.jpg","type":"image\/jpeg"}],"author":"admin","twitter_card":"summary_large_image","twitter_misc":{"Escrito por":"admin","Tiempo de lectura":"2 minutos"},"schema":{"@context":"https:\/\/schema.org","@graph":[{"@type":"Article","@id":"https:\/\/sare.eus\/es\/el-21-de-agosto-convocamos-una-movilizacion-de-herrialde-en-donostia\/#article","isPartOf":{"@id":"https:\/\/sare.eus\/es\/el-21-de-agosto-convocamos-una-movilizacion-de-herrialde-en-donostia\/"},"author":{"name":"admin","@id":"https:\/\/sare.eus\/#\/schema\/person\/5a711e7396face0569eb43391127616d"},"headline":"El 21 de agosto convocamos una movilizaci\u00f3n de herrialde en Donostia","datePublished":"2021-07-27T14:11:01+00:00","dateModified":"2021-10-20T15:52:31+00:00","mainEntityOfPage":{"@id":"https:\/\/sare.eus\/es\/el-21-de-agosto-convocamos-una-movilizacion-de-herrialde-en-donostia\/"},"wordCount":398,"commentCount":0,"publisher":{"@id":"https:\/\/sare.eus\/#organization"},"image":{"@id":"https:\/\/sare.eus\/es\/el-21-de-agosto-convocamos-una-movilizacion-de-herrialde-en-donostia\/#primaryimage"},"thumbnailUrl":"https:\/\/sare.eus\/wp-content\/uploads\/2021\/07\/20210727_111228-uai-516x387-1.jpg","articleSection":["Etxera"],"inLanguage":"es","potentialAction":[{"@type":"CommentAction","name":"Comment","target":["https:\/\/sare.eus\/es\/el-21-de-agosto-convocamos-una-movilizacion-de-herrialde-en-donostia\/#respond"]}]},{"@type":"WebPage","@id":"https:\/\/sare.eus\/es\/el-21-de-agosto-convocamos-una-movilizacion-de-herrialde-en-donostia\/","url":"https:\/\/sare.eus\/es\/el-21-de-agosto-convocamos-una-movilizacion-de-herrialde-en-donostia\/","name":"El 21 de agosto convocamos una movilizaci\u00f3n de herrialde en Donostia - Sare Herritarra","isPartOf":{"@id":"https:\/\/sare.eus\/#website"},"primaryImageOfPage":{"@id":"https:\/\/sare.eus\/es\/el-21-de-agosto-convocamos-una-movilizacion-de-herrialde-en-donostia\/#primaryimage"},"image":{"@id":"https:\/\/sare.eus\/es\/el-21-de-agosto-convocamos-una-movilizacion-de-herrialde-en-donostia\/#primaryimage"},"thumbnailUrl":"https:\/\/sare.eus\/wp-content\/uploads\/2021\/07\/20210727_111228-uai-516x387-1.jpg","datePublished":"2021-07-27T14:11:01+00:00","dateModified":"2021-10-20T15:52:31+00:00","breadcrumb":{"@id":"https:\/\/sare.eus\/es\/el-21-de-agosto-convocamos-una-movilizacion-de-herrialde-en-donostia\/#breadcrumb"},"inLanguage":"es","potentialAction":[{"@type":"ReadAction","target":["https:\/\/sare.eus\/es\/el-21-de-agosto-convocamos-una-movilizacion-de-herrialde-en-donostia\/"]}]},{"@type":"ImageObject","inLanguage":"es","@id":"https:\/\/sare.eus\/es\/el-21-de-agosto-convocamos-una-movilizacion-de-herrialde-en-donostia\/#primaryimage","url":"https:\/\/sare.eus\/wp-content\/uploads\/2021\/07\/20210727_111228-uai-516x387-1.jpg","contentUrl":"https:\/\/sare.eus\/wp-content\/uploads\/2021\/07\/20210727_111228-uai-516x387-1.jpg","width":516,"height":387},{"@type":"BreadcrumbList","@id":"https:\/\/sare.eus\/es\/el-21-de-agosto-convocamos-una-movilizacion-de-herrialde-en-donostia\/#breadcrumb","itemListElement":[{"@type":"ListItem","position":1,"name":"Home","item":"https:\/\/sare.eus\/"},{"@type":"ListItem","position":2,"name":"El 21 de agosto convocamos una movilizaci\u00f3n de herrialde en Donostia"}]},{"@type":"WebSite","@id":"https:\/\/sare.eus\/#website","url":"https:\/\/sare.eus\/","name":"Sare Herritarra","description":"KONPONBIDEAREN ETA GIZA ESKUBIDEEN ALDEKO SARE HERRITARRA","publisher":{"@id":"https:\/\/sare.eus\/#organization"},"potentialAction":[{"@type":"SearchAction","target":{"@type":"EntryPoint","urlTemplate":"https:\/\/sare.eus\/?s={search_term_string}"},"query-input":{"@type":"PropertyValueSpecification","valueRequired":true,"valueName":"search_term_string"}}],"inLanguage":"es"},{"@type":"Organization","@id":"https:\/\/sare.eus\/#organization","name":"Sare Herritarra","url":"https:\/\/sare.eus\/","logo":{"@type":"ImageObject","inLanguage":"es","@id":"https:\/\/sare.eus\/#\/schema\/logo\/image\/","url":"https:\/\/sare.eus\/wp-content\/uploads\/2021\/08\/sare.png","contentUrl":"https:\/\/sare.eus\/wp-content\/uploads\/2021\/08\/sare.png","width":120,"height":142,"caption":"Sare Herritarra"},"image":{"@id":"https:\/\/sare.eus\/#\/schema\/logo\/image\/"}},{"@type":"Person","@id":"https:\/\/sare.eus\/#\/schema\/person\/5a711e7396face0569eb43391127616d","name":"admin","image":{"@type":"ImageObject","inLanguage":"es","@id":"https:\/\/sare.eus\/#\/schema\/person\/image\/","url":"https:\/\/secure.gravatar.com\/avatar\/d22a8cc353ba20fa3181b73b7b53a33b5b98923d9a2f9945443604d7359581c4?s=96&d=mm&r=g","contentUrl":"https:\/\/secure.gravatar.com\/avatar\/d22a8cc353ba20fa3181b73b7b53a33b5b98923d9a2f9945443604d7359581c4?s=96&d=mm&r=g","caption":"admin"},"url":"https:\/\/sare.eus\/es\/author\/prueba3371_a2783y7n\/"}]}},"_links":{"self":[{"href":"https:\/\/sare.eus\/es\/wp-json\/wp\/v2\/posts\/1322","targetHints":{"allow":["GET"]}}],"collection":[{"href":"https:\/\/sare.eus\/es\/wp-json\/wp\/v2\/posts"}],"about":[{"href":"https:\/\/sare.eus\/es\/wp-json\/wp\/v2\/types\/post"}],"author":[{"embeddable":true,"href":"https:\/\/sare.eus\/es\/wp-json\/wp\/v2\/users\/1"}],"replies":[{"embeddable":true,"href":"https:\/\/sare.eus\/es\/wp-json\/wp\/v2\/comments?post=1322"}],"version-history":[{"count":1,"href":"https:\/\/sare.eus\/es\/wp-json\/wp\/v2\/posts\/1322\/revisions"}],"predecessor-version":[{"id":1323,"href":"https:\/\/sare.eus\/es\/wp-json\/wp\/v2\/posts\/1322\/revisions\/1323"}],"wp:featuredmedia":[{"embeddable":true,"href":"https:\/\/sare.eus\/es\/wp-json\/wp\/v2\/media\/598"}],"wp:attachment":[{"href":"https:\/\/sare.eus\/es\/wp-json\/wp\/v2\/media?parent=1322"}],"wp:term":[{"taxonomy":"category","embeddable":true,"href":"https:\/\/sare.eus\/es\/wp-json\/wp\/v2\/categories?post=1322"},{"taxonomy":"post_tag","embeddable":true,"href":"https:\/\/sare.eus\/es\/wp-json\/wp\/v2\/tags?post=1322"}],"curies":[{"name":"wp","href":"https:\/\/api.w.org\/{rel}","templated":true}]}}