{"id":1320,"date":"2021-07-29T14:09:33","date_gmt":"2021-07-29T14:09:33","guid":{"rendered":"http:\/\/650tontor.sare.eus\/la-red-ciudadana-sare-valora-positivamente-el-traslado-producido-ayer-de-presos-vascos-a-carceles-de-euskal-herria\/"},"modified":"2021-10-20T15:52:47","modified_gmt":"2021-10-20T15:52:47","slug":"la-red-ciudadana-sare-valora-positivamente-el-traslado-producido-ayer-de-presos-vascos-a-carceles-de-euskal-herria","status":"publish","type":"post","link":"https:\/\/sare.eus\/es\/la-red-ciudadana-sare-valora-positivamente-el-traslado-producido-ayer-de-presos-vascos-a-carceles-de-euskal-herria\/","title":{"rendered":"La Red ciudadana SARE valora positivamente el traslado producido ayer de presos vascos a c\u00e1rceles de Euskal Herria."},"content":{"rendered":"<p>Consideramos que resulta necesario continuar este proceso, aunque sea lentamente, sin esperar a que en Octubre el Gobierno Vasco reciba la transferencia de prisiones y los presos y presas, comiencen a solicitar su ubicaci\u00f3n en Euskal Herria. Hay que continuar.<\/p>\n<p>Con este objetivo Sare continuar\u00e1 manteniendo abierto el cauce de comunicaci\u00f3n con aquellas instancias pol\u00edticas que tienen en sus manos poner fin a d\u00e9cadas de vulneraci\u00f3n de derechos de los presos y presas vascos y sus familias.<\/p>\n<p>As\u00ed mismo, Sare, valora positivamente que algunas Junta de tratamiento contin\u00faen aplicando la legislaci\u00f3n penitenciaria a trav\u00e9s de la aprobaci\u00f3n de permisos y otras medidas a las que estos presos y presas tienen derecho.<\/p>\n<p>En esta l\u00ednea, volvemos a denunciar el continuo bloqueo que la fiscal\u00eda y algunos jueces, aplican para evitar que lo aprobado por las Juntas de tratamiento de las c\u00e1rceles, se les pueda ser aplicado.<\/p>\n<p>Esto hace m\u00e1s urgente que nunca , que junto a la transferencia de prisiones , se produzca el cambio de los Jueces Centrales de Vigilancia Penitenciaria, actualmente competencia de la Audiencia Nacional, por los jueces del lugar de proximidad, como lo eran con anterioridad.<\/p>\n<p>Pedimos a las Instituciones Vascas, tengan en cuenta esta demanda que ayudar\u00eda a la aplicaci\u00f3n de una pol\u00edtica penitenciaria de car\u00e1cter ordinaria, sustituyendo de esta forma la legislaci\u00f3n excepcional que tanto sufrimiento est\u00e1 causando.<\/p>\n\n<blockquote class=\"twitter-tweet\"><p lang=\"eu\" dir=\"ltr\">Sarek positibotzat jo du beste lau preso Euskal Herriratu izana: \u00abJarraitu egin behar da\u00bb <a href=\"https:\/\/t.co\/7KVy40d7At\">https:\/\/t.co\/7KVy40d7At<\/a> <a href=\"https:\/\/t.co\/zngto0tlqs\">pic.twitter.com\/zngto0tlqs<\/a><\/p>\u2014 naiz: (@naiz_info) <a href=\"https:\/\/twitter.com\/naiz_info\/status\/1420771150569906176?ref_src=twsrc%5Etfw\">July 29, 2021<\/a><\/blockquote> <script async=\"\" src=\"https:\/\/platform.twitter.com\/widgets.js\" charset=\"utf-8\"><\/script>\r\n","protected":false},"excerpt":{"rendered":"<p>Consideramos que resulta necesario continuar este proceso, aunque sea lentamente, sin esperar a que en Octubre el Gobierno Vasco reciba la transferencia de prisiones y los presos y presas, comiencen [&hellip;]<\/p>\n","protected":false},"author":1,"featured_media":487,"comment_status":"open","ping_status":"open","sticky":false,"template":"","format":"standard","meta":{"_acf_changed":false,"_et_pb_use_builder":"off","_et_pb_old_content":"","_et_gb_content_width":"","footnotes":""},"categories":[70],"tags":[],"class_list":["post-1320","post","type-post","status-publish","format-standard","has-post-thumbnail","hentry","category-alejamiento","et-has-post-format-content","et_post_format-et-post-format-standard"],"acf":[],"yoast_head":"<!-- This site is optimized with the Yoast SEO plugin v26.4 - https:\/\/yoast.com\/wordpress\/plugins\/seo\/ -->\n<title>La Red ciudadana SARE valora positivamente el traslado producido ayer de presos vascos a c\u00e1rceles de Euskal Herria. - Sare Herritarra<\/title>\n<meta name=\"robots\" content=\"index, follow, max-snippet:-1, max-image-preview:large, max-video-preview:-1\" \/>\n<link rel=\"canonical\" href=\"https:\/\/sare.eus\/es\/la-red-ciudadana-sare-valora-positivamente-el-traslado-producido-ayer-de-presos-vascos-a-carceles-de-euskal-herria\/\" \/>\n<meta property=\"og:locale\" content=\"es_ES\" \/>\n<meta property=\"og:type\" content=\"article\" \/>\n<meta property=\"og:title\" content=\"La Red ciudadana SARE valora positivamente el traslado producido ayer de presos vascos a c\u00e1rceles de Euskal Herria. - Sare Herritarra\" \/>\n<meta property=\"og:description\" content=\"Consideramos que resulta necesario continuar este proceso, aunque sea lentamente, sin esperar a que en Octubre el Gobierno Vasco reciba la transferencia de prisiones y los presos y presas, comiencen [&hellip;]\" \/>\n<meta property=\"og:url\" content=\"https:\/\/sare.eus\/es\/la-red-ciudadana-sare-valora-positivamente-el-traslado-producido-ayer-de-presos-vascos-a-carceles-de-euskal-herria\/\" \/>\n<meta property=\"og:site_name\" content=\"Sare Herritarra\" \/>\n<meta property=\"article:published_time\" content=\"2021-07-29T14:09:33+00:00\" \/>\n<meta property=\"article:modified_time\" content=\"2021-10-20T15:52:47+00:00\" \/>\n<meta property=\"og:image\" content=\"https:\/\/sare.eus\/wp-content\/uploads\/2021\/10\/SARE-HERRITARRA-OHARRA-NOTA-01-1-scaled-1.jpg\" \/>\n\t<meta property=\"og:image:width\" content=\"900\" \/>\n\t<meta property=\"og:image:height\" content=\"522\" \/>\n\t<meta property=\"og:image:type\" content=\"image\/jpeg\" \/>\n<meta name=\"author\" content=\"admin\" \/>\n<meta name=\"twitter:card\" content=\"summary_large_image\" \/>\n<meta name=\"twitter:label1\" content=\"Escrito por\" \/>\n\t<meta name=\"twitter:data1\" content=\"admin\" \/>\n\t<meta name=\"twitter:label2\" content=\"Tiempo de lectura\" \/>\n\t<meta name=\"twitter:data2\" content=\"1 minuto\" \/>\n<script type=\"application\/ld+json\" class=\"yoast-schema-graph\">{\"@context\":\"https:\/\/schema.org\",\"@graph\":[{\"@type\":\"Article\",\"@id\":\"https:\/\/sare.eus\/es\/la-red-ciudadana-sare-valora-positivamente-el-traslado-producido-ayer-de-presos-vascos-a-carceles-de-euskal-herria\/#article\",\"isPartOf\":{\"@id\":\"https:\/\/sare.eus\/es\/la-red-ciudadana-sare-valora-positivamente-el-traslado-producido-ayer-de-presos-vascos-a-carceles-de-euskal-herria\/\"},\"author\":{\"name\":\"admin\",\"@id\":\"https:\/\/sare.eus\/#\/schema\/person\/5a711e7396face0569eb43391127616d\"},\"headline\":\"La Red ciudadana SARE valora positivamente el traslado producido ayer de presos vascos a c\u00e1rceles de Euskal Herria.\",\"datePublished\":\"2021-07-29T14:09:33+00:00\",\"dateModified\":\"2021-10-20T15:52:47+00:00\",\"mainEntityOfPage\":{\"@id\":\"https:\/\/sare.eus\/es\/la-red-ciudadana-sare-valora-positivamente-el-traslado-producido-ayer-de-presos-vascos-a-carceles-de-euskal-herria\/\"},\"wordCount\":287,\"commentCount\":0,\"publisher\":{\"@id\":\"https:\/\/sare.eus\/#organization\"},\"image\":{\"@id\":\"https:\/\/sare.eus\/es\/la-red-ciudadana-sare-valora-positivamente-el-traslado-producido-ayer-de-presos-vascos-a-carceles-de-euskal-herria\/#primaryimage\"},\"thumbnailUrl\":\"https:\/\/sare.eus\/wp-content\/uploads\/2021\/10\/SARE-HERRITARRA-OHARRA-NOTA-01-1-scaled-1.jpg\",\"articleSection\":[\"Alejamiento\"],\"inLanguage\":\"es\",\"potentialAction\":[{\"@type\":\"CommentAction\",\"name\":\"Comment\",\"target\":[\"https:\/\/sare.eus\/es\/la-red-ciudadana-sare-valora-positivamente-el-traslado-producido-ayer-de-presos-vascos-a-carceles-de-euskal-herria\/#respond\"]}]},{\"@type\":\"WebPage\",\"@id\":\"https:\/\/sare.eus\/es\/la-red-ciudadana-sare-valora-positivamente-el-traslado-producido-ayer-de-presos-vascos-a-carceles-de-euskal-herria\/\",\"url\":\"https:\/\/sare.eus\/es\/la-red-ciudadana-sare-valora-positivamente-el-traslado-producido-ayer-de-presos-vascos-a-carceles-de-euskal-herria\/\",\"name\":\"La Red ciudadana SARE valora positivamente el traslado producido ayer de presos vascos a c\u00e1rceles de Euskal Herria. - Sare Herritarra\",\"isPartOf\":{\"@id\":\"https:\/\/sare.eus\/#website\"},\"primaryImageOfPage\":{\"@id\":\"https:\/\/sare.eus\/es\/la-red-ciudadana-sare-valora-positivamente-el-traslado-producido-ayer-de-presos-vascos-a-carceles-de-euskal-herria\/#primaryimage\"},\"image\":{\"@id\":\"https:\/\/sare.eus\/es\/la-red-ciudadana-sare-valora-positivamente-el-traslado-producido-ayer-de-presos-vascos-a-carceles-de-euskal-herria\/#primaryimage\"},\"thumbnailUrl\":\"https:\/\/sare.eus\/wp-content\/uploads\/2021\/10\/SARE-HERRITARRA-OHARRA-NOTA-01-1-scaled-1.jpg\",\"datePublished\":\"2021-07-29T14:09:33+00:00\",\"dateModified\":\"2021-10-20T15:52:47+00:00\",\"breadcrumb\":{\"@id\":\"https:\/\/sare.eus\/es\/la-red-ciudadana-sare-valora-positivamente-el-traslado-producido-ayer-de-presos-vascos-a-carceles-de-euskal-herria\/#breadcrumb\"},\"inLanguage\":\"es\",\"potentialAction\":[{\"@type\":\"ReadAction\",\"target\":[\"https:\/\/sare.eus\/es\/la-red-ciudadana-sare-valora-positivamente-el-traslado-producido-ayer-de-presos-vascos-a-carceles-de-euskal-herria\/\"]}]},{\"@type\":\"ImageObject\",\"inLanguage\":\"es\",\"@id\":\"https:\/\/sare.eus\/es\/la-red-ciudadana-sare-valora-positivamente-el-traslado-producido-ayer-de-presos-vascos-a-carceles-de-euskal-herria\/#primaryimage\",\"url\":\"https:\/\/sare.eus\/wp-content\/uploads\/2021\/10\/SARE-HERRITARRA-OHARRA-NOTA-01-1-scaled-1.jpg\",\"contentUrl\":\"https:\/\/sare.eus\/wp-content\/uploads\/2021\/10\/SARE-HERRITARRA-OHARRA-NOTA-01-1-scaled-1.jpg\",\"width\":900,\"height\":522},{\"@type\":\"BreadcrumbList\",\"@id\":\"https:\/\/sare.eus\/es\/la-red-ciudadana-sare-valora-positivamente-el-traslado-producido-ayer-de-presos-vascos-a-carceles-de-euskal-herria\/#breadcrumb\",\"itemListElement\":[{\"@type\":\"ListItem\",\"position\":1,\"name\":\"Home\",\"item\":\"https:\/\/sare.eus\/\"},{\"@type\":\"ListItem\",\"position\":2,\"name\":\"La Red ciudadana SARE valora positivamente el traslado producido ayer de presos vascos a c\u00e1rceles de Euskal Herria.\"}]},{\"@type\":\"WebSite\",\"@id\":\"https:\/\/sare.eus\/#website\",\"url\":\"https:\/\/sare.eus\/\",\"name\":\"Sare Herritarra\",\"description\":\"KONPONBIDEAREN ETA GIZA ESKUBIDEEN ALDEKO SARE HERRITARRA\",\"publisher\":{\"@id\":\"https:\/\/sare.eus\/#organization\"},\"potentialAction\":[{\"@type\":\"SearchAction\",\"target\":{\"@type\":\"EntryPoint\",\"urlTemplate\":\"https:\/\/sare.eus\/?s={search_term_string}\"},\"query-input\":{\"@type\":\"PropertyValueSpecification\",\"valueRequired\":true,\"valueName\":\"search_term_string\"}}],\"inLanguage\":\"es\"},{\"@type\":\"Organization\",\"@id\":\"https:\/\/sare.eus\/#organization\",\"name\":\"Sare Herritarra\",\"url\":\"https:\/\/sare.eus\/\",\"logo\":{\"@type\":\"ImageObject\",\"inLanguage\":\"es\",\"@id\":\"https:\/\/sare.eus\/#\/schema\/logo\/image\/\",\"url\":\"https:\/\/sare.eus\/wp-content\/uploads\/2021\/08\/sare.png\",\"contentUrl\":\"https:\/\/sare.eus\/wp-content\/uploads\/2021\/08\/sare.png\",\"width\":120,\"height\":142,\"caption\":\"Sare Herritarra\"},\"image\":{\"@id\":\"https:\/\/sare.eus\/#\/schema\/logo\/image\/\"}},{\"@type\":\"Person\",\"@id\":\"https:\/\/sare.eus\/#\/schema\/person\/5a711e7396face0569eb43391127616d\",\"name\":\"admin\",\"image\":{\"@type\":\"ImageObject\",\"inLanguage\":\"es\",\"@id\":\"https:\/\/sare.eus\/#\/schema\/person\/image\/\",\"url\":\"https:\/\/secure.gravatar.com\/avatar\/d22a8cc353ba20fa3181b73b7b53a33b5b98923d9a2f9945443604d7359581c4?s=96&d=mm&r=g\",\"contentUrl\":\"https:\/\/secure.gravatar.com\/avatar\/d22a8cc353ba20fa3181b73b7b53a33b5b98923d9a2f9945443604d7359581c4?s=96&d=mm&r=g\",\"caption\":\"admin\"},\"url\":\"https:\/\/sare.eus\/es\/author\/prueba3371_a2783y7n\/\"}]}<\/script>\n<!-- \/ Yoast SEO plugin. -->","yoast_head_json":{"title":"La Red ciudadana SARE valora positivamente el traslado producido ayer de presos vascos a c\u00e1rceles de Euskal Herria. - Sare Herritarra","robots":{"index":"index","follow":"follow","max-snippet":"max-snippet:-1","max-image-preview":"max-image-preview:large","max-video-preview":"max-video-preview:-1"},"canonical":"https:\/\/sare.eus\/es\/la-red-ciudadana-sare-valora-positivamente-el-traslado-producido-ayer-de-presos-vascos-a-carceles-de-euskal-herria\/","og_locale":"es_ES","og_type":"article","og_title":"La Red ciudadana SARE valora positivamente el traslado producido ayer de presos vascos a c\u00e1rceles de Euskal Herria. - Sare Herritarra","og_description":"Consideramos que resulta necesario continuar este proceso, aunque sea lentamente, sin esperar a que en Octubre el Gobierno Vasco reciba la transferencia de prisiones y los presos y presas, comiencen [&hellip;]","og_url":"https:\/\/sare.eus\/es\/la-red-ciudadana-sare-valora-positivamente-el-traslado-producido-ayer-de-presos-vascos-a-carceles-de-euskal-herria\/","og_site_name":"Sare Herritarra","article_published_time":"2021-07-29T14:09:33+00:00","article_modified_time":"2021-10-20T15:52:47+00:00","og_image":[{"width":900,"height":522,"url":"https:\/\/sare.eus\/wp-content\/uploads\/2021\/10\/SARE-HERRITARRA-OHARRA-NOTA-01-1-scaled-1.jpg","type":"image\/jpeg"}],"author":"admin","twitter_card":"summary_large_image","twitter_misc":{"Escrito por":"admin","Tiempo de lectura":"1 minuto"},"schema":{"@context":"https:\/\/schema.org","@graph":[{"@type":"Article","@id":"https:\/\/sare.eus\/es\/la-red-ciudadana-sare-valora-positivamente-el-traslado-producido-ayer-de-presos-vascos-a-carceles-de-euskal-herria\/#article","isPartOf":{"@id":"https:\/\/sare.eus\/es\/la-red-ciudadana-sare-valora-positivamente-el-traslado-producido-ayer-de-presos-vascos-a-carceles-de-euskal-herria\/"},"author":{"name":"admin","@id":"https:\/\/sare.eus\/#\/schema\/person\/5a711e7396face0569eb43391127616d"},"headline":"La Red ciudadana SARE valora positivamente el traslado producido ayer de presos vascos a c\u00e1rceles de Euskal Herria.","datePublished":"2021-07-29T14:09:33+00:00","dateModified":"2021-10-20T15:52:47+00:00","mainEntityOfPage":{"@id":"https:\/\/sare.eus\/es\/la-red-ciudadana-sare-valora-positivamente-el-traslado-producido-ayer-de-presos-vascos-a-carceles-de-euskal-herria\/"},"wordCount":287,"commentCount":0,"publisher":{"@id":"https:\/\/sare.eus\/#organization"},"image":{"@id":"https:\/\/sare.eus\/es\/la-red-ciudadana-sare-valora-positivamente-el-traslado-producido-ayer-de-presos-vascos-a-carceles-de-euskal-herria\/#primaryimage"},"thumbnailUrl":"https:\/\/sare.eus\/wp-content\/uploads\/2021\/10\/SARE-HERRITARRA-OHARRA-NOTA-01-1-scaled-1.jpg","articleSection":["Alejamiento"],"inLanguage":"es","potentialAction":[{"@type":"CommentAction","name":"Comment","target":["https:\/\/sare.eus\/es\/la-red-ciudadana-sare-valora-positivamente-el-traslado-producido-ayer-de-presos-vascos-a-carceles-de-euskal-herria\/#respond"]}]},{"@type":"WebPage","@id":"https:\/\/sare.eus\/es\/la-red-ciudadana-sare-valora-positivamente-el-traslado-producido-ayer-de-presos-vascos-a-carceles-de-euskal-herria\/","url":"https:\/\/sare.eus\/es\/la-red-ciudadana-sare-valora-positivamente-el-traslado-producido-ayer-de-presos-vascos-a-carceles-de-euskal-herria\/","name":"La Red ciudadana SARE valora positivamente el traslado producido ayer de presos vascos a c\u00e1rceles de Euskal Herria. - Sare Herritarra","isPartOf":{"@id":"https:\/\/sare.eus\/#website"},"primaryImageOfPage":{"@id":"https:\/\/sare.eus\/es\/la-red-ciudadana-sare-valora-positivamente-el-traslado-producido-ayer-de-presos-vascos-a-carceles-de-euskal-herria\/#primaryimage"},"image":{"@id":"https:\/\/sare.eus\/es\/la-red-ciudadana-sare-valora-positivamente-el-traslado-producido-ayer-de-presos-vascos-a-carceles-de-euskal-herria\/#primaryimage"},"thumbnailUrl":"https:\/\/sare.eus\/wp-content\/uploads\/2021\/10\/SARE-HERRITARRA-OHARRA-NOTA-01-1-scaled-1.jpg","datePublished":"2021-07-29T14:09:33+00:00","dateModified":"2021-10-20T15:52:47+00:00","breadcrumb":{"@id":"https:\/\/sare.eus\/es\/la-red-ciudadana-sare-valora-positivamente-el-traslado-producido-ayer-de-presos-vascos-a-carceles-de-euskal-herria\/#breadcrumb"},"inLanguage":"es","potentialAction":[{"@type":"ReadAction","target":["https:\/\/sare.eus\/es\/la-red-ciudadana-sare-valora-positivamente-el-traslado-producido-ayer-de-presos-vascos-a-carceles-de-euskal-herria\/"]}]},{"@type":"ImageObject","inLanguage":"es","@id":"https:\/\/sare.eus\/es\/la-red-ciudadana-sare-valora-positivamente-el-traslado-producido-ayer-de-presos-vascos-a-carceles-de-euskal-herria\/#primaryimage","url":"https:\/\/sare.eus\/wp-content\/uploads\/2021\/10\/SARE-HERRITARRA-OHARRA-NOTA-01-1-scaled-1.jpg","contentUrl":"https:\/\/sare.eus\/wp-content\/uploads\/2021\/10\/SARE-HERRITARRA-OHARRA-NOTA-01-1-scaled-1.jpg","width":900,"height":522},{"@type":"BreadcrumbList","@id":"https:\/\/sare.eus\/es\/la-red-ciudadana-sare-valora-positivamente-el-traslado-producido-ayer-de-presos-vascos-a-carceles-de-euskal-herria\/#breadcrumb","itemListElement":[{"@type":"ListItem","position":1,"name":"Home","item":"https:\/\/sare.eus\/"},{"@type":"ListItem","position":2,"name":"La Red ciudadana SARE valora positivamente el traslado producido ayer de presos vascos a c\u00e1rceles de Euskal Herria."}]},{"@type":"WebSite","@id":"https:\/\/sare.eus\/#website","url":"https:\/\/sare.eus\/","name":"Sare Herritarra","description":"KONPONBIDEAREN ETA GIZA ESKUBIDEEN ALDEKO SARE HERRITARRA","publisher":{"@id":"https:\/\/sare.eus\/#organization"},"potentialAction":[{"@type":"SearchAction","target":{"@type":"EntryPoint","urlTemplate":"https:\/\/sare.eus\/?s={search_term_string}"},"query-input":{"@type":"PropertyValueSpecification","valueRequired":true,"valueName":"search_term_string"}}],"inLanguage":"es"},{"@type":"Organization","@id":"https:\/\/sare.eus\/#organization","name":"Sare Herritarra","url":"https:\/\/sare.eus\/","logo":{"@type":"ImageObject","inLanguage":"es","@id":"https:\/\/sare.eus\/#\/schema\/logo\/image\/","url":"https:\/\/sare.eus\/wp-content\/uploads\/2021\/08\/sare.png","contentUrl":"https:\/\/sare.eus\/wp-content\/uploads\/2021\/08\/sare.png","width":120,"height":142,"caption":"Sare Herritarra"},"image":{"@id":"https:\/\/sare.eus\/#\/schema\/logo\/image\/"}},{"@type":"Person","@id":"https:\/\/sare.eus\/#\/schema\/person\/5a711e7396face0569eb43391127616d","name":"admin","image":{"@type":"ImageObject","inLanguage":"es","@id":"https:\/\/sare.eus\/#\/schema\/person\/image\/","url":"https:\/\/secure.gravatar.com\/avatar\/d22a8cc353ba20fa3181b73b7b53a33b5b98923d9a2f9945443604d7359581c4?s=96&d=mm&r=g","contentUrl":"https:\/\/secure.gravatar.com\/avatar\/d22a8cc353ba20fa3181b73b7b53a33b5b98923d9a2f9945443604d7359581c4?s=96&d=mm&r=g","caption":"admin"},"url":"https:\/\/sare.eus\/es\/author\/prueba3371_a2783y7n\/"}]}},"_links":{"self":[{"href":"https:\/\/sare.eus\/es\/wp-json\/wp\/v2\/posts\/1320","targetHints":{"allow":["GET"]}}],"collection":[{"href":"https:\/\/sare.eus\/es\/wp-json\/wp\/v2\/posts"}],"about":[{"href":"https:\/\/sare.eus\/es\/wp-json\/wp\/v2\/types\/post"}],"author":[{"embeddable":true,"href":"https:\/\/sare.eus\/es\/wp-json\/wp\/v2\/users\/1"}],"replies":[{"embeddable":true,"href":"https:\/\/sare.eus\/es\/wp-json\/wp\/v2\/comments?post=1320"}],"version-history":[{"count":1,"href":"https:\/\/sare.eus\/es\/wp-json\/wp\/v2\/posts\/1320\/revisions"}],"predecessor-version":[{"id":1321,"href":"https:\/\/sare.eus\/es\/wp-json\/wp\/v2\/posts\/1320\/revisions\/1321"}],"wp:featuredmedia":[{"embeddable":true,"href":"https:\/\/sare.eus\/es\/wp-json\/wp\/v2\/media\/487"}],"wp:attachment":[{"href":"https:\/\/sare.eus\/es\/wp-json\/wp\/v2\/media?parent=1320"}],"wp:term":[{"taxonomy":"category","embeddable":true,"href":"https:\/\/sare.eus\/es\/wp-json\/wp\/v2\/categories?post=1320"},{"taxonomy":"post_tag","embeddable":true,"href":"https:\/\/sare.eus\/es\/wp-json\/wp\/v2\/tags?post=1320"}],"curies":[{"name":"wp","href":"https:\/\/api.w.org\/{rel}","templated":true}]}}