{"id":1318,"date":"2021-08-02T14:07:32","date_gmt":"2021-08-02T14:07:32","guid":{"rendered":"http:\/\/650tontor.sare.eus\/del-7-al-9-de-octubre-se-realizara-la-vuelta-a-araba-ibilian-ibilian-etxerako-bidean\/"},"modified":"2021-10-20T15:53:01","modified_gmt":"2021-10-20T15:53:01","slug":"del-7-al-9-de-octubre-se-realizara-la-vuelta-a-araba-ibilian-ibilian-etxerako-bidean","status":"publish","type":"post","link":"https:\/\/sare.eus\/es\/del-7-al-9-de-octubre-se-realizara-la-vuelta-a-araba-ibilian-ibilian-etxerako-bidean\/","title":{"rendered":"Del 7 al 9 de octubre se realizara la Vuelta a Araba \u00abIbilian-ibilian etxerako bidean\u00bb"},"content":{"rendered":"<p>Ibilian ibilian etxerako bidean, hori da, udaran antolatu ditugun manifestazioen leloa, eta baita hemen Gasteizen bihar ere arratsaldeko 18:30etan Bilbo Plazatik. Ibilian ibilian, presoen etxeratze prozesua martxan dagoelako, hiru elkartasun urrats irudikatuko ditugu bihar Gasteizko kaleetan zehar.<\/p>\n<p>Atzean utzi ditugu urrunduen dauden kartzelak, lehen graduak edo isolamendua, eta honek fase zahar baten itxiera ekarri du, baina berri baten irekiera ere, eta fase berri honetan, bide luzea dugu egiteko denon artean.<\/p>\n<p>Hamaika oztopo dituzte oraindik euskal presoak, legeak dioen ibilbideari ekiteko. Salbuespenezko neurri asko oraindik indarrean daude, eta guk, eta euskal jendartearen gehiengoaren nahiak bezela, neurri guzti hauek bertan behera geratzea nahi dugu. Salbuespenezko espetxe politika atzean utzi, eta lege arrunta aplikatzeko garaia da.<\/p>\n<p>Ibilian ibilian jarraitu behar dugu, oraindik soilik presoen %33\u00aa dagoelako Euskal Herriko espetxeetan, eta guztiak egon behar direlako. Gehiengoa oraindik 2. graduan dago, nahiz eta legeak esku artean izanda, 3. graduan, baimenekin edota baldintzapeko askatasunean egon beharko lirateke.<\/p>\n<p>Beraz, hemendik, arabar guztioi biharko manifestazioan parte hartzeko deia luzatu nahi dizuegu, etxerako bidea azkartu eta bururaino eramateko kalean jarraitu behar dugulako.<\/p>\n<p>Eta gaurkoan ere, urrian egingo dugun beste ekimen baten berri eman nahi dizuegu. Urriaren 7tik 9ra Araba zeharkatuko duen martxa bat egingo dugu, Arabako itzulia alegia. Agurainetik hasi eta hiru egunetan zehar, Arabako herri ezberdinetatik pasako gara gure aldarriak lau haizeetara zabalduz eta urratsez urrats presoen etxeratzea aldarrikatuz. Kanpezu, Bernedo, Trebi\u00f1u, Zaballako espetxea, Izarra, Amurrio eta Murgia izango dira besteak beste zeharkatuko ditugun herriak. Elkartasunez beteriko 185 kilometro izango dira, eta ekimena Gasteizen amaituko da urriaren 9an. Ibilian ibilian preso guztiak etxera ekartzeko garaia heldu delako. Beraz, data horiek gorde.<\/p>\n<p>Ibilian ibilian recorriendo el camino a casa es el eslogan con el que se le ha dado forma a la campa\u00f1a de verano de Sare, haciendo numerosas manifestaciones como la que vamos a realizar ma\u00f1ana en Gasteiz a las 18:30 desde la Plaza Bilbao. Ibilian-ibilian, paso a paso, escenificaremos tres pisadas repletas de solidaridad por las calles de Gasteiz.<\/p>\n<p>Se han quedado atr\u00e1s los centros penitenciarios m\u00e1s alejados, el aislamiento y los primeros grados, y gracias a ello hemos podido dar fin a una antigua fase de excepcionalidad. Pero con estos pasos se ha abierto una una fase, y en ella nos toca todavia recorrer un largo camino.<br \/>Las personas presas todavia tienen que hacer frente a diversos obst\u00e1culos para recorrer los caminos legales. Muchas medidas de excepci\u00f3n est\u00e1n todav\u00eda vigentes, y nosotras, junto con el apoyo de la gran mayor\u00eda ciudadan\u00eda queremos que pasen a ser parte del pasado. Es hora de dejar la pol\u00edtica penitenciaria de excepci\u00f3n atr\u00e1s y de empezar a aplicar la ley.<\/p>\n<p>Tenemos que seguir dando pasos ya que solamente el 33% de las y los presos est\u00e1n en centros penitenciarios de Euskal Herria, cuando todas deber\u00edan estar aqu\u00ed. La gran mayor\u00eda contin\u00faa en segundo grado, cuando aplicando la legalidad vigente deber\u00eda estar benefici\u00e1ndose de permisos, terceros grados e incluso de la libertad condicional.<\/p>\n<p>Por todo ello llamamos a las y los alaveses a participar en la manifestaci\u00f3n que hemos convocado ma\u00f1ana en Gasteiz. Tenemos que acelerar el camino a casa de las y los presos y para ello tenemos que llenar las calles.<\/p>\n<p>Hoy queremos dar a conocer otra iniciativa que llevaremos a cabo en octubre. Del 7 al 9 de dicho mes realizaremos una marcha que atravesar\u00e1 Araba de lado a lado, la Arabako Itzulia. La marcha dar\u00e1 comienzo en Agurain y desde all\u00ed y durante tres d\u00edas pasaremos por diferentes pueblos de Araba lanzando nuestras reivindicaciones a los cuatro vientos y pidiendo la excarcelaci\u00f3n de las y los presos vascos. Campezo, Bernedo, Trevi\u00f1o, el centro penitenciario de Zaballa, Izarra, Amurrio y Murgu\u00eda ser\u00e1n entre muchos otros algunos de los pueblos que atravesar\u00e1 la marcha. En total ser\u00e1n 185 kilometros repletos de solidaridad que finalizar\u00e1n en Gasteiz el d\u00eda 9 de Octubre. Paso a paso, ha llegado el momento de traer a las y los presos vascos a casa.<\/p>\n<p>Estamos contentas porque ha sido un a\u00f1o positivo en lo que a pasos penitenciarios se refiere, pero todav\u00eda queda un largo camino hasta traer a las personas presas a casa y seguiremos trabajando para ello.<\/p>\n\n<figure class=\"wp-block-image size-full\"><img loading=\"lazy\" decoding=\"async\" width=\"900\" height=\"221\" src=\"https:\/\/sare.eus\/wp-content\/uploads\/2021\/10\/arabako-bira.jpg\" alt=\"\" class=\"wp-image-604\" srcset=\"https:\/\/sare.eus\/wp-content\/uploads\/2021\/10\/arabako-bira.jpg 900w, https:\/\/sare.eus\/wp-content\/uploads\/2021\/10\/arabako-bira-300x74.jpg 300w, https:\/\/sare.eus\/wp-content\/uploads\/2021\/10\/arabako-bira-768x189.jpg 768w\" sizes=\"(max-width: 900px) 100vw, 900px\" \/><\/figure>\n","protected":false},"excerpt":{"rendered":"<p>Ibilian ibilian etxerako bidean, hori da, udaran antolatu ditugun manifestazioen leloa, eta baita hemen Gasteizen bihar ere arratsaldeko 18:30etan Bilbo Plazatik. Ibilian ibilian, presoen etxeratze prozesua martxan dagoelako, hiru elkartasun [&hellip;]<\/p>\n","protected":false},"author":1,"featured_media":0,"comment_status":"open","ping_status":"open","sticky":false,"template":"","format":"standard","meta":{"_acf_changed":false,"_et_pb_use_builder":"off","_et_pb_old_content":"","_et_gb_content_width":"","footnotes":""},"categories":[60],"tags":[],"class_list":["post-1318","post","type-post","status-publish","format-standard","hentry","category-etxera-es","et-doesnt-have-format-content","et_post_format-et-post-format-standard"],"acf":[],"yoast_head":"<!-- This site is optimized with the Yoast SEO plugin v26.4 - https:\/\/yoast.com\/wordpress\/plugins\/seo\/ -->\n<title>Del 7 al 9 de octubre se realizara la Vuelta a Araba \u00abIbilian-ibilian etxerako bidean\u00bb - Sare Herritarra<\/title>\n<meta name=\"robots\" content=\"index, follow, max-snippet:-1, max-image-preview:large, max-video-preview:-1\" \/>\n<link rel=\"canonical\" href=\"https:\/\/sare.eus\/es\/del-7-al-9-de-octubre-se-realizara-la-vuelta-a-araba-ibilian-ibilian-etxerako-bidean\/\" \/>\n<meta property=\"og:locale\" content=\"es_ES\" \/>\n<meta property=\"og:type\" content=\"article\" \/>\n<meta property=\"og:title\" content=\"Del 7 al 9 de octubre se realizara la Vuelta a Araba \u00abIbilian-ibilian etxerako bidean\u00bb - Sare Herritarra\" \/>\n<meta property=\"og:description\" content=\"Ibilian ibilian etxerako bidean, hori da, udaran antolatu ditugun manifestazioen leloa, eta baita hemen Gasteizen bihar ere arratsaldeko 18:30etan Bilbo Plazatik. Ibilian ibilian, presoen etxeratze prozesua martxan dagoelako, hiru elkartasun [&hellip;]\" \/>\n<meta property=\"og:url\" content=\"https:\/\/sare.eus\/es\/del-7-al-9-de-octubre-se-realizara-la-vuelta-a-araba-ibilian-ibilian-etxerako-bidean\/\" \/>\n<meta property=\"og:site_name\" content=\"Sare Herritarra\" \/>\n<meta property=\"article:published_time\" content=\"2021-08-02T14:07:32+00:00\" \/>\n<meta property=\"article:modified_time\" content=\"2021-10-20T15:53:01+00:00\" \/>\n<meta property=\"og:image\" content=\"https:\/\/sare.eus\/wp-content\/uploads\/2021\/10\/arabako-bira.jpg\" \/>\n<meta name=\"author\" content=\"admin\" \/>\n<meta name=\"twitter:card\" content=\"summary_large_image\" \/>\n<meta name=\"twitter:label1\" content=\"Escrito por\" \/>\n\t<meta name=\"twitter:data1\" content=\"admin\" \/>\n\t<meta name=\"twitter:label2\" content=\"Tiempo de lectura\" \/>\n\t<meta name=\"twitter:data2\" content=\"4 minutos\" \/>\n<script type=\"application\/ld+json\" class=\"yoast-schema-graph\">{\"@context\":\"https:\/\/schema.org\",\"@graph\":[{\"@type\":\"Article\",\"@id\":\"https:\/\/sare.eus\/es\/del-7-al-9-de-octubre-se-realizara-la-vuelta-a-araba-ibilian-ibilian-etxerako-bidean\/#article\",\"isPartOf\":{\"@id\":\"https:\/\/sare.eus\/es\/del-7-al-9-de-octubre-se-realizara-la-vuelta-a-araba-ibilian-ibilian-etxerako-bidean\/\"},\"author\":{\"name\":\"admin\",\"@id\":\"https:\/\/sare.eus\/#\/schema\/person\/5a711e7396face0569eb43391127616d\"},\"headline\":\"Del 7 al 9 de octubre se realizara la Vuelta a Araba \u00abIbilian-ibilian etxerako bidean\u00bb\",\"datePublished\":\"2021-08-02T14:07:32+00:00\",\"dateModified\":\"2021-10-20T15:53:01+00:00\",\"mainEntityOfPage\":{\"@id\":\"https:\/\/sare.eus\/es\/del-7-al-9-de-octubre-se-realizara-la-vuelta-a-araba-ibilian-ibilian-etxerako-bidean\/\"},\"wordCount\":719,\"commentCount\":0,\"publisher\":{\"@id\":\"https:\/\/sare.eus\/#organization\"},\"image\":{\"@id\":\"https:\/\/sare.eus\/es\/del-7-al-9-de-octubre-se-realizara-la-vuelta-a-araba-ibilian-ibilian-etxerako-bidean\/#primaryimage\"},\"thumbnailUrl\":\"https:\/\/sare.eus\/wp-content\/uploads\/2021\/10\/arabako-bira.jpg\",\"articleSection\":[\"Etxera\"],\"inLanguage\":\"es\",\"potentialAction\":[{\"@type\":\"CommentAction\",\"name\":\"Comment\",\"target\":[\"https:\/\/sare.eus\/es\/del-7-al-9-de-octubre-se-realizara-la-vuelta-a-araba-ibilian-ibilian-etxerako-bidean\/#respond\"]}]},{\"@type\":\"WebPage\",\"@id\":\"https:\/\/sare.eus\/es\/del-7-al-9-de-octubre-se-realizara-la-vuelta-a-araba-ibilian-ibilian-etxerako-bidean\/\",\"url\":\"https:\/\/sare.eus\/es\/del-7-al-9-de-octubre-se-realizara-la-vuelta-a-araba-ibilian-ibilian-etxerako-bidean\/\",\"name\":\"Del 7 al 9 de octubre se realizara la Vuelta a Araba \u00abIbilian-ibilian etxerako bidean\u00bb - Sare Herritarra\",\"isPartOf\":{\"@id\":\"https:\/\/sare.eus\/#website\"},\"primaryImageOfPage\":{\"@id\":\"https:\/\/sare.eus\/es\/del-7-al-9-de-octubre-se-realizara-la-vuelta-a-araba-ibilian-ibilian-etxerako-bidean\/#primaryimage\"},\"image\":{\"@id\":\"https:\/\/sare.eus\/es\/del-7-al-9-de-octubre-se-realizara-la-vuelta-a-araba-ibilian-ibilian-etxerako-bidean\/#primaryimage\"},\"thumbnailUrl\":\"https:\/\/sare.eus\/wp-content\/uploads\/2021\/10\/arabako-bira.jpg\",\"datePublished\":\"2021-08-02T14:07:32+00:00\",\"dateModified\":\"2021-10-20T15:53:01+00:00\",\"breadcrumb\":{\"@id\":\"https:\/\/sare.eus\/es\/del-7-al-9-de-octubre-se-realizara-la-vuelta-a-araba-ibilian-ibilian-etxerako-bidean\/#breadcrumb\"},\"inLanguage\":\"es\",\"potentialAction\":[{\"@type\":\"ReadAction\",\"target\":[\"https:\/\/sare.eus\/es\/del-7-al-9-de-octubre-se-realizara-la-vuelta-a-araba-ibilian-ibilian-etxerako-bidean\/\"]}]},{\"@type\":\"ImageObject\",\"inLanguage\":\"es\",\"@id\":\"https:\/\/sare.eus\/es\/del-7-al-9-de-octubre-se-realizara-la-vuelta-a-araba-ibilian-ibilian-etxerako-bidean\/#primaryimage\",\"url\":\"https:\/\/sare.eus\/wp-content\/uploads\/2021\/10\/arabako-bira.jpg\",\"contentUrl\":\"https:\/\/sare.eus\/wp-content\/uploads\/2021\/10\/arabako-bira.jpg\"},{\"@type\":\"BreadcrumbList\",\"@id\":\"https:\/\/sare.eus\/es\/del-7-al-9-de-octubre-se-realizara-la-vuelta-a-araba-ibilian-ibilian-etxerako-bidean\/#breadcrumb\",\"itemListElement\":[{\"@type\":\"ListItem\",\"position\":1,\"name\":\"Home\",\"item\":\"https:\/\/sare.eus\/\"},{\"@type\":\"ListItem\",\"position\":2,\"name\":\"Del 7 al 9 de octubre se realizara la Vuelta a Araba \u00abIbilian-ibilian etxerako bidean\u00bb\"}]},{\"@type\":\"WebSite\",\"@id\":\"https:\/\/sare.eus\/#website\",\"url\":\"https:\/\/sare.eus\/\",\"name\":\"Sare Herritarra\",\"description\":\"KONPONBIDEAREN ETA GIZA ESKUBIDEEN ALDEKO SARE HERRITARRA\",\"publisher\":{\"@id\":\"https:\/\/sare.eus\/#organization\"},\"potentialAction\":[{\"@type\":\"SearchAction\",\"target\":{\"@type\":\"EntryPoint\",\"urlTemplate\":\"https:\/\/sare.eus\/?s={search_term_string}\"},\"query-input\":{\"@type\":\"PropertyValueSpecification\",\"valueRequired\":true,\"valueName\":\"search_term_string\"}}],\"inLanguage\":\"es\"},{\"@type\":\"Organization\",\"@id\":\"https:\/\/sare.eus\/#organization\",\"name\":\"Sare Herritarra\",\"url\":\"https:\/\/sare.eus\/\",\"logo\":{\"@type\":\"ImageObject\",\"inLanguage\":\"es\",\"@id\":\"https:\/\/sare.eus\/#\/schema\/logo\/image\/\",\"url\":\"https:\/\/sare.eus\/wp-content\/uploads\/2021\/08\/sare.png\",\"contentUrl\":\"https:\/\/sare.eus\/wp-content\/uploads\/2021\/08\/sare.png\",\"width\":120,\"height\":142,\"caption\":\"Sare Herritarra\"},\"image\":{\"@id\":\"https:\/\/sare.eus\/#\/schema\/logo\/image\/\"}},{\"@type\":\"Person\",\"@id\":\"https:\/\/sare.eus\/#\/schema\/person\/5a711e7396face0569eb43391127616d\",\"name\":\"admin\",\"image\":{\"@type\":\"ImageObject\",\"inLanguage\":\"es\",\"@id\":\"https:\/\/sare.eus\/#\/schema\/person\/image\/\",\"url\":\"https:\/\/secure.gravatar.com\/avatar\/d22a8cc353ba20fa3181b73b7b53a33b5b98923d9a2f9945443604d7359581c4?s=96&d=mm&r=g\",\"contentUrl\":\"https:\/\/secure.gravatar.com\/avatar\/d22a8cc353ba20fa3181b73b7b53a33b5b98923d9a2f9945443604d7359581c4?s=96&d=mm&r=g\",\"caption\":\"admin\"},\"url\":\"https:\/\/sare.eus\/es\/author\/prueba3371_a2783y7n\/\"}]}<\/script>\n<!-- \/ Yoast SEO plugin. -->","yoast_head_json":{"title":"Del 7 al 9 de octubre se realizara la Vuelta a Araba \u00abIbilian-ibilian etxerako bidean\u00bb - Sare Herritarra","robots":{"index":"index","follow":"follow","max-snippet":"max-snippet:-1","max-image-preview":"max-image-preview:large","max-video-preview":"max-video-preview:-1"},"canonical":"https:\/\/sare.eus\/es\/del-7-al-9-de-octubre-se-realizara-la-vuelta-a-araba-ibilian-ibilian-etxerako-bidean\/","og_locale":"es_ES","og_type":"article","og_title":"Del 7 al 9 de octubre se realizara la Vuelta a Araba \u00abIbilian-ibilian etxerako bidean\u00bb - Sare Herritarra","og_description":"Ibilian ibilian etxerako bidean, hori da, udaran antolatu ditugun manifestazioen leloa, eta baita hemen Gasteizen bihar ere arratsaldeko 18:30etan Bilbo Plazatik. Ibilian ibilian, presoen etxeratze prozesua martxan dagoelako, hiru elkartasun [&hellip;]","og_url":"https:\/\/sare.eus\/es\/del-7-al-9-de-octubre-se-realizara-la-vuelta-a-araba-ibilian-ibilian-etxerako-bidean\/","og_site_name":"Sare Herritarra","article_published_time":"2021-08-02T14:07:32+00:00","article_modified_time":"2021-10-20T15:53:01+00:00","og_image":[{"url":"https:\/\/sare.eus\/wp-content\/uploads\/2021\/10\/arabako-bira.jpg","type":"","width":"","height":""}],"author":"admin","twitter_card":"summary_large_image","twitter_misc":{"Escrito por":"admin","Tiempo de lectura":"4 minutos"},"schema":{"@context":"https:\/\/schema.org","@graph":[{"@type":"Article","@id":"https:\/\/sare.eus\/es\/del-7-al-9-de-octubre-se-realizara-la-vuelta-a-araba-ibilian-ibilian-etxerako-bidean\/#article","isPartOf":{"@id":"https:\/\/sare.eus\/es\/del-7-al-9-de-octubre-se-realizara-la-vuelta-a-araba-ibilian-ibilian-etxerako-bidean\/"},"author":{"name":"admin","@id":"https:\/\/sare.eus\/#\/schema\/person\/5a711e7396face0569eb43391127616d"},"headline":"Del 7 al 9 de octubre se realizara la Vuelta a Araba \u00abIbilian-ibilian etxerako bidean\u00bb","datePublished":"2021-08-02T14:07:32+00:00","dateModified":"2021-10-20T15:53:01+00:00","mainEntityOfPage":{"@id":"https:\/\/sare.eus\/es\/del-7-al-9-de-octubre-se-realizara-la-vuelta-a-araba-ibilian-ibilian-etxerako-bidean\/"},"wordCount":719,"commentCount":0,"publisher":{"@id":"https:\/\/sare.eus\/#organization"},"image":{"@id":"https:\/\/sare.eus\/es\/del-7-al-9-de-octubre-se-realizara-la-vuelta-a-araba-ibilian-ibilian-etxerako-bidean\/#primaryimage"},"thumbnailUrl":"https:\/\/sare.eus\/wp-content\/uploads\/2021\/10\/arabako-bira.jpg","articleSection":["Etxera"],"inLanguage":"es","potentialAction":[{"@type":"CommentAction","name":"Comment","target":["https:\/\/sare.eus\/es\/del-7-al-9-de-octubre-se-realizara-la-vuelta-a-araba-ibilian-ibilian-etxerako-bidean\/#respond"]}]},{"@type":"WebPage","@id":"https:\/\/sare.eus\/es\/del-7-al-9-de-octubre-se-realizara-la-vuelta-a-araba-ibilian-ibilian-etxerako-bidean\/","url":"https:\/\/sare.eus\/es\/del-7-al-9-de-octubre-se-realizara-la-vuelta-a-araba-ibilian-ibilian-etxerako-bidean\/","name":"Del 7 al 9 de octubre se realizara la Vuelta a Araba \u00abIbilian-ibilian etxerako bidean\u00bb - Sare Herritarra","isPartOf":{"@id":"https:\/\/sare.eus\/#website"},"primaryImageOfPage":{"@id":"https:\/\/sare.eus\/es\/del-7-al-9-de-octubre-se-realizara-la-vuelta-a-araba-ibilian-ibilian-etxerako-bidean\/#primaryimage"},"image":{"@id":"https:\/\/sare.eus\/es\/del-7-al-9-de-octubre-se-realizara-la-vuelta-a-araba-ibilian-ibilian-etxerako-bidean\/#primaryimage"},"thumbnailUrl":"https:\/\/sare.eus\/wp-content\/uploads\/2021\/10\/arabako-bira.jpg","datePublished":"2021-08-02T14:07:32+00:00","dateModified":"2021-10-20T15:53:01+00:00","breadcrumb":{"@id":"https:\/\/sare.eus\/es\/del-7-al-9-de-octubre-se-realizara-la-vuelta-a-araba-ibilian-ibilian-etxerako-bidean\/#breadcrumb"},"inLanguage":"es","potentialAction":[{"@type":"ReadAction","target":["https:\/\/sare.eus\/es\/del-7-al-9-de-octubre-se-realizara-la-vuelta-a-araba-ibilian-ibilian-etxerako-bidean\/"]}]},{"@type":"ImageObject","inLanguage":"es","@id":"https:\/\/sare.eus\/es\/del-7-al-9-de-octubre-se-realizara-la-vuelta-a-araba-ibilian-ibilian-etxerako-bidean\/#primaryimage","url":"https:\/\/sare.eus\/wp-content\/uploads\/2021\/10\/arabako-bira.jpg","contentUrl":"https:\/\/sare.eus\/wp-content\/uploads\/2021\/10\/arabako-bira.jpg"},{"@type":"BreadcrumbList","@id":"https:\/\/sare.eus\/es\/del-7-al-9-de-octubre-se-realizara-la-vuelta-a-araba-ibilian-ibilian-etxerako-bidean\/#breadcrumb","itemListElement":[{"@type":"ListItem","position":1,"name":"Home","item":"https:\/\/sare.eus\/"},{"@type":"ListItem","position":2,"name":"Del 7 al 9 de octubre se realizara la Vuelta a Araba \u00abIbilian-ibilian etxerako bidean\u00bb"}]},{"@type":"WebSite","@id":"https:\/\/sare.eus\/#website","url":"https:\/\/sare.eus\/","name":"Sare Herritarra","description":"KONPONBIDEAREN ETA GIZA ESKUBIDEEN ALDEKO SARE HERRITARRA","publisher":{"@id":"https:\/\/sare.eus\/#organization"},"potentialAction":[{"@type":"SearchAction","target":{"@type":"EntryPoint","urlTemplate":"https:\/\/sare.eus\/?s={search_term_string}"},"query-input":{"@type":"PropertyValueSpecification","valueRequired":true,"valueName":"search_term_string"}}],"inLanguage":"es"},{"@type":"Organization","@id":"https:\/\/sare.eus\/#organization","name":"Sare Herritarra","url":"https:\/\/sare.eus\/","logo":{"@type":"ImageObject","inLanguage":"es","@id":"https:\/\/sare.eus\/#\/schema\/logo\/image\/","url":"https:\/\/sare.eus\/wp-content\/uploads\/2021\/08\/sare.png","contentUrl":"https:\/\/sare.eus\/wp-content\/uploads\/2021\/08\/sare.png","width":120,"height":142,"caption":"Sare Herritarra"},"image":{"@id":"https:\/\/sare.eus\/#\/schema\/logo\/image\/"}},{"@type":"Person","@id":"https:\/\/sare.eus\/#\/schema\/person\/5a711e7396face0569eb43391127616d","name":"admin","image":{"@type":"ImageObject","inLanguage":"es","@id":"https:\/\/sare.eus\/#\/schema\/person\/image\/","url":"https:\/\/secure.gravatar.com\/avatar\/d22a8cc353ba20fa3181b73b7b53a33b5b98923d9a2f9945443604d7359581c4?s=96&d=mm&r=g","contentUrl":"https:\/\/secure.gravatar.com\/avatar\/d22a8cc353ba20fa3181b73b7b53a33b5b98923d9a2f9945443604d7359581c4?s=96&d=mm&r=g","caption":"admin"},"url":"https:\/\/sare.eus\/es\/author\/prueba3371_a2783y7n\/"}]}},"_links":{"self":[{"href":"https:\/\/sare.eus\/es\/wp-json\/wp\/v2\/posts\/1318","targetHints":{"allow":["GET"]}}],"collection":[{"href":"https:\/\/sare.eus\/es\/wp-json\/wp\/v2\/posts"}],"about":[{"href":"https:\/\/sare.eus\/es\/wp-json\/wp\/v2\/types\/post"}],"author":[{"embeddable":true,"href":"https:\/\/sare.eus\/es\/wp-json\/wp\/v2\/users\/1"}],"replies":[{"embeddable":true,"href":"https:\/\/sare.eus\/es\/wp-json\/wp\/v2\/comments?post=1318"}],"version-history":[{"count":1,"href":"https:\/\/sare.eus\/es\/wp-json\/wp\/v2\/posts\/1318\/revisions"}],"predecessor-version":[{"id":1319,"href":"https:\/\/sare.eus\/es\/wp-json\/wp\/v2\/posts\/1318\/revisions\/1319"}],"wp:attachment":[{"href":"https:\/\/sare.eus\/es\/wp-json\/wp\/v2\/media?parent=1318"}],"wp:term":[{"taxonomy":"category","embeddable":true,"href":"https:\/\/sare.eus\/es\/wp-json\/wp\/v2\/categories?post=1318"},{"taxonomy":"post_tag","embeddable":true,"href":"https:\/\/sare.eus\/es\/wp-json\/wp\/v2\/tags?post=1318"}],"curies":[{"name":"wp","href":"https:\/\/api.w.org\/{rel}","templated":true}]}}