{"id":1317,"date":"2021-08-03T14:05:41","date_gmt":"2021-08-03T14:05:41","guid":{"rendered":"http:\/\/650tontor.sare.eus\/una-manifestacion-pide-en-gasteiz-que-todas-las-presas-y-todos-los-presos-esten-en-euskal-herria-y-que-se-aplique-la-progresion-de-grados\/"},"modified":"2021-10-20T15:55:54","modified_gmt":"2021-10-20T15:55:54","slug":"una-manifestacion-pide-en-gasteiz-que-todas-las-presas-y-todos-los-presos-esten-en-euskal-herria-y-que-se-aplique-la-progresion-de-grados","status":"publish","type":"post","link":"https:\/\/sare.eus\/es\/una-manifestacion-pide-en-gasteiz-que-todas-las-presas-y-todos-los-presos-esten-en-euskal-herria-y-que-se-aplique-la-progresion-de-grados\/","title":{"rendered":"Una Manifestaci\u00f3n pide en Gasteiz que todas las presas y todos los presos est\u00e9n en Euskal Herria y que se aplique la progresi\u00f3n de grados"},"content":{"rendered":"<blockquote><p>Muchas veces, el camino es largo; otras veces, escabroso; otras, lleno de cruces de camino. Pero el camino es siembre un medio para llegar a alg\u00fan sitio. Camino hecho cada cual por su cuenta, o en grupo. Porque el camino se hace al andar. Paso a paso, a fuerza de andar.<\/p><\/blockquote>\n<p lang=\"eu-ES\" align=\"justify\">Caminante no hay camino, se hace camino al andar. As\u00ed lo dijo Antonio Machado. Y as\u00ed lo demuestran los \u00faltimos a\u00f1os. Hoy, nos toca dar las gracias. Daros las gracias a todos y todas por vuestro compromiso, por vuestra solidaridad y por vuestra activaci\u00f3n. Sin ella, jam\u00e1s hubi\u00e9ramos llegado a donde estamos. A este momento, tan esperado, sobre todo por quienes m\u00e1s lo han padecido, los familiares y amigos de los y las presas vascas alejadas a miles de kil\u00f3metros durante m\u00e1s de 30 a\u00f1os. Hoy, estamos ante el comienzo del fin. Del fin de la pol\u00edtica de alejamiento. Hemos dejado atr\u00e1s las c\u00e1rceles m\u00e1s alejadas. Ahora toca dar comienzo a una nueva etapa. Toca seguir caminando para seguir haciendo camino; el camino de regreso a casa de todos y todas ellas.<\/p>\n<p lang=\"eu-ES\" align=\"justify\"><img loading=\"lazy\" decoding=\"async\" class=\"size-medium wp-image-608 alignleft\" src=\"https:\/\/sare.eus\/wp-content\/uploads\/2021\/10\/arabako-itzulia-kartela-1200X1200-01-600x600-1-300x300.jpg\" alt=\"\" width=\"300\" height=\"300\" srcset=\"https:\/\/sare.eus\/wp-content\/uploads\/2021\/10\/arabako-itzulia-kartela-1200X1200-01-600x600-1-300x300.jpg 300w, https:\/\/sare.eus\/wp-content\/uploads\/2021\/10\/arabako-itzulia-kartela-1200X1200-01-600x600-1-150x150.jpg 150w, https:\/\/sare.eus\/wp-content\/uploads\/2021\/10\/arabako-itzulia-kartela-1200X1200-01-600x600-1-440x440.jpg 440w, https:\/\/sare.eus\/wp-content\/uploads\/2021\/10\/arabako-itzulia-kartela-1200X1200-01-600x600-1.jpg 600w\" sizes=\"(max-width: 300px) 100vw, 300px\" \/>Gracias. Muchas gracias por vuestro compromiso, por vuestra solidaridad y por vuestra activaci\u00f3n. Sin ella, jam\u00e1s hubi\u00e9ramos llegado a donde estamos. Gracias a cada peque\u00f1a iniciativa o actividad, gracias a cada persona que ha salido a la calle, gracias a las din\u00e1micas creadas en cada barrio o pueblo en el que nos hemos organizado, estamos demostrando que somos el motor del cambio, motor que tiene por meta avanzar en la convivencia y conseguir la paz.<\/p>\n<p lang=\"eu-ES\" align=\"justify\">Estamos iniciando una nueva etapa: la de dejar atr\u00e1s la pol\u00edtica de alejamiento y recorrer el camino de vuelta a casa de las personas presas y refugiadas. Y ese es nuestro objetivo tambi\u00e9n hoy. Con dos importantes reivindicaciones: que todas las presas y todos los presos est\u00e9n en Euskal Herria y que se aplique la progresi\u00f3n de grados. Ese es el camino a recorrer durante los pr\u00f3ximos meses. Ese es el camino a recorrer para traer a casa a presas y a presos vascos. Porque, seg\u00fan la ley, en la medida en que son vascas y vascos, les corresponde cumplir la condena en las c\u00e1rceles de aqu\u00ed. Y, aplic\u00e1ndoles la legislaci\u00f3n que se aplica al resto de presas y presos, les corresponde tener permisos y conseguir la libertad condicional una vez cumplidas las 3\/4 partes de su condena. No estamos pidiendo ning\u00fan privilegio, ni ning\u00fan favor. Estamos pidiendo que se respeten sus derechos y que se cumpla la ley, como corresponde a cualquier persona presa.<\/p>\n<p lang=\"eu-ES\" align=\"justify\">En definitiva, estamos diciendo que estamos llegando al fin de la pol\u00edtica penitenciaria de excepci\u00f3n que ha estado vigente durante a\u00f1os. Con la fuerza y el empuje de todas vosotras y de todos vosotros, como hasta ahora.<\/p>\n<p lang=\"eu-ES\" align=\"justify\">De lo que hablamos es de acabar con esta pol\u00edtica de excepci\u00f3n y vulneradora que durante a\u00f1os han perpetuado, endureciendo eternas estancias en prisi\u00f3n y a\u00f1os de sufriendo para familiares y amigos. Y no nos olvidamos hoy de los y las presas que a\u00fan siguen en prisi\u00f3n con enfermedades graves, muchas de ellas sin posibilidad de sanar, a quienes solo se les permite el regreso a casa para morir. Ni uno m\u00e1s. Ni una m\u00e1s. Todos y todas las presas vascas con enfermedades graves deben ser excarceladas de inmediato. Cada d\u00eda que pasa es un d\u00eda menos en la lucha contra sus enfermedades.<\/p>\n<p lang=\"eu-ES\" align=\"justify\">Acabemos con esto. Sigamos dando pasos. Sigamos caminando. Sigamos haciendo camino. El camino de regreso a casa. El camino hacia la convivencia y la paz.<\/p>\n<p lang=\"eu-ES\" align=\"justify\"><strong>No nos paremos, sigamos en movimiento. Por ello, hoy, os queremos pedir que sig\u00e1is haciendo camino con nosotras y con nosotros, en la iniciativa que hemos organizado para el pr\u00f3ximo octubre. Os queremos invitar a participar a la marcha que bajo el lema \u00abIbilian-Ibilian, etxerako bidean\u00bb recorrer\u00e1 Araba el 7, 8 y 9 de octubre, de d\u00eda y de noche, sin parar.<\/strong><\/p>\n<p lang=\"eu-ES\" align=\"justify\"><strong>As\u00ed es, os volvemos a pedir que no par\u00e9is que sig\u00e1is caminando con nosotras y que os sum\u00e9is, el 7, 8 y 9 de octubre, a la marcha que de manera ininterrumpida recorrer\u00e1 Araba bajo el lema \u201cIbilian-Ibilian, etxerako bidean\u201d.<\/strong><\/p>\n<p lang=\"eu-ES\" align=\"justify\">Entre todas lo conseguiremos. Lortuko dugu. Eskerrik asko!<\/p>\n","protected":false},"excerpt":{"rendered":"<p>Muchas veces, el camino es largo; otras veces, escabroso; otras, lleno de cruces de camino. Pero el camino es siembre un medio para llegar a alg\u00fan sitio. Camino hecho cada [&hellip;]<\/p>\n","protected":false},"author":1,"featured_media":612,"comment_status":"open","ping_status":"open","sticky":false,"template":"","format":"standard","meta":{"_acf_changed":false,"_et_pb_use_builder":"off","_et_pb_old_content":"","_et_gb_content_width":"","footnotes":""},"categories":[60],"tags":[],"class_list":["post-1317","post","type-post","status-publish","format-standard","has-post-thumbnail","hentry","category-etxera-es","et-has-post-format-content","et_post_format-et-post-format-standard"],"acf":[],"yoast_head":"<!-- This site is optimized with the Yoast SEO plugin v26.4 - https:\/\/yoast.com\/wordpress\/plugins\/seo\/ -->\n<title>Una Manifestaci\u00f3n pide en Gasteiz que todas las presas y todos los presos est\u00e9n en Euskal Herria y que se aplique la progresi\u00f3n de grados - Sare Herritarra<\/title>\n<meta name=\"robots\" content=\"index, follow, max-snippet:-1, max-image-preview:large, max-video-preview:-1\" \/>\n<link rel=\"canonical\" href=\"https:\/\/sare.eus\/es\/una-manifestacion-pide-en-gasteiz-que-todas-las-presas-y-todos-los-presos-esten-en-euskal-herria-y-que-se-aplique-la-progresion-de-grados\/\" \/>\n<meta property=\"og:locale\" content=\"es_ES\" \/>\n<meta property=\"og:type\" content=\"article\" \/>\n<meta property=\"og:title\" content=\"Una Manifestaci\u00f3n pide en Gasteiz que todas las presas y todos los presos est\u00e9n en Euskal Herria y que se aplique la progresi\u00f3n de grados - Sare Herritarra\" \/>\n<meta property=\"og:description\" content=\"Muchas veces, el camino es largo; otras veces, escabroso; otras, lleno de cruces de camino. Pero el camino es siembre un medio para llegar a alg\u00fan sitio. Camino hecho cada [&hellip;]\" \/>\n<meta property=\"og:url\" content=\"https:\/\/sare.eus\/es\/una-manifestacion-pide-en-gasteiz-que-todas-las-presas-y-todos-los-presos-esten-en-euskal-herria-y-que-se-aplique-la-progresion-de-grados\/\" \/>\n<meta property=\"og:site_name\" content=\"Sare Herritarra\" \/>\n<meta property=\"article:published_time\" content=\"2021-08-03T14:05:41+00:00\" \/>\n<meta property=\"article:modified_time\" content=\"2021-10-20T15:55:54+00:00\" \/>\n<meta property=\"og:image\" content=\"https:\/\/sare.eus\/wp-content\/uploads\/2021\/10\/IMG_20210803_194611_973-uai-516x261-1.jpg\" \/>\n\t<meta property=\"og:image:width\" content=\"516\" \/>\n\t<meta property=\"og:image:height\" content=\"261\" \/>\n\t<meta property=\"og:image:type\" content=\"image\/jpeg\" \/>\n<meta name=\"author\" content=\"admin\" \/>\n<meta name=\"twitter:card\" content=\"summary_large_image\" \/>\n<meta name=\"twitter:label1\" content=\"Escrito por\" \/>\n\t<meta name=\"twitter:data1\" content=\"admin\" \/>\n\t<meta name=\"twitter:label2\" content=\"Tiempo de lectura\" \/>\n\t<meta name=\"twitter:data2\" content=\"4 minutos\" \/>\n<script type=\"application\/ld+json\" class=\"yoast-schema-graph\">{\"@context\":\"https:\/\/schema.org\",\"@graph\":[{\"@type\":\"Article\",\"@id\":\"https:\/\/sare.eus\/es\/una-manifestacion-pide-en-gasteiz-que-todas-las-presas-y-todos-los-presos-esten-en-euskal-herria-y-que-se-aplique-la-progresion-de-grados\/#article\",\"isPartOf\":{\"@id\":\"https:\/\/sare.eus\/es\/una-manifestacion-pide-en-gasteiz-que-todas-las-presas-y-todos-los-presos-esten-en-euskal-herria-y-que-se-aplique-la-progresion-de-grados\/\"},\"author\":{\"name\":\"admin\",\"@id\":\"https:\/\/sare.eus\/#\/schema\/person\/5a711e7396face0569eb43391127616d\"},\"headline\":\"Una Manifestaci\u00f3n pide en Gasteiz que todas las presas y todos los presos est\u00e9n en Euskal Herria y que se aplique la progresi\u00f3n de grados\",\"datePublished\":\"2021-08-03T14:05:41+00:00\",\"dateModified\":\"2021-10-20T15:55:54+00:00\",\"mainEntityOfPage\":{\"@id\":\"https:\/\/sare.eus\/es\/una-manifestacion-pide-en-gasteiz-que-todas-las-presas-y-todos-los-presos-esten-en-euskal-herria-y-que-se-aplique-la-progresion-de-grados\/\"},\"wordCount\":768,\"commentCount\":0,\"publisher\":{\"@id\":\"https:\/\/sare.eus\/#organization\"},\"image\":{\"@id\":\"https:\/\/sare.eus\/es\/una-manifestacion-pide-en-gasteiz-que-todas-las-presas-y-todos-los-presos-esten-en-euskal-herria-y-que-se-aplique-la-progresion-de-grados\/#primaryimage\"},\"thumbnailUrl\":\"https:\/\/sare.eus\/wp-content\/uploads\/2021\/10\/IMG_20210803_194611_973-uai-516x261-1.jpg\",\"articleSection\":[\"Etxera\"],\"inLanguage\":\"es\",\"potentialAction\":[{\"@type\":\"CommentAction\",\"name\":\"Comment\",\"target\":[\"https:\/\/sare.eus\/es\/una-manifestacion-pide-en-gasteiz-que-todas-las-presas-y-todos-los-presos-esten-en-euskal-herria-y-que-se-aplique-la-progresion-de-grados\/#respond\"]}]},{\"@type\":\"WebPage\",\"@id\":\"https:\/\/sare.eus\/es\/una-manifestacion-pide-en-gasteiz-que-todas-las-presas-y-todos-los-presos-esten-en-euskal-herria-y-que-se-aplique-la-progresion-de-grados\/\",\"url\":\"https:\/\/sare.eus\/es\/una-manifestacion-pide-en-gasteiz-que-todas-las-presas-y-todos-los-presos-esten-en-euskal-herria-y-que-se-aplique-la-progresion-de-grados\/\",\"name\":\"Una Manifestaci\u00f3n pide en Gasteiz que todas las presas y todos los presos est\u00e9n en Euskal Herria y que se aplique la progresi\u00f3n de grados - Sare Herritarra\",\"isPartOf\":{\"@id\":\"https:\/\/sare.eus\/#website\"},\"primaryImageOfPage\":{\"@id\":\"https:\/\/sare.eus\/es\/una-manifestacion-pide-en-gasteiz-que-todas-las-presas-y-todos-los-presos-esten-en-euskal-herria-y-que-se-aplique-la-progresion-de-grados\/#primaryimage\"},\"image\":{\"@id\":\"https:\/\/sare.eus\/es\/una-manifestacion-pide-en-gasteiz-que-todas-las-presas-y-todos-los-presos-esten-en-euskal-herria-y-que-se-aplique-la-progresion-de-grados\/#primaryimage\"},\"thumbnailUrl\":\"https:\/\/sare.eus\/wp-content\/uploads\/2021\/10\/IMG_20210803_194611_973-uai-516x261-1.jpg\",\"datePublished\":\"2021-08-03T14:05:41+00:00\",\"dateModified\":\"2021-10-20T15:55:54+00:00\",\"breadcrumb\":{\"@id\":\"https:\/\/sare.eus\/es\/una-manifestacion-pide-en-gasteiz-que-todas-las-presas-y-todos-los-presos-esten-en-euskal-herria-y-que-se-aplique-la-progresion-de-grados\/#breadcrumb\"},\"inLanguage\":\"es\",\"potentialAction\":[{\"@type\":\"ReadAction\",\"target\":[\"https:\/\/sare.eus\/es\/una-manifestacion-pide-en-gasteiz-que-todas-las-presas-y-todos-los-presos-esten-en-euskal-herria-y-que-se-aplique-la-progresion-de-grados\/\"]}]},{\"@type\":\"ImageObject\",\"inLanguage\":\"es\",\"@id\":\"https:\/\/sare.eus\/es\/una-manifestacion-pide-en-gasteiz-que-todas-las-presas-y-todos-los-presos-esten-en-euskal-herria-y-que-se-aplique-la-progresion-de-grados\/#primaryimage\",\"url\":\"https:\/\/sare.eus\/wp-content\/uploads\/2021\/10\/IMG_20210803_194611_973-uai-516x261-1.jpg\",\"contentUrl\":\"https:\/\/sare.eus\/wp-content\/uploads\/2021\/10\/IMG_20210803_194611_973-uai-516x261-1.jpg\",\"width\":516,\"height\":261},{\"@type\":\"BreadcrumbList\",\"@id\":\"https:\/\/sare.eus\/es\/una-manifestacion-pide-en-gasteiz-que-todas-las-presas-y-todos-los-presos-esten-en-euskal-herria-y-que-se-aplique-la-progresion-de-grados\/#breadcrumb\",\"itemListElement\":[{\"@type\":\"ListItem\",\"position\":1,\"name\":\"Home\",\"item\":\"https:\/\/sare.eus\/\"},{\"@type\":\"ListItem\",\"position\":2,\"name\":\"Una Manifestaci\u00f3n pide en Gasteiz que todas las presas y todos los presos est\u00e9n en Euskal Herria y que se aplique la progresi\u00f3n de grados\"}]},{\"@type\":\"WebSite\",\"@id\":\"https:\/\/sare.eus\/#website\",\"url\":\"https:\/\/sare.eus\/\",\"name\":\"Sare Herritarra\",\"description\":\"KONPONBIDEAREN ETA GIZA ESKUBIDEEN ALDEKO SARE HERRITARRA\",\"publisher\":{\"@id\":\"https:\/\/sare.eus\/#organization\"},\"potentialAction\":[{\"@type\":\"SearchAction\",\"target\":{\"@type\":\"EntryPoint\",\"urlTemplate\":\"https:\/\/sare.eus\/?s={search_term_string}\"},\"query-input\":{\"@type\":\"PropertyValueSpecification\",\"valueRequired\":true,\"valueName\":\"search_term_string\"}}],\"inLanguage\":\"es\"},{\"@type\":\"Organization\",\"@id\":\"https:\/\/sare.eus\/#organization\",\"name\":\"Sare Herritarra\",\"url\":\"https:\/\/sare.eus\/\",\"logo\":{\"@type\":\"ImageObject\",\"inLanguage\":\"es\",\"@id\":\"https:\/\/sare.eus\/#\/schema\/logo\/image\/\",\"url\":\"https:\/\/sare.eus\/wp-content\/uploads\/2021\/08\/sare.png\",\"contentUrl\":\"https:\/\/sare.eus\/wp-content\/uploads\/2021\/08\/sare.png\",\"width\":120,\"height\":142,\"caption\":\"Sare Herritarra\"},\"image\":{\"@id\":\"https:\/\/sare.eus\/#\/schema\/logo\/image\/\"}},{\"@type\":\"Person\",\"@id\":\"https:\/\/sare.eus\/#\/schema\/person\/5a711e7396face0569eb43391127616d\",\"name\":\"admin\",\"image\":{\"@type\":\"ImageObject\",\"inLanguage\":\"es\",\"@id\":\"https:\/\/sare.eus\/#\/schema\/person\/image\/\",\"url\":\"https:\/\/secure.gravatar.com\/avatar\/d22a8cc353ba20fa3181b73b7b53a33b5b98923d9a2f9945443604d7359581c4?s=96&d=mm&r=g\",\"contentUrl\":\"https:\/\/secure.gravatar.com\/avatar\/d22a8cc353ba20fa3181b73b7b53a33b5b98923d9a2f9945443604d7359581c4?s=96&d=mm&r=g\",\"caption\":\"admin\"},\"url\":\"https:\/\/sare.eus\/es\/author\/prueba3371_a2783y7n\/\"}]}<\/script>\n<!-- \/ Yoast SEO plugin. -->","yoast_head_json":{"title":"Una Manifestaci\u00f3n pide en Gasteiz que todas las presas y todos los presos est\u00e9n en Euskal Herria y que se aplique la progresi\u00f3n de grados - Sare Herritarra","robots":{"index":"index","follow":"follow","max-snippet":"max-snippet:-1","max-image-preview":"max-image-preview:large","max-video-preview":"max-video-preview:-1"},"canonical":"https:\/\/sare.eus\/es\/una-manifestacion-pide-en-gasteiz-que-todas-las-presas-y-todos-los-presos-esten-en-euskal-herria-y-que-se-aplique-la-progresion-de-grados\/","og_locale":"es_ES","og_type":"article","og_title":"Una Manifestaci\u00f3n pide en Gasteiz que todas las presas y todos los presos est\u00e9n en Euskal Herria y que se aplique la progresi\u00f3n de grados - Sare Herritarra","og_description":"Muchas veces, el camino es largo; otras veces, escabroso; otras, lleno de cruces de camino. Pero el camino es siembre un medio para llegar a alg\u00fan sitio. Camino hecho cada [&hellip;]","og_url":"https:\/\/sare.eus\/es\/una-manifestacion-pide-en-gasteiz-que-todas-las-presas-y-todos-los-presos-esten-en-euskal-herria-y-que-se-aplique-la-progresion-de-grados\/","og_site_name":"Sare Herritarra","article_published_time":"2021-08-03T14:05:41+00:00","article_modified_time":"2021-10-20T15:55:54+00:00","og_image":[{"width":516,"height":261,"url":"https:\/\/sare.eus\/wp-content\/uploads\/2021\/10\/IMG_20210803_194611_973-uai-516x261-1.jpg","type":"image\/jpeg"}],"author":"admin","twitter_card":"summary_large_image","twitter_misc":{"Escrito por":"admin","Tiempo de lectura":"4 minutos"},"schema":{"@context":"https:\/\/schema.org","@graph":[{"@type":"Article","@id":"https:\/\/sare.eus\/es\/una-manifestacion-pide-en-gasteiz-que-todas-las-presas-y-todos-los-presos-esten-en-euskal-herria-y-que-se-aplique-la-progresion-de-grados\/#article","isPartOf":{"@id":"https:\/\/sare.eus\/es\/una-manifestacion-pide-en-gasteiz-que-todas-las-presas-y-todos-los-presos-esten-en-euskal-herria-y-que-se-aplique-la-progresion-de-grados\/"},"author":{"name":"admin","@id":"https:\/\/sare.eus\/#\/schema\/person\/5a711e7396face0569eb43391127616d"},"headline":"Una Manifestaci\u00f3n pide en Gasteiz que todas las presas y todos los presos est\u00e9n en Euskal Herria y que se aplique la progresi\u00f3n de grados","datePublished":"2021-08-03T14:05:41+00:00","dateModified":"2021-10-20T15:55:54+00:00","mainEntityOfPage":{"@id":"https:\/\/sare.eus\/es\/una-manifestacion-pide-en-gasteiz-que-todas-las-presas-y-todos-los-presos-esten-en-euskal-herria-y-que-se-aplique-la-progresion-de-grados\/"},"wordCount":768,"commentCount":0,"publisher":{"@id":"https:\/\/sare.eus\/#organization"},"image":{"@id":"https:\/\/sare.eus\/es\/una-manifestacion-pide-en-gasteiz-que-todas-las-presas-y-todos-los-presos-esten-en-euskal-herria-y-que-se-aplique-la-progresion-de-grados\/#primaryimage"},"thumbnailUrl":"https:\/\/sare.eus\/wp-content\/uploads\/2021\/10\/IMG_20210803_194611_973-uai-516x261-1.jpg","articleSection":["Etxera"],"inLanguage":"es","potentialAction":[{"@type":"CommentAction","name":"Comment","target":["https:\/\/sare.eus\/es\/una-manifestacion-pide-en-gasteiz-que-todas-las-presas-y-todos-los-presos-esten-en-euskal-herria-y-que-se-aplique-la-progresion-de-grados\/#respond"]}]},{"@type":"WebPage","@id":"https:\/\/sare.eus\/es\/una-manifestacion-pide-en-gasteiz-que-todas-las-presas-y-todos-los-presos-esten-en-euskal-herria-y-que-se-aplique-la-progresion-de-grados\/","url":"https:\/\/sare.eus\/es\/una-manifestacion-pide-en-gasteiz-que-todas-las-presas-y-todos-los-presos-esten-en-euskal-herria-y-que-se-aplique-la-progresion-de-grados\/","name":"Una Manifestaci\u00f3n pide en Gasteiz que todas las presas y todos los presos est\u00e9n en Euskal Herria y que se aplique la progresi\u00f3n de grados - Sare Herritarra","isPartOf":{"@id":"https:\/\/sare.eus\/#website"},"primaryImageOfPage":{"@id":"https:\/\/sare.eus\/es\/una-manifestacion-pide-en-gasteiz-que-todas-las-presas-y-todos-los-presos-esten-en-euskal-herria-y-que-se-aplique-la-progresion-de-grados\/#primaryimage"},"image":{"@id":"https:\/\/sare.eus\/es\/una-manifestacion-pide-en-gasteiz-que-todas-las-presas-y-todos-los-presos-esten-en-euskal-herria-y-que-se-aplique-la-progresion-de-grados\/#primaryimage"},"thumbnailUrl":"https:\/\/sare.eus\/wp-content\/uploads\/2021\/10\/IMG_20210803_194611_973-uai-516x261-1.jpg","datePublished":"2021-08-03T14:05:41+00:00","dateModified":"2021-10-20T15:55:54+00:00","breadcrumb":{"@id":"https:\/\/sare.eus\/es\/una-manifestacion-pide-en-gasteiz-que-todas-las-presas-y-todos-los-presos-esten-en-euskal-herria-y-que-se-aplique-la-progresion-de-grados\/#breadcrumb"},"inLanguage":"es","potentialAction":[{"@type":"ReadAction","target":["https:\/\/sare.eus\/es\/una-manifestacion-pide-en-gasteiz-que-todas-las-presas-y-todos-los-presos-esten-en-euskal-herria-y-que-se-aplique-la-progresion-de-grados\/"]}]},{"@type":"ImageObject","inLanguage":"es","@id":"https:\/\/sare.eus\/es\/una-manifestacion-pide-en-gasteiz-que-todas-las-presas-y-todos-los-presos-esten-en-euskal-herria-y-que-se-aplique-la-progresion-de-grados\/#primaryimage","url":"https:\/\/sare.eus\/wp-content\/uploads\/2021\/10\/IMG_20210803_194611_973-uai-516x261-1.jpg","contentUrl":"https:\/\/sare.eus\/wp-content\/uploads\/2021\/10\/IMG_20210803_194611_973-uai-516x261-1.jpg","width":516,"height":261},{"@type":"BreadcrumbList","@id":"https:\/\/sare.eus\/es\/una-manifestacion-pide-en-gasteiz-que-todas-las-presas-y-todos-los-presos-esten-en-euskal-herria-y-que-se-aplique-la-progresion-de-grados\/#breadcrumb","itemListElement":[{"@type":"ListItem","position":1,"name":"Home","item":"https:\/\/sare.eus\/"},{"@type":"ListItem","position":2,"name":"Una Manifestaci\u00f3n pide en Gasteiz que todas las presas y todos los presos est\u00e9n en Euskal Herria y que se aplique la progresi\u00f3n de grados"}]},{"@type":"WebSite","@id":"https:\/\/sare.eus\/#website","url":"https:\/\/sare.eus\/","name":"Sare Herritarra","description":"KONPONBIDEAREN ETA GIZA ESKUBIDEEN ALDEKO SARE HERRITARRA","publisher":{"@id":"https:\/\/sare.eus\/#organization"},"potentialAction":[{"@type":"SearchAction","target":{"@type":"EntryPoint","urlTemplate":"https:\/\/sare.eus\/?s={search_term_string}"},"query-input":{"@type":"PropertyValueSpecification","valueRequired":true,"valueName":"search_term_string"}}],"inLanguage":"es"},{"@type":"Organization","@id":"https:\/\/sare.eus\/#organization","name":"Sare Herritarra","url":"https:\/\/sare.eus\/","logo":{"@type":"ImageObject","inLanguage":"es","@id":"https:\/\/sare.eus\/#\/schema\/logo\/image\/","url":"https:\/\/sare.eus\/wp-content\/uploads\/2021\/08\/sare.png","contentUrl":"https:\/\/sare.eus\/wp-content\/uploads\/2021\/08\/sare.png","width":120,"height":142,"caption":"Sare Herritarra"},"image":{"@id":"https:\/\/sare.eus\/#\/schema\/logo\/image\/"}},{"@type":"Person","@id":"https:\/\/sare.eus\/#\/schema\/person\/5a711e7396face0569eb43391127616d","name":"admin","image":{"@type":"ImageObject","inLanguage":"es","@id":"https:\/\/sare.eus\/#\/schema\/person\/image\/","url":"https:\/\/secure.gravatar.com\/avatar\/d22a8cc353ba20fa3181b73b7b53a33b5b98923d9a2f9945443604d7359581c4?s=96&d=mm&r=g","contentUrl":"https:\/\/secure.gravatar.com\/avatar\/d22a8cc353ba20fa3181b73b7b53a33b5b98923d9a2f9945443604d7359581c4?s=96&d=mm&r=g","caption":"admin"},"url":"https:\/\/sare.eus\/es\/author\/prueba3371_a2783y7n\/"}]}},"_links":{"self":[{"href":"https:\/\/sare.eus\/es\/wp-json\/wp\/v2\/posts\/1317","targetHints":{"allow":["GET"]}}],"collection":[{"href":"https:\/\/sare.eus\/es\/wp-json\/wp\/v2\/posts"}],"about":[{"href":"https:\/\/sare.eus\/es\/wp-json\/wp\/v2\/types\/post"}],"author":[{"embeddable":true,"href":"https:\/\/sare.eus\/es\/wp-json\/wp\/v2\/users\/1"}],"replies":[{"embeddable":true,"href":"https:\/\/sare.eus\/es\/wp-json\/wp\/v2\/comments?post=1317"}],"version-history":[{"count":1,"href":"https:\/\/sare.eus\/es\/wp-json\/wp\/v2\/posts\/1317\/revisions"}],"predecessor-version":[{"id":1359,"href":"https:\/\/sare.eus\/es\/wp-json\/wp\/v2\/posts\/1317\/revisions\/1359"}],"wp:featuredmedia":[{"embeddable":true,"href":"https:\/\/sare.eus\/es\/wp-json\/wp\/v2\/media\/612"}],"wp:attachment":[{"href":"https:\/\/sare.eus\/es\/wp-json\/wp\/v2\/media?parent=1317"}],"wp:term":[{"taxonomy":"category","embeddable":true,"href":"https:\/\/sare.eus\/es\/wp-json\/wp\/v2\/categories?post=1317"},{"taxonomy":"post_tag","embeddable":true,"href":"https:\/\/sare.eus\/es\/wp-json\/wp\/v2\/tags?post=1317"}],"curies":[{"name":"wp","href":"https:\/\/api.w.org\/{rel}","templated":true}]}}