{"id":1315,"date":"2021-08-21T14:01:39","date_gmt":"2021-08-21T14:01:39","guid":{"rendered":"http:\/\/650tontor.sare.eus\/?p=1315"},"modified":"2021-10-20T15:56:12","modified_gmt":"2021-10-20T15:56:12","slug":"con-la-manifestacion-celebrada-en-donostia-finaliza-la-dinamica-de-gipuzkoa-ibilian-ibilian-etxerako-bidean","status":"publish","type":"post","link":"https:\/\/sare.eus\/es\/con-la-manifestacion-celebrada-en-donostia-finaliza-la-dinamica-de-gipuzkoa-ibilian-ibilian-etxerako-bidean\/","title":{"rendered":"Con la manifestaci\u00f3n celebrada en Donostia finaliza la din\u00e1mica de Gipuzkoa \u00abIbilian-ibilian etxerako bidean\u00bb"},"content":{"rendered":"<p>Muchas veces, el camino es largo; otras veces, escabroso; otras, lleno de cruces de camino. Pero el camino es siembre un medio para llegar a alg\u00fan sitio. Camino hecho cada cual por su cuenta, o en grupo. Porque el camino se hace al andar. Paso a paso, a fuerza de andar.<\/p>\n<p>Caminante no hay camino, se hace camino al andar. As\u00ed lo dijo Antonio Machado. Y as\u00ed lo demuestran los \u00faltimos a\u00f1os. Hoy, nos toca dar las gracias. Daros las gracias a todos y todas por vuestro compromiso, por vuestra solidaridad y por vuestra activaci\u00f3n. Sin ella, jam\u00e1s hubi\u00e9ramos llegado a donde estamos. A este momento, tan esperado, sobre todo por quienes m\u00e1s lo han padecido, los familiares y amigos de los y las presas vascas alejadas a miles de kil\u00f3metros durante m\u00e1s de 30 a\u00f1os. Hoy, estamos ante el comienzo del fin. Del fin de la pol\u00edtica de alejamiento. Hemos dejado atr\u00e1s las c\u00e1rceles m\u00e1s alejadas. Ahora toca dar comienzo a una nueva etapa. Toca seguir caminando para seguir haciendo camino; el camino de regreso a casa de todos y todas ellas.<\/p>\n<p>Gracias. Muchas gracias por vuestro compromiso, por vuestra solidaridad y por vuestra activaci\u00f3n. Sin ella, jam\u00e1s hubi\u00e9ramos llegado a donde estamos. Gracias a cada peque\u00f1a iniciativa o actividad, gracias a cada persona que ha salido a la calle, gracias a las din\u00e1micas creadas en cada barrio o pueblo en el que nos hemos organizado, estamos demostrando que somos el motor del cambio, motor que tiene por meta avanzar en la convivencia y conseguir la paz.<\/p>\n<p>Estamos iniciando una nueva etapa: la de dejar atr\u00e1s la pol\u00edtica de alejamiento y recorrer el camino de vuelta a casa de las personas presas y refugiadas. Y ese es nuestro objetivo tambi\u00e9n hoy. Con dos importantes reivindicaciones: que todas las presas y todos los presos est\u00e9n en Euskal Herria y que se aplique la progresi\u00f3n de grados. Ese es el camino a recorrer durante los pr\u00f3ximos meses. Ese es el camino a recorrer para traer a casa a presas y a presos vascos. Porque, seg\u00fan la ley, en la medida en que son vascas y vascos, les corresponde cumplir la condena en las c\u00e1rceles de aqu\u00ed. Y, aplic\u00e1ndoles la legislaci\u00f3n que se aplica al resto de presas y presos, les corresponde tener permisos y conseguir la libertad condicional una vez cumplidas las 3\/4 partes de su condena. No estamos pidiendo ning\u00fan privilegio, ni ning\u00fan favor. Estamos pidiendo que se respeten sus derechos y que se cumpla la ley, como corresponde a cualquier persona presa.<\/p>\n<p>En definitiva, estamos diciendo que estamos llegando al fin de la pol\u00edtica penitenciaria de excepci\u00f3n que ha estado vigente durante a\u00f1os. Con la fuerza y el empuje de todas vosotras y de todos vosotros, como hasta ahora.<\/p>\n<p><a name=\"translation_box\"><\/a>Y para ello, tambi\u00e9n tenemos que fijarnos en las reivindicaciones que hemos realizado hoy durante la manifestaci\u00f3n. Porque la legislaci\u00f3n de excepci\u00f3n tiene muchos flecos, y todav\u00eda, a pesar de que se han dado los pasos mencionados, hay nudos que hay que desatar en el seno de la pol\u00edtica penitenciaria:<\/p>\n<p><br \/>Por un lado, nos corresponde soltar el nudo de los presos gravemente enfermos. Todos estos a\u00f1os han demostrado que la c\u00e1rcel y la enfermedad no son compatibles, sino el camino a una condena a muerte. La ley tambi\u00e9n nos indica que es as\u00ed, ya que contempla la posibilidad de que el preso enfermo cumpla la pena en su domicilio, con el apoyo de sus familiares y con el seguimiento del m\u00e9dico de confianza. Son 19 los presos vascos que a\u00fan permanecen en prisi\u00f3n sufriendo una grave enfermedad. Los casos de unos pocos presos, aquellos a los que se les ha trasladado a un centro especializado o a sus casa, demuestran que es posible otro camino, en el que poder hacerfrente a la enfermedad. Para no tener que sufrir otra muerte m\u00e1s, los presos enfermos de deben estar en casa.<\/p>\n<p><br \/>Por otro lado, tenemos que liberar el nudo de las mujeres presas. Porque las mujeres presas tanto en Espa\u00f1a, como en Francia todav\u00eda est\u00e1n sufriendo una situaci\u00f3n de alejamiento y aislamiento. Hemos dicho a menudo que las presas han sido castigadas doblemente; con la sentencia y por el hecho de ser mujeres. Adem\u00e1s de las medidas de excepci\u00f3n aplicadas al conjunto de los y las presas vascas, estas presas deben pasar su condena en prisiones que no est\u00e1n preparadas para las mujeres, y muchas veces les ha tocado estar sin ninguna otra compa\u00f1era, como consecuencia del alejamiento, a\u00f1adiendo el sentimiento de aislamiento que esto conlleva a una situaci\u00f3n ya bastante dura. En total son 29 las mujeres presas en ambos estados. Hoy tambi\u00e9n estamos pidiendo que se acabe con esa doble pena, para que todas las presas sean trasladadas prioritariamente a Euskal Herria, para acabar de una vez por todas con la situaci\u00f3n de aislamiento y alejamiento.<\/p>\n<p><br \/>Como suele ocurrir con las mujeres, algo similar ocurre tambi\u00e9n con los y las presas que han decidido tener familia, ya que la prisi\u00f3n no est\u00e1 pensada para garantizar este derecho dignamente, y menos cuando se establece una legislaci\u00f3n de excepci\u00f3n. Los y las ni\u00f1as, adolescentes y j\u00f3venes de la mochila que tienen en prisi\u00f3n a su padre, a su madre o a ambos, se han visto obligadas a hacer kil\u00f3metros durante todos estos a\u00f1os para poder recibir el abrazo de sus padres. Todav\u00eda hay demasiados kil\u00f3metros entre unos y otros. La situaci\u00f3n de Covid no ha ayudado a suavizarlo, al contrario, ya que ha supuesto tambi\u00e9n la interrupci\u00f3n del contacto, hasta durante a\u00f1o y medio en caso de algunos\/as ni\u00f1xs. El derecho de estos\/as ni\u00f1xs a estar con sus padres\/madres y de las personas presas a ser padres\/madres y a tener una vida familiar es lo que esta pol\u00edtica penitenciaria de excepci\u00f3n dificulta de sobremanera. Una vez m\u00e1s, pedimos el inmediato traslado de todos\/as ellos\/as a Euskal Herria y la creaci\u00f3n de m\u00f3dulos familiares en las c\u00e1rceles de Euskal Herria. Si se quiere hacer una pol\u00edtica diferente, tenemos que traer los derechos de los y las ni\u00f1as y el derecho a la familia al centro.<\/p>\n<p>Como dec\u00edamos, la pol\u00edtica de excepci\u00f3n tiene muchos flecos. Como es el caso de los y las presas de edad avanzada, que a pesar de tener gran parte de la condena cumplida y edades superiores a los 65 a\u00f1os, siguen cumpliendo condena en prisiones fuera de Euskal Herria, sin permisos y sin tercer grado penitenciario, sin poder avanzar en ese proceso de regreso a casa.<\/p>\n<p>Estas son las denuncias que hemos querido plasmar durante el recorrido realizado, pero hoy, queremos hacer menci\u00f3n tambi\u00e9n a otra reivindicaci\u00f3n que desde hace ya un tiempo llevamos realizando; la petici\u00f3n de derogaci\u00f3n de la ley 7\/2003 que afecta a alrededor de 60 presos y presas vascas y que, en definitiva, es una ley para encubrir la cadena perpetua, alargando m\u00e1s all\u00e1 de lo establecido en la legislaci\u00f3n ordinaria las penas de c\u00e1rcel.<\/p>\n<p>Terminemos con esta situaci\u00f3n. Sigamos dando pasos. Sigamos caminando. Sigamos haciendo el camino. El camino de regreso a casa. El camino hacia la convivencia y la paz.<\/p>\n<p>No nos paremos ahora, sigamos en movimiento. Por eso, hoy, os queremos pedir que sig\u00e1is recorriendo el camino con nosotras en las movilizaciones que las pr\u00f3ximas semanas y meses se realizar\u00e1n en diferentes zonas de Euskal Herria y sobre todo, en la movilizaci\u00f3n general\u00a0que estamos organizando para el pr\u00f3ximo 23 de octubre, aqu\u00ed en Donostia.<\/p>\n\n\n<figure class=\"wp-block-embed is-type-video is-provider-youtube wp-block-embed-youtube wp-embed-aspect-16-9 wp-has-aspect-ratio\"><div class=\"wp-block-embed__wrapper\">\n<iframe loading=\"lazy\" title=\"Donostian egin den Manifestaziorekin amaitu da Gipuzkoako \u00abIbilian-ibilian etxerako bidean\u00bb dinamika\" width=\"1080\" height=\"608\" src=\"https:\/\/www.youtube.com\/embed\/wDBY7BGnRpI?feature=oembed\" frameborder=\"0\" allow=\"accelerometer; autoplay; clipboard-write; encrypted-media; gyroscope; picture-in-picture\" allowfullscreen><\/iframe>\n<\/div><\/figure>\n","protected":false},"excerpt":{"rendered":"<p>Muchas veces, el camino es largo; otras veces, escabroso; otras, lleno de cruces de camino. Pero el camino es siembre un medio para llegar a alg\u00fan sitio. Camino hecho cada [&hellip;]<\/p>\n","protected":false},"author":1,"featured_media":622,"comment_status":"open","ping_status":"open","sticky":false,"template":"","format":"standard","meta":{"_acf_changed":false,"_et_pb_use_builder":"off","_et_pb_old_content":"","_et_gb_content_width":"","footnotes":""},"categories":[60],"tags":[],"class_list":["post-1315","post","type-post","status-publish","format-standard","has-post-thumbnail","hentry","category-etxera-es","et-has-post-format-content","et_post_format-et-post-format-standard"],"acf":[],"yoast_head":"<!-- This site is optimized with the Yoast SEO plugin v26.4 - https:\/\/yoast.com\/wordpress\/plugins\/seo\/ -->\n<title>Con la manifestaci\u00f3n celebrada en Donostia finaliza la din\u00e1mica de Gipuzkoa \u00abIbilian-ibilian etxerako bidean\u00bb - Sare Herritarra<\/title>\n<meta name=\"robots\" content=\"index, follow, max-snippet:-1, max-image-preview:large, max-video-preview:-1\" \/>\n<link rel=\"canonical\" href=\"https:\/\/sare.eus\/es\/con-la-manifestacion-celebrada-en-donostia-finaliza-la-dinamica-de-gipuzkoa-ibilian-ibilian-etxerako-bidean\/\" \/>\n<meta property=\"og:locale\" content=\"es_ES\" \/>\n<meta property=\"og:type\" content=\"article\" \/>\n<meta property=\"og:title\" content=\"Con la manifestaci\u00f3n celebrada en Donostia finaliza la din\u00e1mica de Gipuzkoa \u00abIbilian-ibilian etxerako bidean\u00bb - Sare Herritarra\" \/>\n<meta property=\"og:description\" content=\"Muchas veces, el camino es largo; otras veces, escabroso; otras, lleno de cruces de camino. Pero el camino es siembre un medio para llegar a alg\u00fan sitio. Camino hecho cada [&hellip;]\" \/>\n<meta property=\"og:url\" content=\"https:\/\/sare.eus\/es\/con-la-manifestacion-celebrada-en-donostia-finaliza-la-dinamica-de-gipuzkoa-ibilian-ibilian-etxerako-bidean\/\" \/>\n<meta property=\"og:site_name\" content=\"Sare Herritarra\" \/>\n<meta property=\"article:published_time\" content=\"2021-08-21T14:01:39+00:00\" \/>\n<meta property=\"article:modified_time\" content=\"2021-10-20T15:56:12+00:00\" \/>\n<meta property=\"og:image\" content=\"https:\/\/sare.eus\/wp-content\/uploads\/2021\/10\/IMG-20210821-WA0007-uai-516x387-1.jpg\" \/>\n\t<meta property=\"og:image:width\" content=\"516\" \/>\n\t<meta property=\"og:image:height\" content=\"387\" \/>\n\t<meta property=\"og:image:type\" content=\"image\/jpeg\" \/>\n<meta name=\"author\" content=\"admin\" \/>\n<meta name=\"twitter:card\" content=\"summary_large_image\" \/>\n<meta name=\"twitter:label1\" content=\"Escrito por\" \/>\n\t<meta name=\"twitter:data1\" content=\"admin\" \/>\n\t<meta name=\"twitter:label2\" content=\"Tiempo de lectura\" \/>\n\t<meta name=\"twitter:data2\" content=\"7 minutos\" \/>\n<script type=\"application\/ld+json\" class=\"yoast-schema-graph\">{\"@context\":\"https:\/\/schema.org\",\"@graph\":[{\"@type\":\"Article\",\"@id\":\"https:\/\/sare.eus\/es\/con-la-manifestacion-celebrada-en-donostia-finaliza-la-dinamica-de-gipuzkoa-ibilian-ibilian-etxerako-bidean\/#article\",\"isPartOf\":{\"@id\":\"https:\/\/sare.eus\/es\/con-la-manifestacion-celebrada-en-donostia-finaliza-la-dinamica-de-gipuzkoa-ibilian-ibilian-etxerako-bidean\/\"},\"author\":{\"name\":\"admin\",\"@id\":\"https:\/\/sare.eus\/#\/schema\/person\/5a711e7396face0569eb43391127616d\"},\"headline\":\"Con la manifestaci\u00f3n celebrada en Donostia finaliza la din\u00e1mica de Gipuzkoa \u00abIbilian-ibilian etxerako bidean\u00bb\",\"datePublished\":\"2021-08-21T14:01:39+00:00\",\"dateModified\":\"2021-10-20T15:56:12+00:00\",\"mainEntityOfPage\":{\"@id\":\"https:\/\/sare.eus\/es\/con-la-manifestacion-celebrada-en-donostia-finaliza-la-dinamica-de-gipuzkoa-ibilian-ibilian-etxerako-bidean\/\"},\"wordCount\":1353,\"commentCount\":0,\"publisher\":{\"@id\":\"https:\/\/sare.eus\/#organization\"},\"image\":{\"@id\":\"https:\/\/sare.eus\/es\/con-la-manifestacion-celebrada-en-donostia-finaliza-la-dinamica-de-gipuzkoa-ibilian-ibilian-etxerako-bidean\/#primaryimage\"},\"thumbnailUrl\":\"https:\/\/sare.eus\/wp-content\/uploads\/2021\/10\/IMG-20210821-WA0007-uai-516x387-1.jpg\",\"articleSection\":[\"Etxera\"],\"inLanguage\":\"es\",\"potentialAction\":[{\"@type\":\"CommentAction\",\"name\":\"Comment\",\"target\":[\"https:\/\/sare.eus\/es\/con-la-manifestacion-celebrada-en-donostia-finaliza-la-dinamica-de-gipuzkoa-ibilian-ibilian-etxerako-bidean\/#respond\"]}]},{\"@type\":\"WebPage\",\"@id\":\"https:\/\/sare.eus\/es\/con-la-manifestacion-celebrada-en-donostia-finaliza-la-dinamica-de-gipuzkoa-ibilian-ibilian-etxerako-bidean\/\",\"url\":\"https:\/\/sare.eus\/es\/con-la-manifestacion-celebrada-en-donostia-finaliza-la-dinamica-de-gipuzkoa-ibilian-ibilian-etxerako-bidean\/\",\"name\":\"Con la manifestaci\u00f3n celebrada en Donostia finaliza la din\u00e1mica de Gipuzkoa \u00abIbilian-ibilian etxerako bidean\u00bb - Sare Herritarra\",\"isPartOf\":{\"@id\":\"https:\/\/sare.eus\/#website\"},\"primaryImageOfPage\":{\"@id\":\"https:\/\/sare.eus\/es\/con-la-manifestacion-celebrada-en-donostia-finaliza-la-dinamica-de-gipuzkoa-ibilian-ibilian-etxerako-bidean\/#primaryimage\"},\"image\":{\"@id\":\"https:\/\/sare.eus\/es\/con-la-manifestacion-celebrada-en-donostia-finaliza-la-dinamica-de-gipuzkoa-ibilian-ibilian-etxerako-bidean\/#primaryimage\"},\"thumbnailUrl\":\"https:\/\/sare.eus\/wp-content\/uploads\/2021\/10\/IMG-20210821-WA0007-uai-516x387-1.jpg\",\"datePublished\":\"2021-08-21T14:01:39+00:00\",\"dateModified\":\"2021-10-20T15:56:12+00:00\",\"breadcrumb\":{\"@id\":\"https:\/\/sare.eus\/es\/con-la-manifestacion-celebrada-en-donostia-finaliza-la-dinamica-de-gipuzkoa-ibilian-ibilian-etxerako-bidean\/#breadcrumb\"},\"inLanguage\":\"es\",\"potentialAction\":[{\"@type\":\"ReadAction\",\"target\":[\"https:\/\/sare.eus\/es\/con-la-manifestacion-celebrada-en-donostia-finaliza-la-dinamica-de-gipuzkoa-ibilian-ibilian-etxerako-bidean\/\"]}]},{\"@type\":\"ImageObject\",\"inLanguage\":\"es\",\"@id\":\"https:\/\/sare.eus\/es\/con-la-manifestacion-celebrada-en-donostia-finaliza-la-dinamica-de-gipuzkoa-ibilian-ibilian-etxerako-bidean\/#primaryimage\",\"url\":\"https:\/\/sare.eus\/wp-content\/uploads\/2021\/10\/IMG-20210821-WA0007-uai-516x387-1.jpg\",\"contentUrl\":\"https:\/\/sare.eus\/wp-content\/uploads\/2021\/10\/IMG-20210821-WA0007-uai-516x387-1.jpg\",\"width\":516,\"height\":387},{\"@type\":\"BreadcrumbList\",\"@id\":\"https:\/\/sare.eus\/es\/con-la-manifestacion-celebrada-en-donostia-finaliza-la-dinamica-de-gipuzkoa-ibilian-ibilian-etxerako-bidean\/#breadcrumb\",\"itemListElement\":[{\"@type\":\"ListItem\",\"position\":1,\"name\":\"Home\",\"item\":\"https:\/\/sare.eus\/\"},{\"@type\":\"ListItem\",\"position\":2,\"name\":\"Con la manifestaci\u00f3n celebrada en Donostia finaliza la din\u00e1mica de Gipuzkoa \u00abIbilian-ibilian etxerako bidean\u00bb\"}]},{\"@type\":\"WebSite\",\"@id\":\"https:\/\/sare.eus\/#website\",\"url\":\"https:\/\/sare.eus\/\",\"name\":\"Sare Herritarra\",\"description\":\"KONPONBIDEAREN ETA GIZA ESKUBIDEEN ALDEKO SARE HERRITARRA\",\"publisher\":{\"@id\":\"https:\/\/sare.eus\/#organization\"},\"potentialAction\":[{\"@type\":\"SearchAction\",\"target\":{\"@type\":\"EntryPoint\",\"urlTemplate\":\"https:\/\/sare.eus\/?s={search_term_string}\"},\"query-input\":{\"@type\":\"PropertyValueSpecification\",\"valueRequired\":true,\"valueName\":\"search_term_string\"}}],\"inLanguage\":\"es\"},{\"@type\":\"Organization\",\"@id\":\"https:\/\/sare.eus\/#organization\",\"name\":\"Sare Herritarra\",\"url\":\"https:\/\/sare.eus\/\",\"logo\":{\"@type\":\"ImageObject\",\"inLanguage\":\"es\",\"@id\":\"https:\/\/sare.eus\/#\/schema\/logo\/image\/\",\"url\":\"https:\/\/sare.eus\/wp-content\/uploads\/2021\/08\/sare.png\",\"contentUrl\":\"https:\/\/sare.eus\/wp-content\/uploads\/2021\/08\/sare.png\",\"width\":120,\"height\":142,\"caption\":\"Sare Herritarra\"},\"image\":{\"@id\":\"https:\/\/sare.eus\/#\/schema\/logo\/image\/\"}},{\"@type\":\"Person\",\"@id\":\"https:\/\/sare.eus\/#\/schema\/person\/5a711e7396face0569eb43391127616d\",\"name\":\"admin\",\"image\":{\"@type\":\"ImageObject\",\"inLanguage\":\"es\",\"@id\":\"https:\/\/sare.eus\/#\/schema\/person\/image\/\",\"url\":\"https:\/\/secure.gravatar.com\/avatar\/d22a8cc353ba20fa3181b73b7b53a33b5b98923d9a2f9945443604d7359581c4?s=96&d=mm&r=g\",\"contentUrl\":\"https:\/\/secure.gravatar.com\/avatar\/d22a8cc353ba20fa3181b73b7b53a33b5b98923d9a2f9945443604d7359581c4?s=96&d=mm&r=g\",\"caption\":\"admin\"},\"url\":\"https:\/\/sare.eus\/es\/author\/prueba3371_a2783y7n\/\"}]}<\/script>\n<!-- \/ Yoast SEO plugin. -->","yoast_head_json":{"title":"Con la manifestaci\u00f3n celebrada en Donostia finaliza la din\u00e1mica de Gipuzkoa \u00abIbilian-ibilian etxerako bidean\u00bb - Sare Herritarra","robots":{"index":"index","follow":"follow","max-snippet":"max-snippet:-1","max-image-preview":"max-image-preview:large","max-video-preview":"max-video-preview:-1"},"canonical":"https:\/\/sare.eus\/es\/con-la-manifestacion-celebrada-en-donostia-finaliza-la-dinamica-de-gipuzkoa-ibilian-ibilian-etxerako-bidean\/","og_locale":"es_ES","og_type":"article","og_title":"Con la manifestaci\u00f3n celebrada en Donostia finaliza la din\u00e1mica de Gipuzkoa \u00abIbilian-ibilian etxerako bidean\u00bb - Sare Herritarra","og_description":"Muchas veces, el camino es largo; otras veces, escabroso; otras, lleno de cruces de camino. Pero el camino es siembre un medio para llegar a alg\u00fan sitio. Camino hecho cada [&hellip;]","og_url":"https:\/\/sare.eus\/es\/con-la-manifestacion-celebrada-en-donostia-finaliza-la-dinamica-de-gipuzkoa-ibilian-ibilian-etxerako-bidean\/","og_site_name":"Sare Herritarra","article_published_time":"2021-08-21T14:01:39+00:00","article_modified_time":"2021-10-20T15:56:12+00:00","og_image":[{"width":516,"height":387,"url":"https:\/\/sare.eus\/wp-content\/uploads\/2021\/10\/IMG-20210821-WA0007-uai-516x387-1.jpg","type":"image\/jpeg"}],"author":"admin","twitter_card":"summary_large_image","twitter_misc":{"Escrito por":"admin","Tiempo de lectura":"7 minutos"},"schema":{"@context":"https:\/\/schema.org","@graph":[{"@type":"Article","@id":"https:\/\/sare.eus\/es\/con-la-manifestacion-celebrada-en-donostia-finaliza-la-dinamica-de-gipuzkoa-ibilian-ibilian-etxerako-bidean\/#article","isPartOf":{"@id":"https:\/\/sare.eus\/es\/con-la-manifestacion-celebrada-en-donostia-finaliza-la-dinamica-de-gipuzkoa-ibilian-ibilian-etxerako-bidean\/"},"author":{"name":"admin","@id":"https:\/\/sare.eus\/#\/schema\/person\/5a711e7396face0569eb43391127616d"},"headline":"Con la manifestaci\u00f3n celebrada en Donostia finaliza la din\u00e1mica de Gipuzkoa \u00abIbilian-ibilian etxerako bidean\u00bb","datePublished":"2021-08-21T14:01:39+00:00","dateModified":"2021-10-20T15:56:12+00:00","mainEntityOfPage":{"@id":"https:\/\/sare.eus\/es\/con-la-manifestacion-celebrada-en-donostia-finaliza-la-dinamica-de-gipuzkoa-ibilian-ibilian-etxerako-bidean\/"},"wordCount":1353,"commentCount":0,"publisher":{"@id":"https:\/\/sare.eus\/#organization"},"image":{"@id":"https:\/\/sare.eus\/es\/con-la-manifestacion-celebrada-en-donostia-finaliza-la-dinamica-de-gipuzkoa-ibilian-ibilian-etxerako-bidean\/#primaryimage"},"thumbnailUrl":"https:\/\/sare.eus\/wp-content\/uploads\/2021\/10\/IMG-20210821-WA0007-uai-516x387-1.jpg","articleSection":["Etxera"],"inLanguage":"es","potentialAction":[{"@type":"CommentAction","name":"Comment","target":["https:\/\/sare.eus\/es\/con-la-manifestacion-celebrada-en-donostia-finaliza-la-dinamica-de-gipuzkoa-ibilian-ibilian-etxerako-bidean\/#respond"]}]},{"@type":"WebPage","@id":"https:\/\/sare.eus\/es\/con-la-manifestacion-celebrada-en-donostia-finaliza-la-dinamica-de-gipuzkoa-ibilian-ibilian-etxerako-bidean\/","url":"https:\/\/sare.eus\/es\/con-la-manifestacion-celebrada-en-donostia-finaliza-la-dinamica-de-gipuzkoa-ibilian-ibilian-etxerako-bidean\/","name":"Con la manifestaci\u00f3n celebrada en Donostia finaliza la din\u00e1mica de Gipuzkoa \u00abIbilian-ibilian etxerako bidean\u00bb - Sare Herritarra","isPartOf":{"@id":"https:\/\/sare.eus\/#website"},"primaryImageOfPage":{"@id":"https:\/\/sare.eus\/es\/con-la-manifestacion-celebrada-en-donostia-finaliza-la-dinamica-de-gipuzkoa-ibilian-ibilian-etxerako-bidean\/#primaryimage"},"image":{"@id":"https:\/\/sare.eus\/es\/con-la-manifestacion-celebrada-en-donostia-finaliza-la-dinamica-de-gipuzkoa-ibilian-ibilian-etxerako-bidean\/#primaryimage"},"thumbnailUrl":"https:\/\/sare.eus\/wp-content\/uploads\/2021\/10\/IMG-20210821-WA0007-uai-516x387-1.jpg","datePublished":"2021-08-21T14:01:39+00:00","dateModified":"2021-10-20T15:56:12+00:00","breadcrumb":{"@id":"https:\/\/sare.eus\/es\/con-la-manifestacion-celebrada-en-donostia-finaliza-la-dinamica-de-gipuzkoa-ibilian-ibilian-etxerako-bidean\/#breadcrumb"},"inLanguage":"es","potentialAction":[{"@type":"ReadAction","target":["https:\/\/sare.eus\/es\/con-la-manifestacion-celebrada-en-donostia-finaliza-la-dinamica-de-gipuzkoa-ibilian-ibilian-etxerako-bidean\/"]}]},{"@type":"ImageObject","inLanguage":"es","@id":"https:\/\/sare.eus\/es\/con-la-manifestacion-celebrada-en-donostia-finaliza-la-dinamica-de-gipuzkoa-ibilian-ibilian-etxerako-bidean\/#primaryimage","url":"https:\/\/sare.eus\/wp-content\/uploads\/2021\/10\/IMG-20210821-WA0007-uai-516x387-1.jpg","contentUrl":"https:\/\/sare.eus\/wp-content\/uploads\/2021\/10\/IMG-20210821-WA0007-uai-516x387-1.jpg","width":516,"height":387},{"@type":"BreadcrumbList","@id":"https:\/\/sare.eus\/es\/con-la-manifestacion-celebrada-en-donostia-finaliza-la-dinamica-de-gipuzkoa-ibilian-ibilian-etxerako-bidean\/#breadcrumb","itemListElement":[{"@type":"ListItem","position":1,"name":"Home","item":"https:\/\/sare.eus\/"},{"@type":"ListItem","position":2,"name":"Con la manifestaci\u00f3n celebrada en Donostia finaliza la din\u00e1mica de Gipuzkoa \u00abIbilian-ibilian etxerako bidean\u00bb"}]},{"@type":"WebSite","@id":"https:\/\/sare.eus\/#website","url":"https:\/\/sare.eus\/","name":"Sare Herritarra","description":"KONPONBIDEAREN ETA GIZA ESKUBIDEEN ALDEKO SARE HERRITARRA","publisher":{"@id":"https:\/\/sare.eus\/#organization"},"potentialAction":[{"@type":"SearchAction","target":{"@type":"EntryPoint","urlTemplate":"https:\/\/sare.eus\/?s={search_term_string}"},"query-input":{"@type":"PropertyValueSpecification","valueRequired":true,"valueName":"search_term_string"}}],"inLanguage":"es"},{"@type":"Organization","@id":"https:\/\/sare.eus\/#organization","name":"Sare Herritarra","url":"https:\/\/sare.eus\/","logo":{"@type":"ImageObject","inLanguage":"es","@id":"https:\/\/sare.eus\/#\/schema\/logo\/image\/","url":"https:\/\/sare.eus\/wp-content\/uploads\/2021\/08\/sare.png","contentUrl":"https:\/\/sare.eus\/wp-content\/uploads\/2021\/08\/sare.png","width":120,"height":142,"caption":"Sare Herritarra"},"image":{"@id":"https:\/\/sare.eus\/#\/schema\/logo\/image\/"}},{"@type":"Person","@id":"https:\/\/sare.eus\/#\/schema\/person\/5a711e7396face0569eb43391127616d","name":"admin","image":{"@type":"ImageObject","inLanguage":"es","@id":"https:\/\/sare.eus\/#\/schema\/person\/image\/","url":"https:\/\/secure.gravatar.com\/avatar\/d22a8cc353ba20fa3181b73b7b53a33b5b98923d9a2f9945443604d7359581c4?s=96&d=mm&r=g","contentUrl":"https:\/\/secure.gravatar.com\/avatar\/d22a8cc353ba20fa3181b73b7b53a33b5b98923d9a2f9945443604d7359581c4?s=96&d=mm&r=g","caption":"admin"},"url":"https:\/\/sare.eus\/es\/author\/prueba3371_a2783y7n\/"}]}},"_links":{"self":[{"href":"https:\/\/sare.eus\/es\/wp-json\/wp\/v2\/posts\/1315","targetHints":{"allow":["GET"]}}],"collection":[{"href":"https:\/\/sare.eus\/es\/wp-json\/wp\/v2\/posts"}],"about":[{"href":"https:\/\/sare.eus\/es\/wp-json\/wp\/v2\/types\/post"}],"author":[{"embeddable":true,"href":"https:\/\/sare.eus\/es\/wp-json\/wp\/v2\/users\/1"}],"replies":[{"embeddable":true,"href":"https:\/\/sare.eus\/es\/wp-json\/wp\/v2\/comments?post=1315"}],"version-history":[{"count":1,"href":"https:\/\/sare.eus\/es\/wp-json\/wp\/v2\/posts\/1315\/revisions"}],"predecessor-version":[{"id":1316,"href":"https:\/\/sare.eus\/es\/wp-json\/wp\/v2\/posts\/1315\/revisions\/1316"}],"wp:featuredmedia":[{"embeddable":true,"href":"https:\/\/sare.eus\/es\/wp-json\/wp\/v2\/media\/622"}],"wp:attachment":[{"href":"https:\/\/sare.eus\/es\/wp-json\/wp\/v2\/media?parent=1315"}],"wp:term":[{"taxonomy":"category","embeddable":true,"href":"https:\/\/sare.eus\/es\/wp-json\/wp\/v2\/categories?post=1315"},{"taxonomy":"post_tag","embeddable":true,"href":"https:\/\/sare.eus\/es\/wp-json\/wp\/v2\/tags?post=1315"}],"curies":[{"name":"wp","href":"https:\/\/api.w.org\/{rel}","templated":true}]}}