{"id":1312,"date":"2021-08-27T13:53:46","date_gmt":"2021-08-27T13:53:46","guid":{"rendered":"http:\/\/650tontor.sare.eus\/denuncian-y-piden-la-derogacion-de-la-legislacion-de-excepcion-en-la-manifestacion-celebrada-en-bilbao\/"},"modified":"2021-10-20T15:56:58","modified_gmt":"2021-10-20T15:56:58","slug":"denuncian-y-piden-la-derogacion-de-la-legislacion-de-excepcion-en-la-manifestacion-celebrada-en-bilbao","status":"publish","type":"post","link":"https:\/\/sare.eus\/es\/denuncian-y-piden-la-derogacion-de-la-legislacion-de-excepcion-en-la-manifestacion-celebrada-en-bilbao\/","title":{"rendered":"Denuncian y piden la derogaci\u00f3n de la legislaci\u00f3n de excepci\u00f3n en la manifestaci\u00f3n celebrada en Bilbao"},"content":{"rendered":"<p><strong>MANIFESTACI\u00d3N BILBAO \u2013 LECTURA COMPARSAS<\/strong><\/p>\n<p>Una vez m\u00e1s, a causa de la Covid-19, las bilba\u00ednas y los bilba\u00ednos no podemos celebrar la Aste Nagusia como quisi\u00e9ramos. Esta pandemia ha ensombrecido la alegr\u00eda y la felicidad que nos trae Mari Jaia, pero no las ha apagado. Lo hemos visto estos d\u00edas, y este acto de hoy tambi\u00e9n es un ejemplo de ello.<\/p>\n<p>Las personas que conformamos las comparsas hemos trabajando para llenar de iniciativa y de color, para que las bilba\u00ednas y los bilba\u00ednos y toda la gente disfrutara de estas fechas especiales de alguna manera. Y, hoy, como en a\u00f1os anteriores, hemos querido recordar los derechos de las personas que no pueden estar hoy aqu\u00ed.<\/p>\n<p>Porque la situaci\u00f3n de las personas presas, refugiadas y deportadas vascas sigue siendo inusual, al igual que la Aste Nagusia de este a\u00f1o. Las y los miembros de las comparsas hemos querido denunciar esta situaci\u00f3n porque creemos que es el momento de ponerle fin. Para ello es imprescindible la activaci\u00f3n de la ciudadan\u00eda; el compromiso y la solidaridad de cada persona es un impulso hacia el cambio de esta situaci\u00f3n.<\/p>\n<p>Las personas que conformamos las comparsas hemos querido salir hoy a la calle para reivindicar el fin de la pol\u00edtica de excepci\u00f3n que a\u00fan sigue afectando a los presos y a las presas vascas. Esta legislaci\u00f3n de excepci\u00f3n es la que mantiene a\u00fan la vulneraci\u00f3n de derechos b\u00e1sicos de las personas presas y supone un bloqueo para el proceso de regreso a casa que todos los presos y todas las presas deben llevar a cabo. Es por ello que animamos a la ciudadan\u00eda a seguir dando pasos para acabar con esta situaci\u00f3n, ya que, somos nosotros y nosotras, la ciudadan\u00eda, el impulso para el cambio.<\/p>\n<p>Muchas gracias a todas y todos por estar hoy aqu\u00ed con nosotras y con nosotros. \u00a1Sigamos haciendo camino!<\/p>\n<p><strong>MANIFESTACI\u00d3N BILBAO \u2013 LECTURA SARE<\/strong><\/p>\n<p>En primer lugar, muchas gracias a todas y a todos por estar hoy aqu\u00ed con nosotras y con nosotros. Por otro lado, muchas gracias por el compromiso que hab\u00e9is demostrado todos estos a\u00f1os, por vuestra solidaridad y vuestra activaci\u00f3n. Sin vosotras y vosotros no hubi\u00e9ramos llegado hasta aqu\u00ed. Con cada peque\u00f1a iniciativa y acci\u00f3n, gracias a cada persona que ha salido a la calle, gracias a las din\u00e1micas generadas en los barrios y pueblos en los que nos hemos organizado, estamos demostrando que somos el motor del cambio, el motor para avanzar en la convivencia y lograr la paz.<\/p>\n<p>El a\u00f1o 2021 est\u00e1 siendo un a\u00f1o diferente. La situaci\u00f3n generada por la pandemia mundial surgida hace un a\u00f1o nos ha generado grandes cambios en nuestras vidas, s\u00ed, pero tenemos que decir que los cambios que se han dado en cuanto a los presos y a las presas vascas tambi\u00e9n han supuesto un rayo de luz a lo largo de este dif\u00edcil a\u00f1o<\/p>\n<p>Despu\u00e9s de largas d\u00e9cadas, se han dado pasos significativos para poner fin a la pol\u00edtica de alejamiento, lo que est\u00e1 siendo fundamental sobre todo para aligerar la carga de los familiares y amigos. Adem\u00e1s, es un primer paso importante para poder avanzar en el camino de vuelta a casa que deben recorrer las presas y los presos vascos. Pero no es suficiente. Por un lado, porque la mayor\u00eda de las presas y de los presos sigue en c\u00e1rceles situadas fuera de Euskal Herria, y, por otro lado, porque la aplicaci\u00f3n normalizada de la progresi\u00f3n de grado a todas las presas y a todos los presos es un instrumento imprescindible para desarrollar ese proceso. Pero, si no se pone fin a la legislaci\u00f3n de excepci\u00f3n, no se va a dar esa normalizaci\u00f3n, es decir, la aplicaci\u00f3n de la legislaci\u00f3n ordinaria.<\/p>\n<p>Por ello, debemos seguir moviliz\u00e1ndonos para seguir avanzando en ese camino abierto por esta nueva situaci\u00f3n, para que desaparezca la legislaci\u00f3n de excepci\u00f3n y se aplique la progresi\u00f3n de grado. Hoy nos hemos juntado en Bilbao, recogiendo el testigo de las movilizaciones que se han llevado a cabo a lo largo del verano en Iru\u00f1a, Gasteiz y Donostia. Hemos organizado muchas movilizaciones bajo el lema Ibilian-Ibilian etxerako bidea, y seguiremos haci\u00e9ndolo durante los dos pr\u00f3ximos meses. Por un lado, con las marchas que vamos a llevar a cabo en cada herrialde,  y por otro, con la manifestaci\u00f3n general que vamos a llevar a cabo en Donostia, el 23 de octubre.<\/strong><\/p>\n<p>Seguiremos en marcha, caminando hacia el regreso a casa de todos y todas, caminando hacia la convivencia y la paz.\n<\/p>\n<p>Sigamos haciendo camino, el camino a casa.<\/p>\n\n<figure class=\"wp-block-embed is-type-video is-provider-youtube wp-block-embed-youtube wp-embed-aspect-16-9 wp-has-aspect-ratio\">\r\n<div class=\"wp-block-embed__wrapper\">https:\/\/www.youtube.com\/watch?v=kFPwsrw8PLw<\/div>\r\n<\/figure>\n","protected":false},"excerpt":{"rendered":"<p>MANIFESTACI\u00d3N BILBAO \u2013 LECTURA COMPARSAS Una vez m\u00e1s, a causa de la Covid-19, las bilba\u00ednas y los bilba\u00ednos no podemos celebrar la Aste Nagusia como quisi\u00e9ramos. Esta pandemia ha ensombrecido [&hellip;]<\/p>\n","protected":false},"author":1,"featured_media":634,"comment_status":"open","ping_status":"open","sticky":false,"template":"","format":"standard","meta":{"_acf_changed":false,"_et_pb_use_builder":"off","_et_pb_old_content":"","_et_gb_content_width":"","footnotes":""},"categories":[60],"tags":[],"class_list":["post-1312","post","type-post","status-publish","format-standard","has-post-thumbnail","hentry","category-etxera-es","et-has-post-format-content","et_post_format-et-post-format-standard"],"acf":[],"yoast_head":"<!-- This site is optimized with the Yoast SEO plugin v26.4 - https:\/\/yoast.com\/wordpress\/plugins\/seo\/ -->\n<title>Denuncian y piden la derogaci\u00f3n de la legislaci\u00f3n de excepci\u00f3n en la manifestaci\u00f3n celebrada en Bilbao - Sare Herritarra<\/title>\n<meta name=\"robots\" content=\"index, follow, max-snippet:-1, max-image-preview:large, max-video-preview:-1\" \/>\n<link rel=\"canonical\" href=\"https:\/\/sare.eus\/es\/denuncian-y-piden-la-derogacion-de-la-legislacion-de-excepcion-en-la-manifestacion-celebrada-en-bilbao\/\" \/>\n<meta property=\"og:locale\" content=\"es_ES\" \/>\n<meta property=\"og:type\" content=\"article\" \/>\n<meta property=\"og:title\" content=\"Denuncian y piden la derogaci\u00f3n de la legislaci\u00f3n de excepci\u00f3n en la manifestaci\u00f3n celebrada en Bilbao - Sare Herritarra\" \/>\n<meta property=\"og:description\" content=\"MANIFESTACI\u00d3N BILBAO \u2013 LECTURA COMPARSAS Una vez m\u00e1s, a causa de la Covid-19, las bilba\u00ednas y los bilba\u00ednos no podemos celebrar la Aste Nagusia como quisi\u00e9ramos. Esta pandemia ha ensombrecido [&hellip;]\" \/>\n<meta property=\"og:url\" content=\"https:\/\/sare.eus\/es\/denuncian-y-piden-la-derogacion-de-la-legislacion-de-excepcion-en-la-manifestacion-celebrada-en-bilbao\/\" \/>\n<meta property=\"og:site_name\" content=\"Sare Herritarra\" \/>\n<meta property=\"article:published_time\" content=\"2021-08-27T13:53:46+00:00\" \/>\n<meta property=\"article:modified_time\" content=\"2021-10-20T15:56:58+00:00\" \/>\n<meta property=\"og:image\" content=\"https:\/\/sare.eus\/wp-content\/uploads\/2021\/10\/PicsArt_08-27-08.54.10.jpg\" \/>\n\t<meta property=\"og:image:width\" content=\"900\" \/>\n\t<meta property=\"og:image:height\" content=\"506\" \/>\n\t<meta property=\"og:image:type\" content=\"image\/jpeg\" \/>\n<meta name=\"author\" content=\"admin\" \/>\n<meta name=\"twitter:card\" content=\"summary_large_image\" \/>\n<meta name=\"twitter:label1\" content=\"Escrito por\" \/>\n\t<meta name=\"twitter:data1\" content=\"admin\" \/>\n\t<meta name=\"twitter:label2\" content=\"Tiempo de lectura\" \/>\n\t<meta name=\"twitter:data2\" content=\"4 minutos\" \/>\n<script type=\"application\/ld+json\" class=\"yoast-schema-graph\">{\"@context\":\"https:\/\/schema.org\",\"@graph\":[{\"@type\":\"Article\",\"@id\":\"https:\/\/sare.eus\/es\/denuncian-y-piden-la-derogacion-de-la-legislacion-de-excepcion-en-la-manifestacion-celebrada-en-bilbao\/#article\",\"isPartOf\":{\"@id\":\"https:\/\/sare.eus\/es\/denuncian-y-piden-la-derogacion-de-la-legislacion-de-excepcion-en-la-manifestacion-celebrada-en-bilbao\/\"},\"author\":{\"name\":\"admin\",\"@id\":\"https:\/\/sare.eus\/#\/schema\/person\/5a711e7396face0569eb43391127616d\"},\"headline\":\"Denuncian y piden la derogaci\u00f3n de la legislaci\u00f3n de excepci\u00f3n en la manifestaci\u00f3n celebrada en Bilbao\",\"datePublished\":\"2021-08-27T13:53:46+00:00\",\"dateModified\":\"2021-10-20T15:56:58+00:00\",\"mainEntityOfPage\":{\"@id\":\"https:\/\/sare.eus\/es\/denuncian-y-piden-la-derogacion-de-la-legislacion-de-excepcion-en-la-manifestacion-celebrada-en-bilbao\/\"},\"wordCount\":840,\"commentCount\":0,\"publisher\":{\"@id\":\"https:\/\/sare.eus\/#organization\"},\"image\":{\"@id\":\"https:\/\/sare.eus\/es\/denuncian-y-piden-la-derogacion-de-la-legislacion-de-excepcion-en-la-manifestacion-celebrada-en-bilbao\/#primaryimage\"},\"thumbnailUrl\":\"https:\/\/sare.eus\/wp-content\/uploads\/2021\/10\/PicsArt_08-27-08.54.10.jpg\",\"articleSection\":[\"Etxera\"],\"inLanguage\":\"es\",\"potentialAction\":[{\"@type\":\"CommentAction\",\"name\":\"Comment\",\"target\":[\"https:\/\/sare.eus\/es\/denuncian-y-piden-la-derogacion-de-la-legislacion-de-excepcion-en-la-manifestacion-celebrada-en-bilbao\/#respond\"]}]},{\"@type\":\"WebPage\",\"@id\":\"https:\/\/sare.eus\/es\/denuncian-y-piden-la-derogacion-de-la-legislacion-de-excepcion-en-la-manifestacion-celebrada-en-bilbao\/\",\"url\":\"https:\/\/sare.eus\/es\/denuncian-y-piden-la-derogacion-de-la-legislacion-de-excepcion-en-la-manifestacion-celebrada-en-bilbao\/\",\"name\":\"Denuncian y piden la derogaci\u00f3n de la legislaci\u00f3n de excepci\u00f3n en la manifestaci\u00f3n celebrada en Bilbao - Sare Herritarra\",\"isPartOf\":{\"@id\":\"https:\/\/sare.eus\/#website\"},\"primaryImageOfPage\":{\"@id\":\"https:\/\/sare.eus\/es\/denuncian-y-piden-la-derogacion-de-la-legislacion-de-excepcion-en-la-manifestacion-celebrada-en-bilbao\/#primaryimage\"},\"image\":{\"@id\":\"https:\/\/sare.eus\/es\/denuncian-y-piden-la-derogacion-de-la-legislacion-de-excepcion-en-la-manifestacion-celebrada-en-bilbao\/#primaryimage\"},\"thumbnailUrl\":\"https:\/\/sare.eus\/wp-content\/uploads\/2021\/10\/PicsArt_08-27-08.54.10.jpg\",\"datePublished\":\"2021-08-27T13:53:46+00:00\",\"dateModified\":\"2021-10-20T15:56:58+00:00\",\"breadcrumb\":{\"@id\":\"https:\/\/sare.eus\/es\/denuncian-y-piden-la-derogacion-de-la-legislacion-de-excepcion-en-la-manifestacion-celebrada-en-bilbao\/#breadcrumb\"},\"inLanguage\":\"es\",\"potentialAction\":[{\"@type\":\"ReadAction\",\"target\":[\"https:\/\/sare.eus\/es\/denuncian-y-piden-la-derogacion-de-la-legislacion-de-excepcion-en-la-manifestacion-celebrada-en-bilbao\/\"]}]},{\"@type\":\"ImageObject\",\"inLanguage\":\"es\",\"@id\":\"https:\/\/sare.eus\/es\/denuncian-y-piden-la-derogacion-de-la-legislacion-de-excepcion-en-la-manifestacion-celebrada-en-bilbao\/#primaryimage\",\"url\":\"https:\/\/sare.eus\/wp-content\/uploads\/2021\/10\/PicsArt_08-27-08.54.10.jpg\",\"contentUrl\":\"https:\/\/sare.eus\/wp-content\/uploads\/2021\/10\/PicsArt_08-27-08.54.10.jpg\",\"width\":900,\"height\":506},{\"@type\":\"BreadcrumbList\",\"@id\":\"https:\/\/sare.eus\/es\/denuncian-y-piden-la-derogacion-de-la-legislacion-de-excepcion-en-la-manifestacion-celebrada-en-bilbao\/#breadcrumb\",\"itemListElement\":[{\"@type\":\"ListItem\",\"position\":1,\"name\":\"Home\",\"item\":\"https:\/\/sare.eus\/\"},{\"@type\":\"ListItem\",\"position\":2,\"name\":\"Denuncian y piden la derogaci\u00f3n de la legislaci\u00f3n de excepci\u00f3n en la manifestaci\u00f3n celebrada en Bilbao\"}]},{\"@type\":\"WebSite\",\"@id\":\"https:\/\/sare.eus\/#website\",\"url\":\"https:\/\/sare.eus\/\",\"name\":\"Sare Herritarra\",\"description\":\"KONPONBIDEAREN ETA GIZA ESKUBIDEEN ALDEKO SARE HERRITARRA\",\"publisher\":{\"@id\":\"https:\/\/sare.eus\/#organization\"},\"potentialAction\":[{\"@type\":\"SearchAction\",\"target\":{\"@type\":\"EntryPoint\",\"urlTemplate\":\"https:\/\/sare.eus\/?s={search_term_string}\"},\"query-input\":{\"@type\":\"PropertyValueSpecification\",\"valueRequired\":true,\"valueName\":\"search_term_string\"}}],\"inLanguage\":\"es\"},{\"@type\":\"Organization\",\"@id\":\"https:\/\/sare.eus\/#organization\",\"name\":\"Sare Herritarra\",\"url\":\"https:\/\/sare.eus\/\",\"logo\":{\"@type\":\"ImageObject\",\"inLanguage\":\"es\",\"@id\":\"https:\/\/sare.eus\/#\/schema\/logo\/image\/\",\"url\":\"https:\/\/sare.eus\/wp-content\/uploads\/2021\/08\/sare.png\",\"contentUrl\":\"https:\/\/sare.eus\/wp-content\/uploads\/2021\/08\/sare.png\",\"width\":120,\"height\":142,\"caption\":\"Sare Herritarra\"},\"image\":{\"@id\":\"https:\/\/sare.eus\/#\/schema\/logo\/image\/\"}},{\"@type\":\"Person\",\"@id\":\"https:\/\/sare.eus\/#\/schema\/person\/5a711e7396face0569eb43391127616d\",\"name\":\"admin\",\"image\":{\"@type\":\"ImageObject\",\"inLanguage\":\"es\",\"@id\":\"https:\/\/sare.eus\/#\/schema\/person\/image\/\",\"url\":\"https:\/\/secure.gravatar.com\/avatar\/d22a8cc353ba20fa3181b73b7b53a33b5b98923d9a2f9945443604d7359581c4?s=96&d=mm&r=g\",\"contentUrl\":\"https:\/\/secure.gravatar.com\/avatar\/d22a8cc353ba20fa3181b73b7b53a33b5b98923d9a2f9945443604d7359581c4?s=96&d=mm&r=g\",\"caption\":\"admin\"},\"url\":\"https:\/\/sare.eus\/es\/author\/prueba3371_a2783y7n\/\"}]}<\/script>\n<!-- \/ Yoast SEO plugin. -->","yoast_head_json":{"title":"Denuncian y piden la derogaci\u00f3n de la legislaci\u00f3n de excepci\u00f3n en la manifestaci\u00f3n celebrada en Bilbao - Sare Herritarra","robots":{"index":"index","follow":"follow","max-snippet":"max-snippet:-1","max-image-preview":"max-image-preview:large","max-video-preview":"max-video-preview:-1"},"canonical":"https:\/\/sare.eus\/es\/denuncian-y-piden-la-derogacion-de-la-legislacion-de-excepcion-en-la-manifestacion-celebrada-en-bilbao\/","og_locale":"es_ES","og_type":"article","og_title":"Denuncian y piden la derogaci\u00f3n de la legislaci\u00f3n de excepci\u00f3n en la manifestaci\u00f3n celebrada en Bilbao - Sare Herritarra","og_description":"MANIFESTACI\u00d3N BILBAO \u2013 LECTURA COMPARSAS Una vez m\u00e1s, a causa de la Covid-19, las bilba\u00ednas y los bilba\u00ednos no podemos celebrar la Aste Nagusia como quisi\u00e9ramos. Esta pandemia ha ensombrecido [&hellip;]","og_url":"https:\/\/sare.eus\/es\/denuncian-y-piden-la-derogacion-de-la-legislacion-de-excepcion-en-la-manifestacion-celebrada-en-bilbao\/","og_site_name":"Sare Herritarra","article_published_time":"2021-08-27T13:53:46+00:00","article_modified_time":"2021-10-20T15:56:58+00:00","og_image":[{"width":900,"height":506,"url":"https:\/\/sare.eus\/wp-content\/uploads\/2021\/10\/PicsArt_08-27-08.54.10.jpg","type":"image\/jpeg"}],"author":"admin","twitter_card":"summary_large_image","twitter_misc":{"Escrito por":"admin","Tiempo de lectura":"4 minutos"},"schema":{"@context":"https:\/\/schema.org","@graph":[{"@type":"Article","@id":"https:\/\/sare.eus\/es\/denuncian-y-piden-la-derogacion-de-la-legislacion-de-excepcion-en-la-manifestacion-celebrada-en-bilbao\/#article","isPartOf":{"@id":"https:\/\/sare.eus\/es\/denuncian-y-piden-la-derogacion-de-la-legislacion-de-excepcion-en-la-manifestacion-celebrada-en-bilbao\/"},"author":{"name":"admin","@id":"https:\/\/sare.eus\/#\/schema\/person\/5a711e7396face0569eb43391127616d"},"headline":"Denuncian y piden la derogaci\u00f3n de la legislaci\u00f3n de excepci\u00f3n en la manifestaci\u00f3n celebrada en Bilbao","datePublished":"2021-08-27T13:53:46+00:00","dateModified":"2021-10-20T15:56:58+00:00","mainEntityOfPage":{"@id":"https:\/\/sare.eus\/es\/denuncian-y-piden-la-derogacion-de-la-legislacion-de-excepcion-en-la-manifestacion-celebrada-en-bilbao\/"},"wordCount":840,"commentCount":0,"publisher":{"@id":"https:\/\/sare.eus\/#organization"},"image":{"@id":"https:\/\/sare.eus\/es\/denuncian-y-piden-la-derogacion-de-la-legislacion-de-excepcion-en-la-manifestacion-celebrada-en-bilbao\/#primaryimage"},"thumbnailUrl":"https:\/\/sare.eus\/wp-content\/uploads\/2021\/10\/PicsArt_08-27-08.54.10.jpg","articleSection":["Etxera"],"inLanguage":"es","potentialAction":[{"@type":"CommentAction","name":"Comment","target":["https:\/\/sare.eus\/es\/denuncian-y-piden-la-derogacion-de-la-legislacion-de-excepcion-en-la-manifestacion-celebrada-en-bilbao\/#respond"]}]},{"@type":"WebPage","@id":"https:\/\/sare.eus\/es\/denuncian-y-piden-la-derogacion-de-la-legislacion-de-excepcion-en-la-manifestacion-celebrada-en-bilbao\/","url":"https:\/\/sare.eus\/es\/denuncian-y-piden-la-derogacion-de-la-legislacion-de-excepcion-en-la-manifestacion-celebrada-en-bilbao\/","name":"Denuncian y piden la derogaci\u00f3n de la legislaci\u00f3n de excepci\u00f3n en la manifestaci\u00f3n celebrada en Bilbao - Sare Herritarra","isPartOf":{"@id":"https:\/\/sare.eus\/#website"},"primaryImageOfPage":{"@id":"https:\/\/sare.eus\/es\/denuncian-y-piden-la-derogacion-de-la-legislacion-de-excepcion-en-la-manifestacion-celebrada-en-bilbao\/#primaryimage"},"image":{"@id":"https:\/\/sare.eus\/es\/denuncian-y-piden-la-derogacion-de-la-legislacion-de-excepcion-en-la-manifestacion-celebrada-en-bilbao\/#primaryimage"},"thumbnailUrl":"https:\/\/sare.eus\/wp-content\/uploads\/2021\/10\/PicsArt_08-27-08.54.10.jpg","datePublished":"2021-08-27T13:53:46+00:00","dateModified":"2021-10-20T15:56:58+00:00","breadcrumb":{"@id":"https:\/\/sare.eus\/es\/denuncian-y-piden-la-derogacion-de-la-legislacion-de-excepcion-en-la-manifestacion-celebrada-en-bilbao\/#breadcrumb"},"inLanguage":"es","potentialAction":[{"@type":"ReadAction","target":["https:\/\/sare.eus\/es\/denuncian-y-piden-la-derogacion-de-la-legislacion-de-excepcion-en-la-manifestacion-celebrada-en-bilbao\/"]}]},{"@type":"ImageObject","inLanguage":"es","@id":"https:\/\/sare.eus\/es\/denuncian-y-piden-la-derogacion-de-la-legislacion-de-excepcion-en-la-manifestacion-celebrada-en-bilbao\/#primaryimage","url":"https:\/\/sare.eus\/wp-content\/uploads\/2021\/10\/PicsArt_08-27-08.54.10.jpg","contentUrl":"https:\/\/sare.eus\/wp-content\/uploads\/2021\/10\/PicsArt_08-27-08.54.10.jpg","width":900,"height":506},{"@type":"BreadcrumbList","@id":"https:\/\/sare.eus\/es\/denuncian-y-piden-la-derogacion-de-la-legislacion-de-excepcion-en-la-manifestacion-celebrada-en-bilbao\/#breadcrumb","itemListElement":[{"@type":"ListItem","position":1,"name":"Home","item":"https:\/\/sare.eus\/"},{"@type":"ListItem","position":2,"name":"Denuncian y piden la derogaci\u00f3n de la legislaci\u00f3n de excepci\u00f3n en la manifestaci\u00f3n celebrada en Bilbao"}]},{"@type":"WebSite","@id":"https:\/\/sare.eus\/#website","url":"https:\/\/sare.eus\/","name":"Sare Herritarra","description":"KONPONBIDEAREN ETA GIZA ESKUBIDEEN ALDEKO SARE HERRITARRA","publisher":{"@id":"https:\/\/sare.eus\/#organization"},"potentialAction":[{"@type":"SearchAction","target":{"@type":"EntryPoint","urlTemplate":"https:\/\/sare.eus\/?s={search_term_string}"},"query-input":{"@type":"PropertyValueSpecification","valueRequired":true,"valueName":"search_term_string"}}],"inLanguage":"es"},{"@type":"Organization","@id":"https:\/\/sare.eus\/#organization","name":"Sare Herritarra","url":"https:\/\/sare.eus\/","logo":{"@type":"ImageObject","inLanguage":"es","@id":"https:\/\/sare.eus\/#\/schema\/logo\/image\/","url":"https:\/\/sare.eus\/wp-content\/uploads\/2021\/08\/sare.png","contentUrl":"https:\/\/sare.eus\/wp-content\/uploads\/2021\/08\/sare.png","width":120,"height":142,"caption":"Sare Herritarra"},"image":{"@id":"https:\/\/sare.eus\/#\/schema\/logo\/image\/"}},{"@type":"Person","@id":"https:\/\/sare.eus\/#\/schema\/person\/5a711e7396face0569eb43391127616d","name":"admin","image":{"@type":"ImageObject","inLanguage":"es","@id":"https:\/\/sare.eus\/#\/schema\/person\/image\/","url":"https:\/\/secure.gravatar.com\/avatar\/d22a8cc353ba20fa3181b73b7b53a33b5b98923d9a2f9945443604d7359581c4?s=96&d=mm&r=g","contentUrl":"https:\/\/secure.gravatar.com\/avatar\/d22a8cc353ba20fa3181b73b7b53a33b5b98923d9a2f9945443604d7359581c4?s=96&d=mm&r=g","caption":"admin"},"url":"https:\/\/sare.eus\/es\/author\/prueba3371_a2783y7n\/"}]}},"_links":{"self":[{"href":"https:\/\/sare.eus\/es\/wp-json\/wp\/v2\/posts\/1312","targetHints":{"allow":["GET"]}}],"collection":[{"href":"https:\/\/sare.eus\/es\/wp-json\/wp\/v2\/posts"}],"about":[{"href":"https:\/\/sare.eus\/es\/wp-json\/wp\/v2\/types\/post"}],"author":[{"embeddable":true,"href":"https:\/\/sare.eus\/es\/wp-json\/wp\/v2\/users\/1"}],"replies":[{"embeddable":true,"href":"https:\/\/sare.eus\/es\/wp-json\/wp\/v2\/comments?post=1312"}],"version-history":[{"count":1,"href":"https:\/\/sare.eus\/es\/wp-json\/wp\/v2\/posts\/1312\/revisions"}],"predecessor-version":[{"id":1313,"href":"https:\/\/sare.eus\/es\/wp-json\/wp\/v2\/posts\/1312\/revisions\/1313"}],"wp:featuredmedia":[{"embeddable":true,"href":"https:\/\/sare.eus\/es\/wp-json\/wp\/v2\/media\/634"}],"wp:attachment":[{"href":"https:\/\/sare.eus\/es\/wp-json\/wp\/v2\/media?parent=1312"}],"wp:term":[{"taxonomy":"category","embeddable":true,"href":"https:\/\/sare.eus\/es\/wp-json\/wp\/v2\/categories?post=1312"},{"taxonomy":"post_tag","embeddable":true,"href":"https:\/\/sare.eus\/es\/wp-json\/wp\/v2\/tags?post=1312"}],"curies":[{"name":"wp","href":"https:\/\/api.w.org\/{rel}","templated":true}]}}