{"id":1309,"date":"2021-09-04T13:46:02","date_gmt":"2021-09-04T13:46:02","guid":{"rendered":"http:\/\/650tontor.sare.eus\/?p=1309"},"modified":"2021-10-20T15:57:23","modified_gmt":"2021-10-20T15:57:23","slug":"la-red-ciudadana-sare-presenta-una-marcha-a-pie-350km-que-recorrera-ininterrumpidamente-toda-la-geografia-navarra-del-29-de-septiembre-al-2-de-octubre","status":"publish","type":"post","link":"https:\/\/sare.eus\/es\/la-red-ciudadana-sare-presenta-una-marcha-a-pie-350km-que-recorrera-ininterrumpidamente-toda-la-geografia-navarra-del-29-de-septiembre-al-2-de-octubre\/","title":{"rendered":"LA RED CIUDADANA SARE presenta una marcha a pie (350km), que recorrera ininterrumpidamente toda la geografia NAVARRA del 29 de septiembre al 2 de octubre."},"content":{"rendered":"<p><strong>EL PROCESO DE VUELTA, EL CAMINO A CASA.<\/strong>\u00a0Ese es nuestro objetivo. Ese es nuestro camino. Camino a casa de presos y presas, refugiados y refugiadas, deportados y deportadas vascas. El proceso de vuelta a casa es un paso necesario para dejar atr\u00e1s a\u00f1os de sufrimiento y contribuir a la convivencia y la paz.<\/p>\n<p>La situaci\u00f3n de los presos vascos est\u00e1 cambiando poco a poco. Hemos tardado m\u00e1s de tres d\u00e9cadas. La nueva situaci\u00f3n se ha conseguido gracias al esfuerzo de muchas personas: ciudadanos, partidos pol\u00edticos, sindicatos, diversos agentes sociales, instituciones y por supuesto, miembros del Colectivo de Presos Pol\u00edticos Vascos y el esfuerzo de varias v\u00edctimas.<\/p>\n<p><img loading=\"lazy\" decoding=\"async\" class=\"size-medium wp-image-638 alignleft\" src=\"https:\/\/sare.eus\/wp-content\/uploads\/2021\/10\/web_nafarroako-itzulia-ordutegiak-72ordu_ordutegiak-727x1024-1-213x300.jpg\" alt=\"\" width=\"213\" height=\"300\" srcset=\"https:\/\/sare.eus\/wp-content\/uploads\/2021\/10\/web_nafarroako-itzulia-ordutegiak-72ordu_ordutegiak-727x1024-1-213x300.jpg 213w, https:\/\/sare.eus\/wp-content\/uploads\/2021\/10\/web_nafarroako-itzulia-ordutegiak-72ordu_ordutegiak-727x1024-1.jpg 639w\" sizes=\"(max-width: 213px) 100vw, 213px\" \/>A\u00fan as\u00ed no hemos conseguido acabar con el sufrimiento. Utilizaron la ley para negar derechos, hicieron la interpretaci\u00f3n m\u00e1s inhumana de la ley para poner en marcha y encauzar la inhumana pol\u00edtica penitenciaria. Queremos dejar atr\u00e1s los tiempos en los que la ley se utilizaba para vulnerar derechos. Dejar atr\u00e1s porque queremos avanzar, para poder avanzar, pero \u00bfhasta d\u00f3nde? Hasta tener a los presos\/as en casa. Y para eso, de una vez por todas, tenemos que ponerlos camino a casa.<\/p>\n<p>Por tanto, estamos diciendo que vamos a acabar con la pol\u00edtica penitenciaria de excepci\u00f3n que ha estado vigente durante a\u00f1os. Que estamos en el camino de acabar con esa pol\u00edtica de excepci\u00f3n transgresora, que han perpetuado a lo largo de los a\u00f1os, y de acabar con lo que ha endurecido las eternas estancias en prisi\u00f3n y los a\u00f1os de sufrimiento para familiares y amigos, y que tenemos que acabar definitivamente para poner camino a casa a cada uno de los ciudadanos\/as que estan en prisi\u00f3n.<\/p>\n<p>Tenemos que caminar tambi\u00e9n de aqu\u00ed en adelante. Teniendo claro que todav\u00eda nos queda mucho camino por recorrer.<\/p>\n<p>En Navarra queremos afrontar con fuerza esta segunda fase y hoy nos reunimos en Lesaka para presentar una iniciativa significativa.\u00a0<strong>Del 29 de septiembre al 2 de octubre, de Lesaka a Berriozar, una marcha itinerante que recorrer\u00e1 d\u00eda y noche toda Nafarroa ser\u00e1 el nuevo reto para reivindicar la vuelta a casa de presos y presas. En total 74 relevos, 72 horas sin descanso, 352km paso a paso, haciendo camino.<\/strong><\/p>\n<p>Por lo tanto, queremos invitar a la sociedad navarra a participar en esta iniciativa, trabajando y apoyando la iniciativa pueblo a pueblo, barrio a barrio. Como ya se ha comentado, el 29 de septiembre, el mi\u00e9rcoles por la tarde partir\u00e1 de Lesaka y el 2 de octubre, por la tarde, finalizar\u00e1 con una movilizaci\u00f3n de Herrialde en Berriozar.<\/p>\n<p>Recorramos el camino de vuelta a casa. Ese camino lo tenemos que recorrer entre todos\/as, caminando, ibilian-ibilian. \u00a1Hagamos juntos el camino a casa de los presos\/as, exiliados\/as y deportados\/as!<\/p>\n","protected":false},"excerpt":{"rendered":"<p>EL PROCESO DE VUELTA, EL CAMINO A CASA.\u00a0Ese es nuestro objetivo. Ese es nuestro camino. Camino a casa de presos y presas, refugiados y refugiadas, deportados y deportadas vascas. El [&hellip;]<\/p>\n","protected":false},"author":1,"featured_media":642,"comment_status":"open","ping_status":"open","sticky":false,"template":"","format":"standard","meta":{"_acf_changed":false,"_et_pb_use_builder":"off","_et_pb_old_content":"","_et_gb_content_width":"","footnotes":""},"categories":[60],"tags":[],"class_list":["post-1309","post","type-post","status-publish","format-standard","has-post-thumbnail","hentry","category-etxera-es","et-has-post-format-content","et_post_format-et-post-format-standard"],"acf":[],"yoast_head":"<!-- This site is optimized with the Yoast SEO plugin v26.4 - https:\/\/yoast.com\/wordpress\/plugins\/seo\/ -->\n<title>LA RED CIUDADANA SARE presenta una marcha a pie (350km), que recorrera ininterrumpidamente toda la geografia NAVARRA del 29 de septiembre al 2 de octubre. - Sare Herritarra<\/title>\n<meta name=\"robots\" content=\"index, follow, max-snippet:-1, max-image-preview:large, max-video-preview:-1\" \/>\n<link rel=\"canonical\" href=\"https:\/\/sare.eus\/es\/la-red-ciudadana-sare-presenta-una-marcha-a-pie-350km-que-recorrera-ininterrumpidamente-toda-la-geografia-navarra-del-29-de-septiembre-al-2-de-octubre\/\" \/>\n<meta property=\"og:locale\" content=\"es_ES\" \/>\n<meta property=\"og:type\" content=\"article\" \/>\n<meta property=\"og:title\" content=\"LA RED CIUDADANA SARE presenta una marcha a pie (350km), que recorrera ininterrumpidamente toda la geografia NAVARRA del 29 de septiembre al 2 de octubre. - Sare Herritarra\" \/>\n<meta property=\"og:description\" content=\"EL PROCESO DE VUELTA, EL CAMINO A CASA.\u00a0Ese es nuestro objetivo. Ese es nuestro camino. Camino a casa de presos y presas, refugiados y refugiadas, deportados y deportadas vascas. El [&hellip;]\" \/>\n<meta property=\"og:url\" content=\"https:\/\/sare.eus\/es\/la-red-ciudadana-sare-presenta-una-marcha-a-pie-350km-que-recorrera-ininterrumpidamente-toda-la-geografia-navarra-del-29-de-septiembre-al-2-de-octubre\/\" \/>\n<meta property=\"og:site_name\" content=\"Sare Herritarra\" \/>\n<meta property=\"article:published_time\" content=\"2021-09-04T13:46:02+00:00\" \/>\n<meta property=\"article:modified_time\" content=\"2021-10-20T15:57:23+00:00\" \/>\n<meta property=\"og:image\" content=\"https:\/\/sare.eus\/wp-content\/uploads\/2021\/10\/photo_2021-09-04_12-40-21.jpg\" \/>\n\t<meta property=\"og:image:width\" content=\"880\" \/>\n\t<meta property=\"og:image:height\" content=\"536\" \/>\n\t<meta property=\"og:image:type\" content=\"image\/jpeg\" \/>\n<meta name=\"author\" content=\"admin\" \/>\n<meta name=\"twitter:card\" content=\"summary_large_image\" \/>\n<meta name=\"twitter:label1\" content=\"Escrito por\" \/>\n\t<meta name=\"twitter:data1\" content=\"admin\" \/>\n\t<meta name=\"twitter:label2\" content=\"Tiempo de lectura\" \/>\n\t<meta name=\"twitter:data2\" content=\"2 minutos\" \/>\n<script type=\"application\/ld+json\" class=\"yoast-schema-graph\">{\"@context\":\"https:\/\/schema.org\",\"@graph\":[{\"@type\":\"Article\",\"@id\":\"https:\/\/sare.eus\/es\/la-red-ciudadana-sare-presenta-una-marcha-a-pie-350km-que-recorrera-ininterrumpidamente-toda-la-geografia-navarra-del-29-de-septiembre-al-2-de-octubre\/#article\",\"isPartOf\":{\"@id\":\"https:\/\/sare.eus\/es\/la-red-ciudadana-sare-presenta-una-marcha-a-pie-350km-que-recorrera-ininterrumpidamente-toda-la-geografia-navarra-del-29-de-septiembre-al-2-de-octubre\/\"},\"author\":{\"name\":\"admin\",\"@id\":\"https:\/\/sare.eus\/#\/schema\/person\/5a711e7396face0569eb43391127616d\"},\"headline\":\"LA RED CIUDADANA SARE presenta una marcha a pie (350km), que recorrera ininterrumpidamente toda la geografia NAVARRA del 29 de septiembre al 2 de octubre.\",\"datePublished\":\"2021-09-04T13:46:02+00:00\",\"dateModified\":\"2021-10-20T15:57:23+00:00\",\"mainEntityOfPage\":{\"@id\":\"https:\/\/sare.eus\/es\/la-red-ciudadana-sare-presenta-una-marcha-a-pie-350km-que-recorrera-ininterrumpidamente-toda-la-geografia-navarra-del-29-de-septiembre-al-2-de-octubre\/\"},\"wordCount\":500,\"commentCount\":0,\"publisher\":{\"@id\":\"https:\/\/sare.eus\/#organization\"},\"image\":{\"@id\":\"https:\/\/sare.eus\/es\/la-red-ciudadana-sare-presenta-una-marcha-a-pie-350km-que-recorrera-ininterrumpidamente-toda-la-geografia-navarra-del-29-de-septiembre-al-2-de-octubre\/#primaryimage\"},\"thumbnailUrl\":\"https:\/\/sare.eus\/wp-content\/uploads\/2021\/10\/photo_2021-09-04_12-40-21.jpg\",\"articleSection\":[\"Etxera\"],\"inLanguage\":\"es\",\"potentialAction\":[{\"@type\":\"CommentAction\",\"name\":\"Comment\",\"target\":[\"https:\/\/sare.eus\/es\/la-red-ciudadana-sare-presenta-una-marcha-a-pie-350km-que-recorrera-ininterrumpidamente-toda-la-geografia-navarra-del-29-de-septiembre-al-2-de-octubre\/#respond\"]}]},{\"@type\":\"WebPage\",\"@id\":\"https:\/\/sare.eus\/es\/la-red-ciudadana-sare-presenta-una-marcha-a-pie-350km-que-recorrera-ininterrumpidamente-toda-la-geografia-navarra-del-29-de-septiembre-al-2-de-octubre\/\",\"url\":\"https:\/\/sare.eus\/es\/la-red-ciudadana-sare-presenta-una-marcha-a-pie-350km-que-recorrera-ininterrumpidamente-toda-la-geografia-navarra-del-29-de-septiembre-al-2-de-octubre\/\",\"name\":\"LA RED CIUDADANA SARE presenta una marcha a pie (350km), que recorrera ininterrumpidamente toda la geografia NAVARRA del 29 de septiembre al 2 de octubre. - Sare Herritarra\",\"isPartOf\":{\"@id\":\"https:\/\/sare.eus\/#website\"},\"primaryImageOfPage\":{\"@id\":\"https:\/\/sare.eus\/es\/la-red-ciudadana-sare-presenta-una-marcha-a-pie-350km-que-recorrera-ininterrumpidamente-toda-la-geografia-navarra-del-29-de-septiembre-al-2-de-octubre\/#primaryimage\"},\"image\":{\"@id\":\"https:\/\/sare.eus\/es\/la-red-ciudadana-sare-presenta-una-marcha-a-pie-350km-que-recorrera-ininterrumpidamente-toda-la-geografia-navarra-del-29-de-septiembre-al-2-de-octubre\/#primaryimage\"},\"thumbnailUrl\":\"https:\/\/sare.eus\/wp-content\/uploads\/2021\/10\/photo_2021-09-04_12-40-21.jpg\",\"datePublished\":\"2021-09-04T13:46:02+00:00\",\"dateModified\":\"2021-10-20T15:57:23+00:00\",\"breadcrumb\":{\"@id\":\"https:\/\/sare.eus\/es\/la-red-ciudadana-sare-presenta-una-marcha-a-pie-350km-que-recorrera-ininterrumpidamente-toda-la-geografia-navarra-del-29-de-septiembre-al-2-de-octubre\/#breadcrumb\"},\"inLanguage\":\"es\",\"potentialAction\":[{\"@type\":\"ReadAction\",\"target\":[\"https:\/\/sare.eus\/es\/la-red-ciudadana-sare-presenta-una-marcha-a-pie-350km-que-recorrera-ininterrumpidamente-toda-la-geografia-navarra-del-29-de-septiembre-al-2-de-octubre\/\"]}]},{\"@type\":\"ImageObject\",\"inLanguage\":\"es\",\"@id\":\"https:\/\/sare.eus\/es\/la-red-ciudadana-sare-presenta-una-marcha-a-pie-350km-que-recorrera-ininterrumpidamente-toda-la-geografia-navarra-del-29-de-septiembre-al-2-de-octubre\/#primaryimage\",\"url\":\"https:\/\/sare.eus\/wp-content\/uploads\/2021\/10\/photo_2021-09-04_12-40-21.jpg\",\"contentUrl\":\"https:\/\/sare.eus\/wp-content\/uploads\/2021\/10\/photo_2021-09-04_12-40-21.jpg\",\"width\":880,\"height\":536},{\"@type\":\"BreadcrumbList\",\"@id\":\"https:\/\/sare.eus\/es\/la-red-ciudadana-sare-presenta-una-marcha-a-pie-350km-que-recorrera-ininterrumpidamente-toda-la-geografia-navarra-del-29-de-septiembre-al-2-de-octubre\/#breadcrumb\",\"itemListElement\":[{\"@type\":\"ListItem\",\"position\":1,\"name\":\"Home\",\"item\":\"https:\/\/sare.eus\/\"},{\"@type\":\"ListItem\",\"position\":2,\"name\":\"LA RED CIUDADANA SARE presenta una marcha a pie (350km), que recorrera ininterrumpidamente toda la geografia NAVARRA del 29 de septiembre al 2 de octubre.\"}]},{\"@type\":\"WebSite\",\"@id\":\"https:\/\/sare.eus\/#website\",\"url\":\"https:\/\/sare.eus\/\",\"name\":\"Sare Herritarra\",\"description\":\"KONPONBIDEAREN ETA GIZA ESKUBIDEEN ALDEKO SARE HERRITARRA\",\"publisher\":{\"@id\":\"https:\/\/sare.eus\/#organization\"},\"potentialAction\":[{\"@type\":\"SearchAction\",\"target\":{\"@type\":\"EntryPoint\",\"urlTemplate\":\"https:\/\/sare.eus\/?s={search_term_string}\"},\"query-input\":{\"@type\":\"PropertyValueSpecification\",\"valueRequired\":true,\"valueName\":\"search_term_string\"}}],\"inLanguage\":\"es\"},{\"@type\":\"Organization\",\"@id\":\"https:\/\/sare.eus\/#organization\",\"name\":\"Sare Herritarra\",\"url\":\"https:\/\/sare.eus\/\",\"logo\":{\"@type\":\"ImageObject\",\"inLanguage\":\"es\",\"@id\":\"https:\/\/sare.eus\/#\/schema\/logo\/image\/\",\"url\":\"https:\/\/sare.eus\/wp-content\/uploads\/2021\/08\/sare.png\",\"contentUrl\":\"https:\/\/sare.eus\/wp-content\/uploads\/2021\/08\/sare.png\",\"width\":120,\"height\":142,\"caption\":\"Sare Herritarra\"},\"image\":{\"@id\":\"https:\/\/sare.eus\/#\/schema\/logo\/image\/\"}},{\"@type\":\"Person\",\"@id\":\"https:\/\/sare.eus\/#\/schema\/person\/5a711e7396face0569eb43391127616d\",\"name\":\"admin\",\"image\":{\"@type\":\"ImageObject\",\"inLanguage\":\"es\",\"@id\":\"https:\/\/sare.eus\/#\/schema\/person\/image\/\",\"url\":\"https:\/\/secure.gravatar.com\/avatar\/d22a8cc353ba20fa3181b73b7b53a33b5b98923d9a2f9945443604d7359581c4?s=96&d=mm&r=g\",\"contentUrl\":\"https:\/\/secure.gravatar.com\/avatar\/d22a8cc353ba20fa3181b73b7b53a33b5b98923d9a2f9945443604d7359581c4?s=96&d=mm&r=g\",\"caption\":\"admin\"},\"url\":\"https:\/\/sare.eus\/es\/author\/prueba3371_a2783y7n\/\"}]}<\/script>\n<!-- \/ Yoast SEO plugin. -->","yoast_head_json":{"title":"LA RED CIUDADANA SARE presenta una marcha a pie (350km), que recorrera ininterrumpidamente toda la geografia NAVARRA del 29 de septiembre al 2 de octubre. - Sare Herritarra","robots":{"index":"index","follow":"follow","max-snippet":"max-snippet:-1","max-image-preview":"max-image-preview:large","max-video-preview":"max-video-preview:-1"},"canonical":"https:\/\/sare.eus\/es\/la-red-ciudadana-sare-presenta-una-marcha-a-pie-350km-que-recorrera-ininterrumpidamente-toda-la-geografia-navarra-del-29-de-septiembre-al-2-de-octubre\/","og_locale":"es_ES","og_type":"article","og_title":"LA RED CIUDADANA SARE presenta una marcha a pie (350km), que recorrera ininterrumpidamente toda la geografia NAVARRA del 29 de septiembre al 2 de octubre. - Sare Herritarra","og_description":"EL PROCESO DE VUELTA, EL CAMINO A CASA.\u00a0Ese es nuestro objetivo. Ese es nuestro camino. Camino a casa de presos y presas, refugiados y refugiadas, deportados y deportadas vascas. El [&hellip;]","og_url":"https:\/\/sare.eus\/es\/la-red-ciudadana-sare-presenta-una-marcha-a-pie-350km-que-recorrera-ininterrumpidamente-toda-la-geografia-navarra-del-29-de-septiembre-al-2-de-octubre\/","og_site_name":"Sare Herritarra","article_published_time":"2021-09-04T13:46:02+00:00","article_modified_time":"2021-10-20T15:57:23+00:00","og_image":[{"width":880,"height":536,"url":"https:\/\/sare.eus\/wp-content\/uploads\/2021\/10\/photo_2021-09-04_12-40-21.jpg","type":"image\/jpeg"}],"author":"admin","twitter_card":"summary_large_image","twitter_misc":{"Escrito por":"admin","Tiempo de lectura":"2 minutos"},"schema":{"@context":"https:\/\/schema.org","@graph":[{"@type":"Article","@id":"https:\/\/sare.eus\/es\/la-red-ciudadana-sare-presenta-una-marcha-a-pie-350km-que-recorrera-ininterrumpidamente-toda-la-geografia-navarra-del-29-de-septiembre-al-2-de-octubre\/#article","isPartOf":{"@id":"https:\/\/sare.eus\/es\/la-red-ciudadana-sare-presenta-una-marcha-a-pie-350km-que-recorrera-ininterrumpidamente-toda-la-geografia-navarra-del-29-de-septiembre-al-2-de-octubre\/"},"author":{"name":"admin","@id":"https:\/\/sare.eus\/#\/schema\/person\/5a711e7396face0569eb43391127616d"},"headline":"LA RED CIUDADANA SARE presenta una marcha a pie (350km), que recorrera ininterrumpidamente toda la geografia NAVARRA del 29 de septiembre al 2 de octubre.","datePublished":"2021-09-04T13:46:02+00:00","dateModified":"2021-10-20T15:57:23+00:00","mainEntityOfPage":{"@id":"https:\/\/sare.eus\/es\/la-red-ciudadana-sare-presenta-una-marcha-a-pie-350km-que-recorrera-ininterrumpidamente-toda-la-geografia-navarra-del-29-de-septiembre-al-2-de-octubre\/"},"wordCount":500,"commentCount":0,"publisher":{"@id":"https:\/\/sare.eus\/#organization"},"image":{"@id":"https:\/\/sare.eus\/es\/la-red-ciudadana-sare-presenta-una-marcha-a-pie-350km-que-recorrera-ininterrumpidamente-toda-la-geografia-navarra-del-29-de-septiembre-al-2-de-octubre\/#primaryimage"},"thumbnailUrl":"https:\/\/sare.eus\/wp-content\/uploads\/2021\/10\/photo_2021-09-04_12-40-21.jpg","articleSection":["Etxera"],"inLanguage":"es","potentialAction":[{"@type":"CommentAction","name":"Comment","target":["https:\/\/sare.eus\/es\/la-red-ciudadana-sare-presenta-una-marcha-a-pie-350km-que-recorrera-ininterrumpidamente-toda-la-geografia-navarra-del-29-de-septiembre-al-2-de-octubre\/#respond"]}]},{"@type":"WebPage","@id":"https:\/\/sare.eus\/es\/la-red-ciudadana-sare-presenta-una-marcha-a-pie-350km-que-recorrera-ininterrumpidamente-toda-la-geografia-navarra-del-29-de-septiembre-al-2-de-octubre\/","url":"https:\/\/sare.eus\/es\/la-red-ciudadana-sare-presenta-una-marcha-a-pie-350km-que-recorrera-ininterrumpidamente-toda-la-geografia-navarra-del-29-de-septiembre-al-2-de-octubre\/","name":"LA RED CIUDADANA SARE presenta una marcha a pie (350km), que recorrera ininterrumpidamente toda la geografia NAVARRA del 29 de septiembre al 2 de octubre. - Sare Herritarra","isPartOf":{"@id":"https:\/\/sare.eus\/#website"},"primaryImageOfPage":{"@id":"https:\/\/sare.eus\/es\/la-red-ciudadana-sare-presenta-una-marcha-a-pie-350km-que-recorrera-ininterrumpidamente-toda-la-geografia-navarra-del-29-de-septiembre-al-2-de-octubre\/#primaryimage"},"image":{"@id":"https:\/\/sare.eus\/es\/la-red-ciudadana-sare-presenta-una-marcha-a-pie-350km-que-recorrera-ininterrumpidamente-toda-la-geografia-navarra-del-29-de-septiembre-al-2-de-octubre\/#primaryimage"},"thumbnailUrl":"https:\/\/sare.eus\/wp-content\/uploads\/2021\/10\/photo_2021-09-04_12-40-21.jpg","datePublished":"2021-09-04T13:46:02+00:00","dateModified":"2021-10-20T15:57:23+00:00","breadcrumb":{"@id":"https:\/\/sare.eus\/es\/la-red-ciudadana-sare-presenta-una-marcha-a-pie-350km-que-recorrera-ininterrumpidamente-toda-la-geografia-navarra-del-29-de-septiembre-al-2-de-octubre\/#breadcrumb"},"inLanguage":"es","potentialAction":[{"@type":"ReadAction","target":["https:\/\/sare.eus\/es\/la-red-ciudadana-sare-presenta-una-marcha-a-pie-350km-que-recorrera-ininterrumpidamente-toda-la-geografia-navarra-del-29-de-septiembre-al-2-de-octubre\/"]}]},{"@type":"ImageObject","inLanguage":"es","@id":"https:\/\/sare.eus\/es\/la-red-ciudadana-sare-presenta-una-marcha-a-pie-350km-que-recorrera-ininterrumpidamente-toda-la-geografia-navarra-del-29-de-septiembre-al-2-de-octubre\/#primaryimage","url":"https:\/\/sare.eus\/wp-content\/uploads\/2021\/10\/photo_2021-09-04_12-40-21.jpg","contentUrl":"https:\/\/sare.eus\/wp-content\/uploads\/2021\/10\/photo_2021-09-04_12-40-21.jpg","width":880,"height":536},{"@type":"BreadcrumbList","@id":"https:\/\/sare.eus\/es\/la-red-ciudadana-sare-presenta-una-marcha-a-pie-350km-que-recorrera-ininterrumpidamente-toda-la-geografia-navarra-del-29-de-septiembre-al-2-de-octubre\/#breadcrumb","itemListElement":[{"@type":"ListItem","position":1,"name":"Home","item":"https:\/\/sare.eus\/"},{"@type":"ListItem","position":2,"name":"LA RED CIUDADANA SARE presenta una marcha a pie (350km), que recorrera ininterrumpidamente toda la geografia NAVARRA del 29 de septiembre al 2 de octubre."}]},{"@type":"WebSite","@id":"https:\/\/sare.eus\/#website","url":"https:\/\/sare.eus\/","name":"Sare Herritarra","description":"KONPONBIDEAREN ETA GIZA ESKUBIDEEN ALDEKO SARE HERRITARRA","publisher":{"@id":"https:\/\/sare.eus\/#organization"},"potentialAction":[{"@type":"SearchAction","target":{"@type":"EntryPoint","urlTemplate":"https:\/\/sare.eus\/?s={search_term_string}"},"query-input":{"@type":"PropertyValueSpecification","valueRequired":true,"valueName":"search_term_string"}}],"inLanguage":"es"},{"@type":"Organization","@id":"https:\/\/sare.eus\/#organization","name":"Sare Herritarra","url":"https:\/\/sare.eus\/","logo":{"@type":"ImageObject","inLanguage":"es","@id":"https:\/\/sare.eus\/#\/schema\/logo\/image\/","url":"https:\/\/sare.eus\/wp-content\/uploads\/2021\/08\/sare.png","contentUrl":"https:\/\/sare.eus\/wp-content\/uploads\/2021\/08\/sare.png","width":120,"height":142,"caption":"Sare Herritarra"},"image":{"@id":"https:\/\/sare.eus\/#\/schema\/logo\/image\/"}},{"@type":"Person","@id":"https:\/\/sare.eus\/#\/schema\/person\/5a711e7396face0569eb43391127616d","name":"admin","image":{"@type":"ImageObject","inLanguage":"es","@id":"https:\/\/sare.eus\/#\/schema\/person\/image\/","url":"https:\/\/secure.gravatar.com\/avatar\/d22a8cc353ba20fa3181b73b7b53a33b5b98923d9a2f9945443604d7359581c4?s=96&d=mm&r=g","contentUrl":"https:\/\/secure.gravatar.com\/avatar\/d22a8cc353ba20fa3181b73b7b53a33b5b98923d9a2f9945443604d7359581c4?s=96&d=mm&r=g","caption":"admin"},"url":"https:\/\/sare.eus\/es\/author\/prueba3371_a2783y7n\/"}]}},"_links":{"self":[{"href":"https:\/\/sare.eus\/es\/wp-json\/wp\/v2\/posts\/1309","targetHints":{"allow":["GET"]}}],"collection":[{"href":"https:\/\/sare.eus\/es\/wp-json\/wp\/v2\/posts"}],"about":[{"href":"https:\/\/sare.eus\/es\/wp-json\/wp\/v2\/types\/post"}],"author":[{"embeddable":true,"href":"https:\/\/sare.eus\/es\/wp-json\/wp\/v2\/users\/1"}],"replies":[{"embeddable":true,"href":"https:\/\/sare.eus\/es\/wp-json\/wp\/v2\/comments?post=1309"}],"version-history":[{"count":1,"href":"https:\/\/sare.eus\/es\/wp-json\/wp\/v2\/posts\/1309\/revisions"}],"predecessor-version":[{"id":1310,"href":"https:\/\/sare.eus\/es\/wp-json\/wp\/v2\/posts\/1309\/revisions\/1310"}],"wp:featuredmedia":[{"embeddable":true,"href":"https:\/\/sare.eus\/es\/wp-json\/wp\/v2\/media\/642"}],"wp:attachment":[{"href":"https:\/\/sare.eus\/es\/wp-json\/wp\/v2\/media?parent=1309"}],"wp:term":[{"taxonomy":"category","embeddable":true,"href":"https:\/\/sare.eus\/es\/wp-json\/wp\/v2\/categories?post=1309"},{"taxonomy":"post_tag","embeddable":true,"href":"https:\/\/sare.eus\/es\/wp-json\/wp\/v2\/tags?post=1309"}],"curies":[{"name":"wp","href":"https:\/\/api.w.org\/{rel}","templated":true}]}}