{"id":1308,"date":"2021-09-13T13:38:23","date_gmt":"2021-09-13T13:38:23","guid":{"rendered":"http:\/\/650tontor.sare.eus\/de-ahora-en-adelante-redoblamos-esfuerzos-con-etxerako-bidean\/"},"modified":"2021-10-20T15:57:42","modified_gmt":"2021-10-20T15:57:42","slug":"de-ahora-en-adelante-redoblamos-esfuerzos-con-etxerako-bidean","status":"publish","type":"post","link":"https:\/\/sare.eus\/es\/de-ahora-en-adelante-redoblamos-esfuerzos-con-etxerako-bidean\/","title":{"rendered":"DE AHORA EN ADELANTE REDOBLAMOS ESFUERZOS CON \u201cETXERAKO BIDEAN\u201d"},"content":{"rendered":"<p class=\"western\" lang=\"es-ES-u-co-trad\">Esta convocatoria de prensa de hoy la realizamos para hacer un amplio llamamiento a toda la ciudadan\u00eda a la manifestaci\u00f3n que el pr\u00f3ximo 23 de octubre recorrer\u00e1 las calles de Donostia bajo el lema \u201cibilian-Ibilian, etxerako bidean\u201d y con la reivindicaci\u00f3n del fin de la pol\u00edtica penitenciaria de excepci\u00f3n y la puesta en marcha del proceso de regreso a casa de los y las presas vascas. La manifestaci\u00f3n comenzar\u00e1 a las 17.00 desde el t\u00fanel del Antiguo, finalizando con un acto especial en la plaza Pio XII .<\/p>\n<p class=\"western\" lang=\"es-ES-u-co-trad\"><img loading=\"lazy\" decoding=\"async\" class=\"size-medium wp-image-644 alignleft\" src=\"https:\/\/sare.eus\/wp-content\/uploads\/2021\/10\/kartela_urriak23-02-727x1024-1-213x300.jpg\" alt=\"\" width=\"213\" height=\"300\" srcset=\"https:\/\/sare.eus\/wp-content\/uploads\/2021\/10\/kartela_urriak23-02-727x1024-1-213x300.jpg 213w, https:\/\/sare.eus\/wp-content\/uploads\/2021\/10\/kartela_urriak23-02-727x1024-1.jpg 568w\" sizes=\"(max-width: 213px) 100vw, 213px\" \/><\/p>\n<p class=\"western\" lang=\"es-ES-u-co-trad\">Junto a esta convocatoria,\u00a0deseamos\u00a0hacer\u00a0una\u00a0breve\u00a0valoraci\u00f3n\u00a0de\u00a0lo\u00a0que\u00a0ha\u00a0supuesto\u00a0la\u00a0situaci\u00f3n\u00a0de\u00a0los\u00a0presos\u00a0y\u00a0presas\u00a0vascas.<\/p>\n<p class=\"western\" lang=\"es-ES-u-co-trad\">Iniciamos\u00a0el\u00a0verano\u00a0de\u00a02020,\u00a0con\u00a0t\u00edmidos\u00a0movimientos-acercamientos\u00a0de\u00a0presos\/as\u00a0vascas.\u00a0A\u00a0partir de entonces encaramos este oto\u00f1o con las c\u00e1rceles m\u00e1s alejadas de EH dejando\u00a0de\u00a0albergar\u00a0a\u00a0presos\u00a0y\u00a0presas\u00a0vascas.<\/p>\n<p class=\"western\" lang=\"es-ES-u-co-trad\">Sin\u00a0duda,\u00a0esta\u00a0situaci\u00f3n\u00a0supone\u00a0motivo\u00a0de\u00a0cierto\u00a0alivio\u00a0para\u00a0los\u00a0familiares\u00a0de\u00a0estos\u00a0presos\u00a0y\u00a0presas, porque reducen los largos trayectos que durante d\u00e9cadas han tenido que realizar\u00a0para no faltar una sola semana a las visitas. Pero supone, tambi\u00e9n, motivo de alerta para\u00a0todos y todas nosotras, que no queremos contribuir a dar la sensaci\u00f3n que estamos en una\u00a0situaci\u00f3n\u00a0normalizada.<\/p>\n<p class=\"western\" lang=\"es-ES-u-co-trad\">No\u00a0lo\u00a0es.\u00a0El\u00a0camino\u00a0a\u00a0recorrer\u00a0y\u00a0los\u00a0obst\u00e1culos\u00a0a\u00a0superar\u00a0son\u00a0todav\u00eda\u00a0muchos\u00a0e\u00a0importantes\u00a0y\u00a0del\u00a0esfuerzo\u00a0de\u00a0todas\u00a0y\u00a0todos\u00a0depender\u00e1\u00a0que\u00a0tambi\u00e9n\u00a0podamos\u00a0superarlos.<\/p>\n<p class=\"western\" lang=\"es-ES-u-co-trad\">Lo\u00a0datos\u00a0son\u00a0fiel\u00a0reflejo\u00a0de\u00a0que la pol\u00edtica de excepci\u00f3n sigue en vigor y\u00a0la\u00a0vulneraci\u00f3n\u00a0de\u00a0derechos\u00a0aun\u00a0se\u00a0mantiene\u00a0y\u00a0en\u00a0ocasiones\u00a0se\u00a0agrava.<\/p>\n<ul>\n<li>\n<p lang=\"eu-ES\">Solo\u00a0el 64\u00a0de\u00a0estos\u00a0presos\/as\u00a0est\u00e1n\u00a0en\u00a0EH, el 32%<\/p>\n<\/li>\n<\/ul>\n<ul>\n<li>\n<p lang=\"eu-ES\">Durante\u00a0este\u00a0a\u00f1o,\u00a0la\u00a0pr\u00e1ctica\u00a0totalidad\u00a0de\u00a0ellos\/as\u00a0han\u00a0progresado\u00a0de\u00a0primer\u00a0a segundo grado,\u00a0pero\u00a0\u00fanicamente\u00a010 presos\/as lo ha hecho de segundo a tercer grado penitenciario, el 5%<\/p>\n<\/li>\n<\/ul>\n<ul>\n<li>\n<p lang=\"eu-ES\" align=\"justify\">Y\u00a0si\u00a0esta\u00a0situaci\u00f3n\u00a0se\u00a0mantiene,\u00a0los\u00a0presos\/as\u00a0vascas,\u00a0en\u00a0casi\u00a0su\u00a0totalidad,\u00a0est\u00e1n\u00a0condenados a no poder hacer uso de la normativa penitenciaria y a cumplir \u00edntegramente\u00a0condenas\u00a0de\u00a0hasta\u00a040\u00a0a\u00f1os\u00a0de\u00a0prisi\u00f3n\u00a0efectiva.<\/p>\n<\/li>\n<\/ul>\n<ul>\n<li>\n<p lang=\"eu-ES\">Esta situaci\u00f3n debe representar una llamada de atenci\u00f3n a quienes desde\u00a0diferentes instituciones y sectores pol\u00edticos manifestaban e instaban a estos presos y\u00a0presas\u00a0a\u00a0hacer\u00a0uso\u00a0de\u00a0las\u00a0herramientas\u00a0que\u00a0proporciona\u00a0la\u00a0actual\u00a0normativa\u00a0penitenciaria.<\/p>\n<\/li>\n<\/ul>\n<p class=\"western\" lang=\"es-ES-u-co-trad\">Es\u00a0por\u00a0ello,\u00a0que\u00a0somos\u00a0nosotros<span lang=\"eu-ES\">,<\/span>\u00a0ahora,\u00a0quienes\u00a0instamos\u00a0a\u00a0estas\u00a0instituciones\u00a0a\u00a0trabajar\u00a0por\u00a0hacer realidad la aplicaci\u00f3n de una normativa ordinaria a quienes hasta ahora solo han\u00a0conocido\u00a0la\u00a0excepcionalidad\u00a0como\u00a0norma.<\/p>\n<p class=\"western\" lang=\"es-ES-u-co-trad\">\u00bfEn\u00a0que\u00a0se\u00a0debe\u00a0traducir\u00a0este\u00a0cambio?<\/p>\n<ul>\n<li>\n<p lang=\"eu-ES\">Fin\u00a0del\u00a0r\u00e9gimen\u00a0de\u00a0excepcionalidad:<\/p>\n<\/li>\n<\/ul>\n<ul>\n<li>\n<ul>\n<li>\n<p class=\"western\" lang=\"es-ES-u-co-trad\">la\u00a0progresi\u00f3n\u00a0de\u00a02\u00a0a\u00a03\u00a0grado\u00a0debe\u00a0darse\u00a0a\u00a0partir\u00a0del\u00a0cumplimiento\u00a0de\u00a0la \u00bd de la condena, como se hace con el conjunto de la poblaci\u00f3n reclusa en las c\u00e1rceles\u00a0del\u00a0Estado\u00a0espa\u00f1ol.<\/p>\n<\/li>\n<li>\n<p class=\"western\" lang=\"es-ES-u-co-trad\">Cabria recordar que no m\u00e1s del 1% de esta poblaci\u00f3n reclusa, finaliza su condena\u00a0en\u00a0segundo\u00a0grado.\u00a0Por\u00a0el\u00a0contrario\u00a0en\u00a0el\u00a0caso\u00a0de\u00a0los\u00a0presos\u00a0y\u00a0presas\u00a0vascas,\u00a0este\u00a0porcentaje\u00a0se\u00a0eleva\u00a0al\u00a087%<\/p>\n<\/li>\n<\/ul>\n<\/li>\n<\/ul>\n<ul>\n<li>\n<ul>\n<li>\n<p class=\"western\" lang=\"es-ES-u-co-trad\">Se\u00a0debe\u00a0de\u00a0poner\u00a0fin\u00a0a\u00a0las\u00a0actitudes\u00a0de\u00a0bloqueo\u00a0de\u00a0la\u00a0fiscal\u00eda\u00a0o\u00a0jueces,\u00a0que\u00a0de\u00a0forma\u00a0sistem\u00e1tica presentan recursos contra las decisiones de las Juntas de Tratamiento, cuando\u00a0estas\u00a0aprueban,\u00a0en\u00a0ocasiones\u00a0por\u00a0unanimidad,\u00a0las\u00a0progresiones\u00a0de\u00a0grado\u00a0o\u00a0permisos.<\/p>\n<\/li>\n<\/ul>\n<\/li>\n<\/ul>\n<p class=\"western\" lang=\"es-ES-u-co-trad\">Esta\u00a0actitud\u00a0obstaculizadora,\u00a0que\u00a0nada\u00a0tiene\u00a0que\u00a0ver\u00a0con\u00a0un\u00a0criterio\u00a0de\u00a0justicia,\u00a0sino\u00a0con\u00a0una\u00a0politizaci\u00f3n de la justicia, nos lleva a reclamar, una vez mas, la necesidad de que los JCVP\u00a0pasen\u00a0de depender de la Audiencia Nacional, y sean los de proximidad, como la han sido\u00a0con\u00a0anterioridad.<\/p>\n<ul>\n<li>\n<p class=\"western\" lang=\"es-ES-u-co-trad\">PERMISOS. La misma situaci\u00f3n se produce en los recursos judiciales ante la aprobaci\u00f3n por las JJTT\u00a0de\u00a0los\u00a0permisos\u00a0penitenciarios\u00a0a\u00a0los\u00a0que\u00a0tienen\u00a0derecho\u00a0a\u00a0disfrutar\u00a0con\u00a0el\u00a0cumplimiento\u00a0de \u00bc\u00a0de\u00a0la\u00a0condena.<\/p>\n<\/li>\n<\/ul>\n<p class=\"western\" lang=\"es-ES-u-co-trad\">DE\u00a0AHORA\u00a0EN\u00a0ADELANTE\u00a0REDOBLAMOS\u00a0ESFUERZOS\u00a0CON\u00a0\u201cETXERAKO\u00a0BIDEAN\u201d<\/p>\n<p class=\"western\" lang=\"es-ES-u-co-trad\">Por todo ello, el\u00a023\u00a0de\u00a0Octubre,\u00a0volveremos\u00a0a\u00a0manifestarnos\u00a0en\u00a0la\u00a0calle.\u00a0Tenemos\u00a0muy\u00a0claro\u00a0la\u00a0necesidad\u00a0de hacer compatible la reivindicaci\u00f3n en los despachos con la presencia activa en las\u00a0calles.<\/p>\n<p class=\"western\" lang=\"es-ES-u-co-trad\">Porque\u00a0nada\u00a0ha\u00a0terminado\u00a0con\u00a0el\u00a0traslado\u00a0desde\u00a0Andaluc\u00eda,\u00a0Levant<span lang=\"eu-ES\">e<\/span>\u00a0o\u00a0Galicia\u00a0a\u00a0c\u00e1rceles\u00a0m<span lang=\"eu-ES\">\u00e1<\/span>s\u00a0cercanas.<\/p>\n<p class=\"western\" lang=\"es-ES-u-co-trad\">Porque\u00a0la\u00a0pol\u00edtica\u00a0de\u00a0alejamiento\u00a0y\u00a0dispersi\u00f3n\u00a0se\u00a0mantiene\u00a0y\u00a0su\u00a0fin\u00a0ser<span lang=\"eu-ES\">\u00e1<\/span>\u00a0una\u00a0realidad\u00a0<span lang=\"eu-ES\">solo\u00a0<\/span>cuando\u00a0todos\u00a0y\u00a0todas\u00a0est\u00e9n\u00a0en\u00a0EH.<\/p>\n<p class=\"western\" lang=\"es-ES-u-co-trad\">Mantenemos\u00a0la\u00a0esperanza\u00a0de\u00a0que\u00a0el\u00a0mes\u00a0de\u00a0octubre\u00a0sea\u00a0el\u00a0momento\u00a0de\u00a0que\u00a0los\u00a0cambios\u00a0comiencen\u00a0a\u00a0ser\u00a0una\u00a0realidad.<\/p>\n<p class=\"western\" lang=\"es-ES-u-co-trad\">La asunci\u00f3n de competencias, en materia penitenciaria, por parte del Gobierno Vasco debe\u00a0de suponer un cambio de situaci\u00f3n. Los anuncios\u00a0realizados por la Administraci\u00f3n Vasca de\u00a0una nueva pol\u00edtica penitenciaria de car\u00e1cter ordinario, sin privilegios, pero, tambi\u00e9n, sin\u00a0exclusiones pol\u00edticas, debe de ser un objetivo de urgente aplicaci\u00f3n y ello no solo debe ser\u00a0para aquellos que hoy ya est\u00e1n en EH. NO. Debe de ser de aplicaci\u00f3n a todos\/as que\u00a0contin\u00faan desperdigados en los Centros Penitenciarios del Estado Espa\u00f1ol.<\/p>\n<p class=\"western\" lang=\"es-ES-u-co-trad\">Nadie debe quedarse al margen de\u00a0esta nueva normativa penitenciaria que se nos anuncia. De lo contrario la vulneraci\u00f3n de\u00a0derechos\u00a0y\u00a0el\u00a0r\u00e9gimen\u00a0de\u00a0excepcionalidad\u00a0se\u00a0mantendr\u00e1.<\/p>\n<p class=\"western\" lang=\"es-ES-u-co-trad\">No\u00a0exigimos\u00a0privilegio\u00a0alguno.\u00a0exigimos\u00a0justicia.\u00a0Y\u00a0es\u00a0esto\u00a0lo\u00a0que\u00a0reivindicaremos\u00a0el\u00a023\u00a0de\u00a0octubre\u00a0por\u00a0las\u00a0calles\u00a0de\u00a0Donostia.<\/p>\n<p class=\"western\" lang=\"es-ES-u-co-trad\">Ni\u00a0un\u00a0paso\u00a0atr\u00e1s.<\/p>\n<p class=\"western\" lang=\"es-ES-u-co-trad\">La\u00a0consecuci\u00f3n\u00a0de\u00a0una\u00a0EH\u00a0en\u00a0paz\u00a0y\u00a0en\u00a0convivencia\u00a0nos\u00a0afecta\u00a0a\u00a0todos\u00a0y\u00a0todas\u00a0y\u00a0por\u00a0ello,\u00a0nadie puede quedarse al margen de la resoluci\u00f3n que desde SARE y otros actores\u00a0pol\u00edticos,\u00a0sindicales\u00a0y\u00a0sociales,\u00a0venimos\u00a0exigiendo.<\/p>\n","protected":false},"excerpt":{"rendered":"<p>Esta convocatoria de prensa de hoy la realizamos para hacer un amplio llamamiento a toda la ciudadan\u00eda a la manifestaci\u00f3n que el pr\u00f3ximo 23 de octubre recorrer\u00e1 las calles de [&hellip;]<\/p>\n","protected":false},"author":1,"featured_media":649,"comment_status":"open","ping_status":"open","sticky":false,"template":"","format":"standard","meta":{"_acf_changed":false,"_et_pb_use_builder":"off","_et_pb_old_content":"","_et_gb_content_width":"","footnotes":""},"categories":[60],"tags":[],"class_list":["post-1308","post","type-post","status-publish","format-standard","has-post-thumbnail","hentry","category-etxera-es","et-has-post-format-content","et_post_format-et-post-format-standard"],"acf":[],"yoast_head":"<!-- This site is optimized with the Yoast SEO plugin v26.4 - https:\/\/yoast.com\/wordpress\/plugins\/seo\/ -->\n<title>DE AHORA EN ADELANTE REDOBLAMOS ESFUERZOS CON \u201cETXERAKO BIDEAN\u201d - Sare Herritarra<\/title>\n<meta name=\"robots\" content=\"index, follow, max-snippet:-1, max-image-preview:large, max-video-preview:-1\" \/>\n<link rel=\"canonical\" href=\"https:\/\/sare.eus\/es\/de-ahora-en-adelante-redoblamos-esfuerzos-con-etxerako-bidean\/\" \/>\n<meta property=\"og:locale\" content=\"es_ES\" \/>\n<meta property=\"og:type\" content=\"article\" \/>\n<meta property=\"og:title\" content=\"DE AHORA EN ADELANTE REDOBLAMOS ESFUERZOS CON \u201cETXERAKO BIDEAN\u201d - Sare Herritarra\" \/>\n<meta property=\"og:description\" content=\"Esta convocatoria de prensa de hoy la realizamos para hacer un amplio llamamiento a toda la ciudadan\u00eda a la manifestaci\u00f3n que el pr\u00f3ximo 23 de octubre recorrer\u00e1 las calles de [&hellip;]\" \/>\n<meta property=\"og:url\" content=\"https:\/\/sare.eus\/es\/de-ahora-en-adelante-redoblamos-esfuerzos-con-etxerako-bidean\/\" \/>\n<meta property=\"og:site_name\" content=\"Sare Herritarra\" \/>\n<meta property=\"article:published_time\" content=\"2021-09-13T13:38:23+00:00\" \/>\n<meta property=\"article:modified_time\" content=\"2021-10-20T15:57:42+00:00\" \/>\n<meta property=\"og:image\" content=\"https:\/\/sare.eus\/wp-content\/uploads\/2021\/10\/20210913_114051.jpg\" \/>\n\t<meta property=\"og:image:width\" content=\"900\" \/>\n\t<meta property=\"og:image:height\" content=\"675\" \/>\n\t<meta property=\"og:image:type\" content=\"image\/jpeg\" \/>\n<meta name=\"author\" content=\"admin\" \/>\n<meta name=\"twitter:card\" content=\"summary_large_image\" \/>\n<meta name=\"twitter:label1\" content=\"Escrito por\" \/>\n\t<meta name=\"twitter:data1\" content=\"admin\" \/>\n\t<meta name=\"twitter:label2\" content=\"Tiempo de lectura\" \/>\n\t<meta name=\"twitter:data2\" content=\"5 minutos\" \/>\n<script type=\"application\/ld+json\" class=\"yoast-schema-graph\">{\"@context\":\"https:\/\/schema.org\",\"@graph\":[{\"@type\":\"Article\",\"@id\":\"https:\/\/sare.eus\/es\/de-ahora-en-adelante-redoblamos-esfuerzos-con-etxerako-bidean\/#article\",\"isPartOf\":{\"@id\":\"https:\/\/sare.eus\/es\/de-ahora-en-adelante-redoblamos-esfuerzos-con-etxerako-bidean\/\"},\"author\":{\"name\":\"admin\",\"@id\":\"https:\/\/sare.eus\/#\/schema\/person\/5a711e7396face0569eb43391127616d\"},\"headline\":\"DE AHORA EN ADELANTE REDOBLAMOS ESFUERZOS CON \u201cETXERAKO BIDEAN\u201d\",\"datePublished\":\"2021-09-13T13:38:23+00:00\",\"dateModified\":\"2021-10-20T15:57:42+00:00\",\"mainEntityOfPage\":{\"@id\":\"https:\/\/sare.eus\/es\/de-ahora-en-adelante-redoblamos-esfuerzos-con-etxerako-bidean\/\"},\"wordCount\":965,\"commentCount\":0,\"publisher\":{\"@id\":\"https:\/\/sare.eus\/#organization\"},\"image\":{\"@id\":\"https:\/\/sare.eus\/es\/de-ahora-en-adelante-redoblamos-esfuerzos-con-etxerako-bidean\/#primaryimage\"},\"thumbnailUrl\":\"https:\/\/sare.eus\/wp-content\/uploads\/2021\/10\/20210913_114051.jpg\",\"articleSection\":[\"Etxera\"],\"inLanguage\":\"es\",\"potentialAction\":[{\"@type\":\"CommentAction\",\"name\":\"Comment\",\"target\":[\"https:\/\/sare.eus\/es\/de-ahora-en-adelante-redoblamos-esfuerzos-con-etxerako-bidean\/#respond\"]}]},{\"@type\":\"WebPage\",\"@id\":\"https:\/\/sare.eus\/es\/de-ahora-en-adelante-redoblamos-esfuerzos-con-etxerako-bidean\/\",\"url\":\"https:\/\/sare.eus\/es\/de-ahora-en-adelante-redoblamos-esfuerzos-con-etxerako-bidean\/\",\"name\":\"DE AHORA EN ADELANTE REDOBLAMOS ESFUERZOS CON \u201cETXERAKO BIDEAN\u201d - Sare Herritarra\",\"isPartOf\":{\"@id\":\"https:\/\/sare.eus\/#website\"},\"primaryImageOfPage\":{\"@id\":\"https:\/\/sare.eus\/es\/de-ahora-en-adelante-redoblamos-esfuerzos-con-etxerako-bidean\/#primaryimage\"},\"image\":{\"@id\":\"https:\/\/sare.eus\/es\/de-ahora-en-adelante-redoblamos-esfuerzos-con-etxerako-bidean\/#primaryimage\"},\"thumbnailUrl\":\"https:\/\/sare.eus\/wp-content\/uploads\/2021\/10\/20210913_114051.jpg\",\"datePublished\":\"2021-09-13T13:38:23+00:00\",\"dateModified\":\"2021-10-20T15:57:42+00:00\",\"breadcrumb\":{\"@id\":\"https:\/\/sare.eus\/es\/de-ahora-en-adelante-redoblamos-esfuerzos-con-etxerako-bidean\/#breadcrumb\"},\"inLanguage\":\"es\",\"potentialAction\":[{\"@type\":\"ReadAction\",\"target\":[\"https:\/\/sare.eus\/es\/de-ahora-en-adelante-redoblamos-esfuerzos-con-etxerako-bidean\/\"]}]},{\"@type\":\"ImageObject\",\"inLanguage\":\"es\",\"@id\":\"https:\/\/sare.eus\/es\/de-ahora-en-adelante-redoblamos-esfuerzos-con-etxerako-bidean\/#primaryimage\",\"url\":\"https:\/\/sare.eus\/wp-content\/uploads\/2021\/10\/20210913_114051.jpg\",\"contentUrl\":\"https:\/\/sare.eus\/wp-content\/uploads\/2021\/10\/20210913_114051.jpg\",\"width\":900,\"height\":675},{\"@type\":\"BreadcrumbList\",\"@id\":\"https:\/\/sare.eus\/es\/de-ahora-en-adelante-redoblamos-esfuerzos-con-etxerako-bidean\/#breadcrumb\",\"itemListElement\":[{\"@type\":\"ListItem\",\"position\":1,\"name\":\"Home\",\"item\":\"https:\/\/sare.eus\/\"},{\"@type\":\"ListItem\",\"position\":2,\"name\":\"DE AHORA EN ADELANTE REDOBLAMOS ESFUERZOS CON \u201cETXERAKO BIDEAN\u201d\"}]},{\"@type\":\"WebSite\",\"@id\":\"https:\/\/sare.eus\/#website\",\"url\":\"https:\/\/sare.eus\/\",\"name\":\"Sare Herritarra\",\"description\":\"KONPONBIDEAREN ETA GIZA ESKUBIDEEN ALDEKO SARE HERRITARRA\",\"publisher\":{\"@id\":\"https:\/\/sare.eus\/#organization\"},\"potentialAction\":[{\"@type\":\"SearchAction\",\"target\":{\"@type\":\"EntryPoint\",\"urlTemplate\":\"https:\/\/sare.eus\/?s={search_term_string}\"},\"query-input\":{\"@type\":\"PropertyValueSpecification\",\"valueRequired\":true,\"valueName\":\"search_term_string\"}}],\"inLanguage\":\"es\"},{\"@type\":\"Organization\",\"@id\":\"https:\/\/sare.eus\/#organization\",\"name\":\"Sare Herritarra\",\"url\":\"https:\/\/sare.eus\/\",\"logo\":{\"@type\":\"ImageObject\",\"inLanguage\":\"es\",\"@id\":\"https:\/\/sare.eus\/#\/schema\/logo\/image\/\",\"url\":\"https:\/\/sare.eus\/wp-content\/uploads\/2021\/08\/sare.png\",\"contentUrl\":\"https:\/\/sare.eus\/wp-content\/uploads\/2021\/08\/sare.png\",\"width\":120,\"height\":142,\"caption\":\"Sare Herritarra\"},\"image\":{\"@id\":\"https:\/\/sare.eus\/#\/schema\/logo\/image\/\"}},{\"@type\":\"Person\",\"@id\":\"https:\/\/sare.eus\/#\/schema\/person\/5a711e7396face0569eb43391127616d\",\"name\":\"admin\",\"image\":{\"@type\":\"ImageObject\",\"inLanguage\":\"es\",\"@id\":\"https:\/\/sare.eus\/#\/schema\/person\/image\/\",\"url\":\"https:\/\/secure.gravatar.com\/avatar\/d22a8cc353ba20fa3181b73b7b53a33b5b98923d9a2f9945443604d7359581c4?s=96&d=mm&r=g\",\"contentUrl\":\"https:\/\/secure.gravatar.com\/avatar\/d22a8cc353ba20fa3181b73b7b53a33b5b98923d9a2f9945443604d7359581c4?s=96&d=mm&r=g\",\"caption\":\"admin\"},\"url\":\"https:\/\/sare.eus\/es\/author\/prueba3371_a2783y7n\/\"}]}<\/script>\n<!-- \/ Yoast SEO plugin. -->","yoast_head_json":{"title":"DE AHORA EN ADELANTE REDOBLAMOS ESFUERZOS CON \u201cETXERAKO BIDEAN\u201d - Sare Herritarra","robots":{"index":"index","follow":"follow","max-snippet":"max-snippet:-1","max-image-preview":"max-image-preview:large","max-video-preview":"max-video-preview:-1"},"canonical":"https:\/\/sare.eus\/es\/de-ahora-en-adelante-redoblamos-esfuerzos-con-etxerako-bidean\/","og_locale":"es_ES","og_type":"article","og_title":"DE AHORA EN ADELANTE REDOBLAMOS ESFUERZOS CON \u201cETXERAKO BIDEAN\u201d - Sare Herritarra","og_description":"Esta convocatoria de prensa de hoy la realizamos para hacer un amplio llamamiento a toda la ciudadan\u00eda a la manifestaci\u00f3n que el pr\u00f3ximo 23 de octubre recorrer\u00e1 las calles de [&hellip;]","og_url":"https:\/\/sare.eus\/es\/de-ahora-en-adelante-redoblamos-esfuerzos-con-etxerako-bidean\/","og_site_name":"Sare Herritarra","article_published_time":"2021-09-13T13:38:23+00:00","article_modified_time":"2021-10-20T15:57:42+00:00","og_image":[{"width":900,"height":675,"url":"https:\/\/sare.eus\/wp-content\/uploads\/2021\/10\/20210913_114051.jpg","type":"image\/jpeg"}],"author":"admin","twitter_card":"summary_large_image","twitter_misc":{"Escrito por":"admin","Tiempo de lectura":"5 minutos"},"schema":{"@context":"https:\/\/schema.org","@graph":[{"@type":"Article","@id":"https:\/\/sare.eus\/es\/de-ahora-en-adelante-redoblamos-esfuerzos-con-etxerako-bidean\/#article","isPartOf":{"@id":"https:\/\/sare.eus\/es\/de-ahora-en-adelante-redoblamos-esfuerzos-con-etxerako-bidean\/"},"author":{"name":"admin","@id":"https:\/\/sare.eus\/#\/schema\/person\/5a711e7396face0569eb43391127616d"},"headline":"DE AHORA EN ADELANTE REDOBLAMOS ESFUERZOS CON \u201cETXERAKO BIDEAN\u201d","datePublished":"2021-09-13T13:38:23+00:00","dateModified":"2021-10-20T15:57:42+00:00","mainEntityOfPage":{"@id":"https:\/\/sare.eus\/es\/de-ahora-en-adelante-redoblamos-esfuerzos-con-etxerako-bidean\/"},"wordCount":965,"commentCount":0,"publisher":{"@id":"https:\/\/sare.eus\/#organization"},"image":{"@id":"https:\/\/sare.eus\/es\/de-ahora-en-adelante-redoblamos-esfuerzos-con-etxerako-bidean\/#primaryimage"},"thumbnailUrl":"https:\/\/sare.eus\/wp-content\/uploads\/2021\/10\/20210913_114051.jpg","articleSection":["Etxera"],"inLanguage":"es","potentialAction":[{"@type":"CommentAction","name":"Comment","target":["https:\/\/sare.eus\/es\/de-ahora-en-adelante-redoblamos-esfuerzos-con-etxerako-bidean\/#respond"]}]},{"@type":"WebPage","@id":"https:\/\/sare.eus\/es\/de-ahora-en-adelante-redoblamos-esfuerzos-con-etxerako-bidean\/","url":"https:\/\/sare.eus\/es\/de-ahora-en-adelante-redoblamos-esfuerzos-con-etxerako-bidean\/","name":"DE AHORA EN ADELANTE REDOBLAMOS ESFUERZOS CON \u201cETXERAKO BIDEAN\u201d - Sare Herritarra","isPartOf":{"@id":"https:\/\/sare.eus\/#website"},"primaryImageOfPage":{"@id":"https:\/\/sare.eus\/es\/de-ahora-en-adelante-redoblamos-esfuerzos-con-etxerako-bidean\/#primaryimage"},"image":{"@id":"https:\/\/sare.eus\/es\/de-ahora-en-adelante-redoblamos-esfuerzos-con-etxerako-bidean\/#primaryimage"},"thumbnailUrl":"https:\/\/sare.eus\/wp-content\/uploads\/2021\/10\/20210913_114051.jpg","datePublished":"2021-09-13T13:38:23+00:00","dateModified":"2021-10-20T15:57:42+00:00","breadcrumb":{"@id":"https:\/\/sare.eus\/es\/de-ahora-en-adelante-redoblamos-esfuerzos-con-etxerako-bidean\/#breadcrumb"},"inLanguage":"es","potentialAction":[{"@type":"ReadAction","target":["https:\/\/sare.eus\/es\/de-ahora-en-adelante-redoblamos-esfuerzos-con-etxerako-bidean\/"]}]},{"@type":"ImageObject","inLanguage":"es","@id":"https:\/\/sare.eus\/es\/de-ahora-en-adelante-redoblamos-esfuerzos-con-etxerako-bidean\/#primaryimage","url":"https:\/\/sare.eus\/wp-content\/uploads\/2021\/10\/20210913_114051.jpg","contentUrl":"https:\/\/sare.eus\/wp-content\/uploads\/2021\/10\/20210913_114051.jpg","width":900,"height":675},{"@type":"BreadcrumbList","@id":"https:\/\/sare.eus\/es\/de-ahora-en-adelante-redoblamos-esfuerzos-con-etxerako-bidean\/#breadcrumb","itemListElement":[{"@type":"ListItem","position":1,"name":"Home","item":"https:\/\/sare.eus\/"},{"@type":"ListItem","position":2,"name":"DE AHORA EN ADELANTE REDOBLAMOS ESFUERZOS CON \u201cETXERAKO BIDEAN\u201d"}]},{"@type":"WebSite","@id":"https:\/\/sare.eus\/#website","url":"https:\/\/sare.eus\/","name":"Sare Herritarra","description":"KONPONBIDEAREN ETA GIZA ESKUBIDEEN ALDEKO SARE HERRITARRA","publisher":{"@id":"https:\/\/sare.eus\/#organization"},"potentialAction":[{"@type":"SearchAction","target":{"@type":"EntryPoint","urlTemplate":"https:\/\/sare.eus\/?s={search_term_string}"},"query-input":{"@type":"PropertyValueSpecification","valueRequired":true,"valueName":"search_term_string"}}],"inLanguage":"es"},{"@type":"Organization","@id":"https:\/\/sare.eus\/#organization","name":"Sare Herritarra","url":"https:\/\/sare.eus\/","logo":{"@type":"ImageObject","inLanguage":"es","@id":"https:\/\/sare.eus\/#\/schema\/logo\/image\/","url":"https:\/\/sare.eus\/wp-content\/uploads\/2021\/08\/sare.png","contentUrl":"https:\/\/sare.eus\/wp-content\/uploads\/2021\/08\/sare.png","width":120,"height":142,"caption":"Sare Herritarra"},"image":{"@id":"https:\/\/sare.eus\/#\/schema\/logo\/image\/"}},{"@type":"Person","@id":"https:\/\/sare.eus\/#\/schema\/person\/5a711e7396face0569eb43391127616d","name":"admin","image":{"@type":"ImageObject","inLanguage":"es","@id":"https:\/\/sare.eus\/#\/schema\/person\/image\/","url":"https:\/\/secure.gravatar.com\/avatar\/d22a8cc353ba20fa3181b73b7b53a33b5b98923d9a2f9945443604d7359581c4?s=96&d=mm&r=g","contentUrl":"https:\/\/secure.gravatar.com\/avatar\/d22a8cc353ba20fa3181b73b7b53a33b5b98923d9a2f9945443604d7359581c4?s=96&d=mm&r=g","caption":"admin"},"url":"https:\/\/sare.eus\/es\/author\/prueba3371_a2783y7n\/"}]}},"_links":{"self":[{"href":"https:\/\/sare.eus\/es\/wp-json\/wp\/v2\/posts\/1308","targetHints":{"allow":["GET"]}}],"collection":[{"href":"https:\/\/sare.eus\/es\/wp-json\/wp\/v2\/posts"}],"about":[{"href":"https:\/\/sare.eus\/es\/wp-json\/wp\/v2\/types\/post"}],"author":[{"embeddable":true,"href":"https:\/\/sare.eus\/es\/wp-json\/wp\/v2\/users\/1"}],"replies":[{"embeddable":true,"href":"https:\/\/sare.eus\/es\/wp-json\/wp\/v2\/comments?post=1308"}],"version-history":[{"count":1,"href":"https:\/\/sare.eus\/es\/wp-json\/wp\/v2\/posts\/1308\/revisions"}],"predecessor-version":[{"id":1361,"href":"https:\/\/sare.eus\/es\/wp-json\/wp\/v2\/posts\/1308\/revisions\/1361"}],"wp:featuredmedia":[{"embeddable":true,"href":"https:\/\/sare.eus\/es\/wp-json\/wp\/v2\/media\/649"}],"wp:attachment":[{"href":"https:\/\/sare.eus\/es\/wp-json\/wp\/v2\/media?parent=1308"}],"wp:term":[{"taxonomy":"category","embeddable":true,"href":"https:\/\/sare.eus\/es\/wp-json\/wp\/v2\/categories?post=1308"},{"taxonomy":"post_tag","embeddable":true,"href":"https:\/\/sare.eus\/es\/wp-json\/wp\/v2\/tags?post=1308"}],"curies":[{"name":"wp","href":"https:\/\/api.w.org\/{rel}","templated":true}]}}