{"id":1306,"date":"2021-09-17T13:36:24","date_gmt":"2021-09-17T13:36:24","guid":{"rendered":"http:\/\/650tontor.sare.eus\/sare-desconvoca-la-marcha-de-arrasate-y-traslada-la-reivindicacion-en-contra-de-la-cadena-perpetua-a-todas-las-plazas-de-euskal-herria\/"},"modified":"2021-10-20T15:57:57","modified_gmt":"2021-10-20T15:57:57","slug":"sare-desconvoca-la-marcha-de-arrasate-y-traslada-la-reivindicacion-en-contra-de-la-cadena-perpetua-a-todas-las-plazas-de-euskal-herria","status":"publish","type":"post","link":"https:\/\/sare.eus\/es\/sare-desconvoca-la-marcha-de-arrasate-y-traslada-la-reivindicacion-en-contra-de-la-cadena-perpetua-a-todas-las-plazas-de-euskal-herria\/","title":{"rendered":"Sare desconvoca la marcha de Arrasate y traslada la reivindicaci\u00f3n en contra de la cadena perpetua a todas las plazas de Euskal Herria"},"content":{"rendered":"<blockquote>\n<p>La Red Ciudadana Sare denuncia que desde algunos sectores se ha intentado desvirtuar, e incluso criminalizar esta movilizaci\u00f3n a favor de los derechos humanos. Subrayando, que se han dado actitudes carentes de responsabilidad y con las cuales se ha reforzado las posiciones de quienes vienen rechazando cualquier cambio en positivo en la pol\u00edtica penitenciaria, que pretenden paralizar bajo presi\u00f3n y manipulaci\u00f3n. Sare ha querido recordar que los Derechos Humanos no son parcelables y no se pueden defender unos y despreciar otros.<\/p>\n<\/blockquote>\n<p><strong>CONTEXTO.<\/strong><\/p>\n<p>Desde hace semanas la Red Ciudadana SARE, y en particular, quienes en este \u00e1mbito trabajan en la localidad de Arrasate, hemos venido asistiendo a una incalificable presi\u00f3n, por la convocatoria realizada para este s\u00e1bado 18 de setiembre. Dijimos en su momento, lo repetimos el pasado lunes en Donostia y nos ratificamos hoy, que este acto convocado por SARE-Arrasate persegu\u00eda la denuncia p\u00fablica de una legislaci\u00f3n que con car\u00e1cter excepcional es de aplicaci\u00f3n a los presos y presas vascos.<\/p>\n<p>Nos referimos entonces y ahora, a la ley 7\/2003, aprobada \u201cad hoc\u201d, para su aplicaci\u00f3n a los presos vascos y que posibilita cadenas perpetuas encubiertas, porque sino que otra cosa es, cuando hay, aproximadamente, 15 presos\/as, condenados a 40 a\u00f1os de prisi\u00f3n efectiva. Condenas que van en direcci\u00f3n opuesta a lo indicado en la normativa penitenciaria, que insiste en el camino de la reintegraci\u00f3n social de las personas privadas de libertad.<br \/>\nDesimagina, Aramendi, Aretxabaleta, Badiola, Etxebarria, Castro, Larretxea, Parot, Troiti\u00f1o o Zapirain son algunos de estos presos.<\/p>\n<p>Desde algunos sectores medi\u00e1ticos, pol\u00edticos e incluso institucionales, se ha intentado desvirtuar, e incluso por parte de algunos criminalizar esta movilizaci\u00f3n a favor de los derechos humanos, con acusaciones carentes de raz\u00f3n, insistiendo repetidamente que este era un acto de homenaje a un preso concreto.<\/p>\n<p>A pesar de que esto se ha desmentido constantemente, se ha continuado insistiendo en ello. Nuestra verdad, nuestras razones, para esta convocatoria se han ignorado y se ha continuado con la insidia, la descalificaci\u00f3n y las presiones. Y lo que es m\u00e1s grave, deliberadamente, se ha ignorado la apuesta que siempre ha hecho SARE por la paz, la convivencia y la resoluci\u00f3n.<\/p>\n<p>MOMENTO HIST\u00d3RICO<br \/>\nSARE ha venido manifestando repetidamente en la importancia del momento hist\u00f3rico que estamos viviendo en nuestro Pa\u00eds. Un momento que exige no solo altura de miras, sino, tambi\u00e9n, apuesta de futuro. Un futuro basado en la convivencia y en la resoluci\u00f3n.<\/p>\n<p>Hemos venido valorando positivamente los pasos que se han venido dando, tras a\u00f1os de bloqueo, para poner fin a la pol\u00edtica de alejamiento y en la medida de nuestras posibilidades los hemos apoyado. Hemos conseguido, entre todos y todas, ir abriendo camino, paso a paso, pero sin mirar atr\u00e1s, para poner fin al r\u00e9gimen de excepcionalidad que contin\u00faan padeciendo los presos\/as vascas y sus familias y que ven vulnerados sus derechos.<\/p>\n<p>DENUNCIA.<br \/>\nEs por esta raz\u00f3n que hemos asistido desde la perplejidad a algunas actitudes que estos d\u00edas se han producido en el \u00e1mbito pol\u00edtico, institucional o medi\u00e1tico. Actitudes carentes de responsabilidad y con las cuales se ha reforzado las posiciones de quienes vienen rechazando cualquier cambio en positivo en la pol\u00edtica penitenciaria y pretenden paralizar bajo presi\u00f3n y manipulaci\u00f3n estos avances, no dudando para ello, en la utilizaci\u00f3n despreciable del dolor de las v\u00edctimas, us\u00e1ndolas como arma contra el contrario. En esas din\u00e1micas nunca encontraran a la Red Ciudadana SARE.<\/p>\n<p>DDHH<br \/>\nA quienes han querido contraponer a las v\u00edctimas de la violencia con el respeto de todos los Derechos Humanos para todas las personas queremos recordarles que los Derechos Humanos no son parcelables. No se pueden defender unos y despreciar otros.<\/p>\n<p>Sare no dejar\u00e1 nunca de defender y movilizarse por los derechos humanos de todas las personas y por tanto, tambi\u00e9n, de las personas privadas de libertad. Y m\u00e1s en concreto por los derechos que en un Estado que se dice democr\u00e1tico y de derecho corresponde a todos los ciudadanos, sin excepci\u00f3n.<\/p>\n<p>Hemos trasladado siempre nuestro respeto a todas las v\u00edctimas de la violencia. Hemos trabajado por crear espacios de convivencia y trasladar nuestra empat\u00eda hacia quienes han sido v\u00edctimas de todas las violencias generadas en nuestro Pueblo.<\/p>\n<p>Y es por esta raz\u00f3n que defendemos nuestra legitimidad, para continuar oponi\u00e9ndonos a todas las leyes y actuaciones vulneradoras de derechos, que como la ley 7\/2003, se aplica a un n\u00famero importante de presos y presas vascos.<\/p>\n<p>Es absolutamente compatible, nuestro respeto a las v\u00edctimas como nuestra denuncia de cualquier otra vulneraci\u00f3n de derechos humanos.<br \/>\nFlaco favor estar\u00edamos haciendo a nuestro Pueblo si call\u00e1ramos ante esta vulneraci\u00f3n de derechos, con el argumento falso de que se causa m\u00e1s dolor a las v\u00edctimas.<br \/>\n\u2028Es hora de buscar espacios de entendimiento, para poder avanzar en la convivencia y no de malmeter, desvirtuar y manipular, por fines pol\u00edticos o ideol\u00f3gicos. Debemos de actuar de manera responsable con el momento hist\u00f3rico que estamos viviendo. Estamos convencidos que, sin olvidar, es posible avanzar sin odiar.<\/p>\n<p>NO CONFRONTACI\u00d3N.<br \/>\nDijimos hace unos d\u00edas en Donostia, en la presentaci\u00f3n de la manifestaci\u00f3n que celebraremos all\u00ed el 23 de octubre, que no ve\u00edamos razones objetivas para desconvocar la marcha programada este s\u00e1bado en Arrasate.<br \/>\nSeg\u00fan han transcurrido los d\u00edas, vamos comprobando, con preocupaci\u00f3n, como este acto algunos quieren convertirlo en una confrontaci\u00f3n con quienes pac\u00edficamente tienen intenci\u00f3n de participar en \u00e9l.<\/p>\n<p>Desde la responsabilidad de la que siempre hemos querido defender, hoy tenemos que anunciar que no alimentaremos ning\u00fan espacio de confrontaci\u00f3n. Que a quienes ten\u00edan intenci\u00f3n de venir a Arrasate a confrontar, atendiendo las proclamas de la ultraderecha, no les vamos a posibilitar esa confrontaci\u00f3n.<br \/>\nEsta es la raz\u00f3n por la que hemos tomado la decisi\u00f3n, reflexionada conjuntamente con nuestros compa\u00f1eros de Sare-Arrasate, de desconvocar esta marcha y convocar para este mismo s\u00e1bado a la ma\u00f1ana, en todas las plazas de EH, concentraciones bajo el lema: \u201cBizi osorako zigorrik ez! Giza Eskubideak, elkarbizitza, konponbidea\u201d (No a la cadena perpetua. Derechos Humanos, convivencia y resoluci\u00f3n).<\/p>\n\n<iframe loading=\"lazy\" src=\"https:\/\/www.facebook.com\/plugins\/video.php?height=314&#038;href=https%3A%2F%2Fwww.facebook.com%2FsareherritarraEH%2Fvideos%2F360050705818717%2F&#038;show_text=false&#038;width=560&#038;t=0\" width=\"560\" height=\"314\" style=\"border:none;overflow:hidden\" scrolling=\"no\" frameborder=\"0\" allowfullscreen=\"true\" allow=\"autoplay; clipboard-write; encrypted-media; picture-in-picture; web-share\"><\/iframe>\r\n","protected":false},"excerpt":{"rendered":"<p>La Red Ciudadana Sare denuncia que desde algunos sectores se ha intentado desvirtuar, e incluso criminalizar esta movilizaci\u00f3n a favor de los derechos humanos. Subrayando, que se han dado actitudes [&hellip;]<\/p>\n","protected":false},"author":1,"featured_media":653,"comment_status":"open","ping_status":"open","sticky":false,"template":"","format":"standard","meta":{"_acf_changed":false,"_et_pb_use_builder":"off","_et_pb_old_content":"","_et_gb_content_width":"","footnotes":""},"categories":[69,71],"tags":[],"class_list":["post-1306","post","type-post","status-publish","format-standard","has-post-thumbnail","hentry","category-leyes-de-excepcion","category-suma-de-condenas","et-has-post-format-content","et_post_format-et-post-format-standard"],"acf":[],"yoast_head":"<!-- This site is optimized with the Yoast SEO plugin v26.4 - https:\/\/yoast.com\/wordpress\/plugins\/seo\/ -->\n<title>Sare desconvoca la marcha de Arrasate y traslada la reivindicaci\u00f3n en contra de la cadena perpetua a todas las plazas de Euskal Herria - Sare Herritarra<\/title>\n<meta name=\"robots\" content=\"index, follow, max-snippet:-1, max-image-preview:large, max-video-preview:-1\" \/>\n<link rel=\"canonical\" href=\"https:\/\/sare.eus\/es\/sare-desconvoca-la-marcha-de-arrasate-y-traslada-la-reivindicacion-en-contra-de-la-cadena-perpetua-a-todas-las-plazas-de-euskal-herria\/\" \/>\n<meta property=\"og:locale\" content=\"es_ES\" \/>\n<meta property=\"og:type\" content=\"article\" \/>\n<meta property=\"og:title\" content=\"Sare desconvoca la marcha de Arrasate y traslada la reivindicaci\u00f3n en contra de la cadena perpetua a todas las plazas de Euskal Herria - Sare Herritarra\" \/>\n<meta property=\"og:description\" content=\"La Red Ciudadana Sare denuncia que desde algunos sectores se ha intentado desvirtuar, e incluso criminalizar esta movilizaci\u00f3n a favor de los derechos humanos. Subrayando, que se han dado actitudes [&hellip;]\" \/>\n<meta property=\"og:url\" content=\"https:\/\/sare.eus\/es\/sare-desconvoca-la-marcha-de-arrasate-y-traslada-la-reivindicacion-en-contra-de-la-cadena-perpetua-a-todas-las-plazas-de-euskal-herria\/\" \/>\n<meta property=\"og:site_name\" content=\"Sare Herritarra\" \/>\n<meta property=\"article:published_time\" content=\"2021-09-17T13:36:24+00:00\" \/>\n<meta property=\"article:modified_time\" content=\"2021-10-20T15:57:57+00:00\" \/>\n<meta property=\"og:image\" content=\"https:\/\/sare.eus\/wp-content\/uploads\/2021\/10\/rueda-prensa-Arrasate-1.jpeg\" \/>\n\t<meta property=\"og:image:width\" content=\"800\" \/>\n\t<meta property=\"og:image:height\" content=\"450\" \/>\n\t<meta property=\"og:image:type\" content=\"image\/jpeg\" \/>\n<meta name=\"author\" content=\"admin\" \/>\n<meta name=\"twitter:card\" content=\"summary_large_image\" \/>\n<meta name=\"twitter:label1\" content=\"Escrito por\" \/>\n\t<meta name=\"twitter:data1\" content=\"admin\" \/>\n\t<meta name=\"twitter:label2\" content=\"Tiempo de lectura\" \/>\n\t<meta name=\"twitter:data2\" content=\"5 minutos\" \/>\n<script type=\"application\/ld+json\" class=\"yoast-schema-graph\">{\"@context\":\"https:\/\/schema.org\",\"@graph\":[{\"@type\":\"Article\",\"@id\":\"https:\/\/sare.eus\/es\/sare-desconvoca-la-marcha-de-arrasate-y-traslada-la-reivindicacion-en-contra-de-la-cadena-perpetua-a-todas-las-plazas-de-euskal-herria\/#article\",\"isPartOf\":{\"@id\":\"https:\/\/sare.eus\/es\/sare-desconvoca-la-marcha-de-arrasate-y-traslada-la-reivindicacion-en-contra-de-la-cadena-perpetua-a-todas-las-plazas-de-euskal-herria\/\"},\"author\":{\"name\":\"admin\",\"@id\":\"https:\/\/sare.eus\/#\/schema\/person\/5a711e7396face0569eb43391127616d\"},\"headline\":\"Sare desconvoca la marcha de Arrasate y traslada la reivindicaci\u00f3n en contra de la cadena perpetua a todas las plazas de Euskal Herria\",\"datePublished\":\"2021-09-17T13:36:24+00:00\",\"dateModified\":\"2021-10-20T15:57:57+00:00\",\"mainEntityOfPage\":{\"@id\":\"https:\/\/sare.eus\/es\/sare-desconvoca-la-marcha-de-arrasate-y-traslada-la-reivindicacion-en-contra-de-la-cadena-perpetua-a-todas-las-plazas-de-euskal-herria\/\"},\"wordCount\":1091,\"commentCount\":0,\"publisher\":{\"@id\":\"https:\/\/sare.eus\/#organization\"},\"image\":{\"@id\":\"https:\/\/sare.eus\/es\/sare-desconvoca-la-marcha-de-arrasate-y-traslada-la-reivindicacion-en-contra-de-la-cadena-perpetua-a-todas-las-plazas-de-euskal-herria\/#primaryimage\"},\"thumbnailUrl\":\"https:\/\/sare.eus\/wp-content\/uploads\/2021\/10\/rueda-prensa-Arrasate-1.jpeg\",\"articleSection\":[\"Leyes de Excepci\u00f3n\",\"Suma de Condenas\"],\"inLanguage\":\"es\",\"potentialAction\":[{\"@type\":\"CommentAction\",\"name\":\"Comment\",\"target\":[\"https:\/\/sare.eus\/es\/sare-desconvoca-la-marcha-de-arrasate-y-traslada-la-reivindicacion-en-contra-de-la-cadena-perpetua-a-todas-las-plazas-de-euskal-herria\/#respond\"]}]},{\"@type\":\"WebPage\",\"@id\":\"https:\/\/sare.eus\/es\/sare-desconvoca-la-marcha-de-arrasate-y-traslada-la-reivindicacion-en-contra-de-la-cadena-perpetua-a-todas-las-plazas-de-euskal-herria\/\",\"url\":\"https:\/\/sare.eus\/es\/sare-desconvoca-la-marcha-de-arrasate-y-traslada-la-reivindicacion-en-contra-de-la-cadena-perpetua-a-todas-las-plazas-de-euskal-herria\/\",\"name\":\"Sare desconvoca la marcha de Arrasate y traslada la reivindicaci\u00f3n en contra de la cadena perpetua a todas las plazas de Euskal Herria - Sare Herritarra\",\"isPartOf\":{\"@id\":\"https:\/\/sare.eus\/#website\"},\"primaryImageOfPage\":{\"@id\":\"https:\/\/sare.eus\/es\/sare-desconvoca-la-marcha-de-arrasate-y-traslada-la-reivindicacion-en-contra-de-la-cadena-perpetua-a-todas-las-plazas-de-euskal-herria\/#primaryimage\"},\"image\":{\"@id\":\"https:\/\/sare.eus\/es\/sare-desconvoca-la-marcha-de-arrasate-y-traslada-la-reivindicacion-en-contra-de-la-cadena-perpetua-a-todas-las-plazas-de-euskal-herria\/#primaryimage\"},\"thumbnailUrl\":\"https:\/\/sare.eus\/wp-content\/uploads\/2021\/10\/rueda-prensa-Arrasate-1.jpeg\",\"datePublished\":\"2021-09-17T13:36:24+00:00\",\"dateModified\":\"2021-10-20T15:57:57+00:00\",\"breadcrumb\":{\"@id\":\"https:\/\/sare.eus\/es\/sare-desconvoca-la-marcha-de-arrasate-y-traslada-la-reivindicacion-en-contra-de-la-cadena-perpetua-a-todas-las-plazas-de-euskal-herria\/#breadcrumb\"},\"inLanguage\":\"es\",\"potentialAction\":[{\"@type\":\"ReadAction\",\"target\":[\"https:\/\/sare.eus\/es\/sare-desconvoca-la-marcha-de-arrasate-y-traslada-la-reivindicacion-en-contra-de-la-cadena-perpetua-a-todas-las-plazas-de-euskal-herria\/\"]}]},{\"@type\":\"ImageObject\",\"inLanguage\":\"es\",\"@id\":\"https:\/\/sare.eus\/es\/sare-desconvoca-la-marcha-de-arrasate-y-traslada-la-reivindicacion-en-contra-de-la-cadena-perpetua-a-todas-las-plazas-de-euskal-herria\/#primaryimage\",\"url\":\"https:\/\/sare.eus\/wp-content\/uploads\/2021\/10\/rueda-prensa-Arrasate-1.jpeg\",\"contentUrl\":\"https:\/\/sare.eus\/wp-content\/uploads\/2021\/10\/rueda-prensa-Arrasate-1.jpeg\",\"width\":800,\"height\":450},{\"@type\":\"BreadcrumbList\",\"@id\":\"https:\/\/sare.eus\/es\/sare-desconvoca-la-marcha-de-arrasate-y-traslada-la-reivindicacion-en-contra-de-la-cadena-perpetua-a-todas-las-plazas-de-euskal-herria\/#breadcrumb\",\"itemListElement\":[{\"@type\":\"ListItem\",\"position\":1,\"name\":\"Home\",\"item\":\"https:\/\/sare.eus\/\"},{\"@type\":\"ListItem\",\"position\":2,\"name\":\"Sare desconvoca la marcha de Arrasate y traslada la reivindicaci\u00f3n en contra de la cadena perpetua a todas las plazas de Euskal Herria\"}]},{\"@type\":\"WebSite\",\"@id\":\"https:\/\/sare.eus\/#website\",\"url\":\"https:\/\/sare.eus\/\",\"name\":\"Sare Herritarra\",\"description\":\"KONPONBIDEAREN ETA GIZA ESKUBIDEEN ALDEKO SARE HERRITARRA\",\"publisher\":{\"@id\":\"https:\/\/sare.eus\/#organization\"},\"potentialAction\":[{\"@type\":\"SearchAction\",\"target\":{\"@type\":\"EntryPoint\",\"urlTemplate\":\"https:\/\/sare.eus\/?s={search_term_string}\"},\"query-input\":{\"@type\":\"PropertyValueSpecification\",\"valueRequired\":true,\"valueName\":\"search_term_string\"}}],\"inLanguage\":\"es\"},{\"@type\":\"Organization\",\"@id\":\"https:\/\/sare.eus\/#organization\",\"name\":\"Sare Herritarra\",\"url\":\"https:\/\/sare.eus\/\",\"logo\":{\"@type\":\"ImageObject\",\"inLanguage\":\"es\",\"@id\":\"https:\/\/sare.eus\/#\/schema\/logo\/image\/\",\"url\":\"https:\/\/sare.eus\/wp-content\/uploads\/2021\/08\/sare.png\",\"contentUrl\":\"https:\/\/sare.eus\/wp-content\/uploads\/2021\/08\/sare.png\",\"width\":120,\"height\":142,\"caption\":\"Sare Herritarra\"},\"image\":{\"@id\":\"https:\/\/sare.eus\/#\/schema\/logo\/image\/\"}},{\"@type\":\"Person\",\"@id\":\"https:\/\/sare.eus\/#\/schema\/person\/5a711e7396face0569eb43391127616d\",\"name\":\"admin\",\"image\":{\"@type\":\"ImageObject\",\"inLanguage\":\"es\",\"@id\":\"https:\/\/sare.eus\/#\/schema\/person\/image\/\",\"url\":\"https:\/\/secure.gravatar.com\/avatar\/d22a8cc353ba20fa3181b73b7b53a33b5b98923d9a2f9945443604d7359581c4?s=96&d=mm&r=g\",\"contentUrl\":\"https:\/\/secure.gravatar.com\/avatar\/d22a8cc353ba20fa3181b73b7b53a33b5b98923d9a2f9945443604d7359581c4?s=96&d=mm&r=g\",\"caption\":\"admin\"},\"url\":\"https:\/\/sare.eus\/es\/author\/prueba3371_a2783y7n\/\"}]}<\/script>\n<!-- \/ Yoast SEO plugin. -->","yoast_head_json":{"title":"Sare desconvoca la marcha de Arrasate y traslada la reivindicaci\u00f3n en contra de la cadena perpetua a todas las plazas de Euskal Herria - Sare Herritarra","robots":{"index":"index","follow":"follow","max-snippet":"max-snippet:-1","max-image-preview":"max-image-preview:large","max-video-preview":"max-video-preview:-1"},"canonical":"https:\/\/sare.eus\/es\/sare-desconvoca-la-marcha-de-arrasate-y-traslada-la-reivindicacion-en-contra-de-la-cadena-perpetua-a-todas-las-plazas-de-euskal-herria\/","og_locale":"es_ES","og_type":"article","og_title":"Sare desconvoca la marcha de Arrasate y traslada la reivindicaci\u00f3n en contra de la cadena perpetua a todas las plazas de Euskal Herria - Sare Herritarra","og_description":"La Red Ciudadana Sare denuncia que desde algunos sectores se ha intentado desvirtuar, e incluso criminalizar esta movilizaci\u00f3n a favor de los derechos humanos. Subrayando, que se han dado actitudes [&hellip;]","og_url":"https:\/\/sare.eus\/es\/sare-desconvoca-la-marcha-de-arrasate-y-traslada-la-reivindicacion-en-contra-de-la-cadena-perpetua-a-todas-las-plazas-de-euskal-herria\/","og_site_name":"Sare Herritarra","article_published_time":"2021-09-17T13:36:24+00:00","article_modified_time":"2021-10-20T15:57:57+00:00","og_image":[{"width":800,"height":450,"url":"https:\/\/sare.eus\/wp-content\/uploads\/2021\/10\/rueda-prensa-Arrasate-1.jpeg","type":"image\/jpeg"}],"author":"admin","twitter_card":"summary_large_image","twitter_misc":{"Escrito por":"admin","Tiempo de lectura":"5 minutos"},"schema":{"@context":"https:\/\/schema.org","@graph":[{"@type":"Article","@id":"https:\/\/sare.eus\/es\/sare-desconvoca-la-marcha-de-arrasate-y-traslada-la-reivindicacion-en-contra-de-la-cadena-perpetua-a-todas-las-plazas-de-euskal-herria\/#article","isPartOf":{"@id":"https:\/\/sare.eus\/es\/sare-desconvoca-la-marcha-de-arrasate-y-traslada-la-reivindicacion-en-contra-de-la-cadena-perpetua-a-todas-las-plazas-de-euskal-herria\/"},"author":{"name":"admin","@id":"https:\/\/sare.eus\/#\/schema\/person\/5a711e7396face0569eb43391127616d"},"headline":"Sare desconvoca la marcha de Arrasate y traslada la reivindicaci\u00f3n en contra de la cadena perpetua a todas las plazas de Euskal Herria","datePublished":"2021-09-17T13:36:24+00:00","dateModified":"2021-10-20T15:57:57+00:00","mainEntityOfPage":{"@id":"https:\/\/sare.eus\/es\/sare-desconvoca-la-marcha-de-arrasate-y-traslada-la-reivindicacion-en-contra-de-la-cadena-perpetua-a-todas-las-plazas-de-euskal-herria\/"},"wordCount":1091,"commentCount":0,"publisher":{"@id":"https:\/\/sare.eus\/#organization"},"image":{"@id":"https:\/\/sare.eus\/es\/sare-desconvoca-la-marcha-de-arrasate-y-traslada-la-reivindicacion-en-contra-de-la-cadena-perpetua-a-todas-las-plazas-de-euskal-herria\/#primaryimage"},"thumbnailUrl":"https:\/\/sare.eus\/wp-content\/uploads\/2021\/10\/rueda-prensa-Arrasate-1.jpeg","articleSection":["Leyes de Excepci\u00f3n","Suma de Condenas"],"inLanguage":"es","potentialAction":[{"@type":"CommentAction","name":"Comment","target":["https:\/\/sare.eus\/es\/sare-desconvoca-la-marcha-de-arrasate-y-traslada-la-reivindicacion-en-contra-de-la-cadena-perpetua-a-todas-las-plazas-de-euskal-herria\/#respond"]}]},{"@type":"WebPage","@id":"https:\/\/sare.eus\/es\/sare-desconvoca-la-marcha-de-arrasate-y-traslada-la-reivindicacion-en-contra-de-la-cadena-perpetua-a-todas-las-plazas-de-euskal-herria\/","url":"https:\/\/sare.eus\/es\/sare-desconvoca-la-marcha-de-arrasate-y-traslada-la-reivindicacion-en-contra-de-la-cadena-perpetua-a-todas-las-plazas-de-euskal-herria\/","name":"Sare desconvoca la marcha de Arrasate y traslada la reivindicaci\u00f3n en contra de la cadena perpetua a todas las plazas de Euskal Herria - Sare Herritarra","isPartOf":{"@id":"https:\/\/sare.eus\/#website"},"primaryImageOfPage":{"@id":"https:\/\/sare.eus\/es\/sare-desconvoca-la-marcha-de-arrasate-y-traslada-la-reivindicacion-en-contra-de-la-cadena-perpetua-a-todas-las-plazas-de-euskal-herria\/#primaryimage"},"image":{"@id":"https:\/\/sare.eus\/es\/sare-desconvoca-la-marcha-de-arrasate-y-traslada-la-reivindicacion-en-contra-de-la-cadena-perpetua-a-todas-las-plazas-de-euskal-herria\/#primaryimage"},"thumbnailUrl":"https:\/\/sare.eus\/wp-content\/uploads\/2021\/10\/rueda-prensa-Arrasate-1.jpeg","datePublished":"2021-09-17T13:36:24+00:00","dateModified":"2021-10-20T15:57:57+00:00","breadcrumb":{"@id":"https:\/\/sare.eus\/es\/sare-desconvoca-la-marcha-de-arrasate-y-traslada-la-reivindicacion-en-contra-de-la-cadena-perpetua-a-todas-las-plazas-de-euskal-herria\/#breadcrumb"},"inLanguage":"es","potentialAction":[{"@type":"ReadAction","target":["https:\/\/sare.eus\/es\/sare-desconvoca-la-marcha-de-arrasate-y-traslada-la-reivindicacion-en-contra-de-la-cadena-perpetua-a-todas-las-plazas-de-euskal-herria\/"]}]},{"@type":"ImageObject","inLanguage":"es","@id":"https:\/\/sare.eus\/es\/sare-desconvoca-la-marcha-de-arrasate-y-traslada-la-reivindicacion-en-contra-de-la-cadena-perpetua-a-todas-las-plazas-de-euskal-herria\/#primaryimage","url":"https:\/\/sare.eus\/wp-content\/uploads\/2021\/10\/rueda-prensa-Arrasate-1.jpeg","contentUrl":"https:\/\/sare.eus\/wp-content\/uploads\/2021\/10\/rueda-prensa-Arrasate-1.jpeg","width":800,"height":450},{"@type":"BreadcrumbList","@id":"https:\/\/sare.eus\/es\/sare-desconvoca-la-marcha-de-arrasate-y-traslada-la-reivindicacion-en-contra-de-la-cadena-perpetua-a-todas-las-plazas-de-euskal-herria\/#breadcrumb","itemListElement":[{"@type":"ListItem","position":1,"name":"Home","item":"https:\/\/sare.eus\/"},{"@type":"ListItem","position":2,"name":"Sare desconvoca la marcha de Arrasate y traslada la reivindicaci\u00f3n en contra de la cadena perpetua a todas las plazas de Euskal Herria"}]},{"@type":"WebSite","@id":"https:\/\/sare.eus\/#website","url":"https:\/\/sare.eus\/","name":"Sare Herritarra","description":"KONPONBIDEAREN ETA GIZA ESKUBIDEEN ALDEKO SARE HERRITARRA","publisher":{"@id":"https:\/\/sare.eus\/#organization"},"potentialAction":[{"@type":"SearchAction","target":{"@type":"EntryPoint","urlTemplate":"https:\/\/sare.eus\/?s={search_term_string}"},"query-input":{"@type":"PropertyValueSpecification","valueRequired":true,"valueName":"search_term_string"}}],"inLanguage":"es"},{"@type":"Organization","@id":"https:\/\/sare.eus\/#organization","name":"Sare Herritarra","url":"https:\/\/sare.eus\/","logo":{"@type":"ImageObject","inLanguage":"es","@id":"https:\/\/sare.eus\/#\/schema\/logo\/image\/","url":"https:\/\/sare.eus\/wp-content\/uploads\/2021\/08\/sare.png","contentUrl":"https:\/\/sare.eus\/wp-content\/uploads\/2021\/08\/sare.png","width":120,"height":142,"caption":"Sare Herritarra"},"image":{"@id":"https:\/\/sare.eus\/#\/schema\/logo\/image\/"}},{"@type":"Person","@id":"https:\/\/sare.eus\/#\/schema\/person\/5a711e7396face0569eb43391127616d","name":"admin","image":{"@type":"ImageObject","inLanguage":"es","@id":"https:\/\/sare.eus\/#\/schema\/person\/image\/","url":"https:\/\/secure.gravatar.com\/avatar\/d22a8cc353ba20fa3181b73b7b53a33b5b98923d9a2f9945443604d7359581c4?s=96&d=mm&r=g","contentUrl":"https:\/\/secure.gravatar.com\/avatar\/d22a8cc353ba20fa3181b73b7b53a33b5b98923d9a2f9945443604d7359581c4?s=96&d=mm&r=g","caption":"admin"},"url":"https:\/\/sare.eus\/es\/author\/prueba3371_a2783y7n\/"}]}},"_links":{"self":[{"href":"https:\/\/sare.eus\/es\/wp-json\/wp\/v2\/posts\/1306","targetHints":{"allow":["GET"]}}],"collection":[{"href":"https:\/\/sare.eus\/es\/wp-json\/wp\/v2\/posts"}],"about":[{"href":"https:\/\/sare.eus\/es\/wp-json\/wp\/v2\/types\/post"}],"author":[{"embeddable":true,"href":"https:\/\/sare.eus\/es\/wp-json\/wp\/v2\/users\/1"}],"replies":[{"embeddable":true,"href":"https:\/\/sare.eus\/es\/wp-json\/wp\/v2\/comments?post=1306"}],"version-history":[{"count":1,"href":"https:\/\/sare.eus\/es\/wp-json\/wp\/v2\/posts\/1306\/revisions"}],"predecessor-version":[{"id":1307,"href":"https:\/\/sare.eus\/es\/wp-json\/wp\/v2\/posts\/1306\/revisions\/1307"}],"wp:featuredmedia":[{"embeddable":true,"href":"https:\/\/sare.eus\/es\/wp-json\/wp\/v2\/media\/653"}],"wp:attachment":[{"href":"https:\/\/sare.eus\/es\/wp-json\/wp\/v2\/media?parent=1306"}],"wp:term":[{"taxonomy":"category","embeddable":true,"href":"https:\/\/sare.eus\/es\/wp-json\/wp\/v2\/categories?post=1306"},{"taxonomy":"post_tag","embeddable":true,"href":"https:\/\/sare.eus\/es\/wp-json\/wp\/v2\/tags?post=1306"}],"curies":[{"name":"wp","href":"https:\/\/api.w.org\/{rel}","templated":true}]}}