{"id":1231,"date":"2021-09-23T10:10:19","date_gmt":"2021-09-23T10:10:19","guid":{"rendered":"http:\/\/650tontor.sare.eus\/la-arabako-itzulia-presenta-su-recorrido\/"},"modified":"2021-10-20T15:58:09","modified_gmt":"2021-10-20T15:58:09","slug":"la-arabako-itzulia-presenta-su-recorrido","status":"publish","type":"post","link":"https:\/\/sare.eus\/es\/la-arabako-itzulia-presenta-su-recorrido\/","title":{"rendered":"La Arabako Itzulia presenta su recorrido"},"content":{"rendered":"<p>Es sabido que estas \u00faltimas semanas el movimiento ciudadano a favor de los derechos de las y los presos vascos ha sido objeto de manipulaci\u00f3n y criminalizaci\u00f3n por parte del movimiento de ultraderecha. El objetivo est\u00e1 claro: bloquear y obstaculizar los cambios que durante este \u00faltimo a\u00f1o se han llevado a cabo en pol\u00edtica penitenciaria.<\/p>\n<p>Estamos viendo como ante nuestros ojos se est\u00e1 abriendo una etapa, estamos dejando atr\u00e1s la pol\u00edtica penitenciaria de alejamiento y estamos dando comienzo a el acercamiento a casa de las y los presos vascos. Y en eso estamos trabajando las alavesas tambi\u00e9n. Basamos nuestras reivindicaciones en dos pilares fundamentales: el acercamiento a Euskal Herria de todas las personas presas y la progresi\u00f3n de grado. \u00c9se es el camino que tenemos que posibilitar durante los pr\u00f3ximos meses, ya que es el \u00fanico camino para traerlas a todas a casa. Seg\u00fan la legalidad vigente, siendo personas residentes en Euskal Herria deberi\u00e1n estar cumpliendo condena en los centros m\u00e1s cercanos. Y aplicando la legalidad que se establece para las dem\u00e1s personas presas, una vez cumplidas 3\/4 partes de la condena, deber\u00edan de tener acceso a permisos e incluso la libertad condicional. No estamos pidiendo ning\u00fan favor ni ning\u00fan privilegio. Estamos pidiendo que se respeten sus derechos como personas presas y que se aplique la ley.<\/p>\n<p>Decimos que estamos trabajando para poner fin de una vez a todas la pol\u00edticas penitenciarias de excepci\u00f3n que han estado vigentes durante tantos a\u00f1os, y eso con la fuerza y ayuda de todas.<\/p>\n<p>Para ello y dentro de la din\u00e1mica \u201cIbilian-Ibilian recorriendo el camino a casa\u201d las y los Alaveses tambien estamos en movimiento. El pr\u00f3ximo 7 de octubre a las dos del mediod\u00eda daremos comienzo a la Arabako Itzulia. Tomando el relevo de la marcha que recorrer\u00e1 Navarra la semana anterior, recorreremos m\u00e1s de 190 kilometros de manera ininterrumpida por todo el territorio alav\u00e9s. El primer d\u00eda nos dirigiremos hacia Santa Cruz de Campezo y despu\u00e9s de cenar en dicha localidad atravesaremos todo el sur de \u00c1lava. El viernes por la ma\u00f1ana desayunaremos en Trevi\u00f1o y andaremos hasta el centro penitenciario de Zaballa con la intenci\u00f3n de que nuestras reivindicaciones lleguen hasta dentro de la c\u00e1rcel. Por la tarde nos dirigiremos hasta Amurrio donde se realizar\u00e1 un acto en la plaza del pueblo. Esa misma noche recorreremos los aleda\u00f1os del Gorbea hasta llegar a Gasteiz. El s\u00e1bado por la ma\u00f1ana la marcha entrar\u00e1 en Gasteiz donde diferentes agentes tomar\u00e1n el testigo de la marcha hasta acabar a las 12:00 con un acto en la Plaza de los Fueros.<\/p>\n<p>En total son 190 kilometros repletos de solidaridad divididos en 45 pasos y atravesaermos m\u00e1s de 35 localidades alavesas. Todo eso, paso a paso hasta que traigamos a todas las personas presas a casa.<\/p>\n<p><strong>Presoak etxera!<\/strong><\/p>\n<p><strong>Ibilbide interaktiboa: <a href=\"http:\/\/labur.eus\/arabakoitzulia\" target=\"_blank\" rel=\"noopener noreferrer\">http:\/\/labur.eus\/arabakoitzulia\u00a0<\/a><\/strong><\/p>\n<p>&nbsp;<\/p>\n\n<figure class=\"wp-block-image size-full\"><img loading=\"lazy\" decoding=\"async\" width=\"636\" height=\"900\" src=\"https:\/\/sare.eus\/wp-content\/uploads\/2021\/10\/ARABAKO-itzulia-mapa_Mesa-de-trabajo-2-724x1024-1.jpg\" alt=\"\" class=\"wp-image-774\" srcset=\"https:\/\/sare.eus\/wp-content\/uploads\/2021\/10\/ARABAKO-itzulia-mapa_Mesa-de-trabajo-2-724x1024-1.jpg 636w, https:\/\/sare.eus\/wp-content\/uploads\/2021\/10\/ARABAKO-itzulia-mapa_Mesa-de-trabajo-2-724x1024-1-212x300.jpg 212w\" sizes=\"(max-width: 636px) 100vw, 636px\" \/><\/figure>\n","protected":false},"excerpt":{"rendered":"<p>Es sabido que estas \u00faltimas semanas el movimiento ciudadano a favor de los derechos de las y los presos vascos ha sido objeto de manipulaci\u00f3n y criminalizaci\u00f3n por parte del [&hellip;]<\/p>\n","protected":false},"author":1,"featured_media":778,"comment_status":"open","ping_status":"open","sticky":false,"template":"","format":"standard","meta":{"_acf_changed":false,"_et_pb_use_builder":"off","_et_pb_old_content":"","_et_gb_content_width":"","footnotes":""},"categories":[60],"tags":[],"class_list":["post-1231","post","type-post","status-publish","format-standard","has-post-thumbnail","hentry","category-etxera-es","et-has-post-format-content","et_post_format-et-post-format-standard"],"acf":[],"yoast_head":"<!-- This site is optimized with the Yoast SEO plugin v26.4 - https:\/\/yoast.com\/wordpress\/plugins\/seo\/ -->\n<title>La Arabako Itzulia presenta su recorrido - Sare Herritarra<\/title>\n<meta name=\"robots\" content=\"index, follow, max-snippet:-1, max-image-preview:large, max-video-preview:-1\" \/>\n<link rel=\"canonical\" href=\"https:\/\/sare.eus\/es\/la-arabako-itzulia-presenta-su-recorrido\/\" \/>\n<meta property=\"og:locale\" content=\"es_ES\" \/>\n<meta property=\"og:type\" content=\"article\" \/>\n<meta property=\"og:title\" content=\"La Arabako Itzulia presenta su recorrido - Sare Herritarra\" \/>\n<meta property=\"og:description\" content=\"Es sabido que estas \u00faltimas semanas el movimiento ciudadano a favor de los derechos de las y los presos vascos ha sido objeto de manipulaci\u00f3n y criminalizaci\u00f3n por parte del [&hellip;]\" \/>\n<meta property=\"og:url\" content=\"https:\/\/sare.eus\/es\/la-arabako-itzulia-presenta-su-recorrido\/\" \/>\n<meta property=\"og:site_name\" content=\"Sare Herritarra\" \/>\n<meta property=\"article:published_time\" content=\"2021-09-23T10:10:19+00:00\" \/>\n<meta property=\"article:modified_time\" content=\"2021-10-20T15:58:09+00:00\" \/>\n<meta property=\"og:image\" content=\"https:\/\/sare.eus\/wp-content\/uploads\/2021\/10\/gasteiaz-agerraldia-uai-516x387-1.jpg\" \/>\n\t<meta property=\"og:image:width\" content=\"516\" \/>\n\t<meta property=\"og:image:height\" content=\"387\" \/>\n\t<meta property=\"og:image:type\" content=\"image\/jpeg\" \/>\n<meta name=\"author\" content=\"admin\" \/>\n<meta name=\"twitter:card\" content=\"summary_large_image\" \/>\n<meta name=\"twitter:label1\" content=\"Escrito por\" \/>\n\t<meta name=\"twitter:data1\" content=\"admin\" \/>\n\t<meta name=\"twitter:label2\" content=\"Tiempo de lectura\" \/>\n\t<meta name=\"twitter:data2\" content=\"2 minutos\" \/>\n<script type=\"application\/ld+json\" class=\"yoast-schema-graph\">{\"@context\":\"https:\/\/schema.org\",\"@graph\":[{\"@type\":\"Article\",\"@id\":\"https:\/\/sare.eus\/es\/la-arabako-itzulia-presenta-su-recorrido\/#article\",\"isPartOf\":{\"@id\":\"https:\/\/sare.eus\/es\/la-arabako-itzulia-presenta-su-recorrido\/\"},\"author\":{\"name\":\"admin\",\"@id\":\"https:\/\/sare.eus\/#\/schema\/person\/5a711e7396face0569eb43391127616d\"},\"headline\":\"La Arabako Itzulia presenta su recorrido\",\"datePublished\":\"2021-09-23T10:10:19+00:00\",\"dateModified\":\"2021-10-20T15:58:09+00:00\",\"mainEntityOfPage\":{\"@id\":\"https:\/\/sare.eus\/es\/la-arabako-itzulia-presenta-su-recorrido\/\"},\"wordCount\":503,\"commentCount\":0,\"publisher\":{\"@id\":\"https:\/\/sare.eus\/#organization\"},\"image\":{\"@id\":\"https:\/\/sare.eus\/es\/la-arabako-itzulia-presenta-su-recorrido\/#primaryimage\"},\"thumbnailUrl\":\"https:\/\/sare.eus\/wp-content\/uploads\/2021\/10\/gasteiaz-agerraldia-uai-516x387-1.jpg\",\"articleSection\":[\"Etxera\"],\"inLanguage\":\"es\",\"potentialAction\":[{\"@type\":\"CommentAction\",\"name\":\"Comment\",\"target\":[\"https:\/\/sare.eus\/es\/la-arabako-itzulia-presenta-su-recorrido\/#respond\"]}]},{\"@type\":\"WebPage\",\"@id\":\"https:\/\/sare.eus\/es\/la-arabako-itzulia-presenta-su-recorrido\/\",\"url\":\"https:\/\/sare.eus\/es\/la-arabako-itzulia-presenta-su-recorrido\/\",\"name\":\"La Arabako Itzulia presenta su recorrido - Sare Herritarra\",\"isPartOf\":{\"@id\":\"https:\/\/sare.eus\/#website\"},\"primaryImageOfPage\":{\"@id\":\"https:\/\/sare.eus\/es\/la-arabako-itzulia-presenta-su-recorrido\/#primaryimage\"},\"image\":{\"@id\":\"https:\/\/sare.eus\/es\/la-arabako-itzulia-presenta-su-recorrido\/#primaryimage\"},\"thumbnailUrl\":\"https:\/\/sare.eus\/wp-content\/uploads\/2021\/10\/gasteiaz-agerraldia-uai-516x387-1.jpg\",\"datePublished\":\"2021-09-23T10:10:19+00:00\",\"dateModified\":\"2021-10-20T15:58:09+00:00\",\"breadcrumb\":{\"@id\":\"https:\/\/sare.eus\/es\/la-arabako-itzulia-presenta-su-recorrido\/#breadcrumb\"},\"inLanguage\":\"es\",\"potentialAction\":[{\"@type\":\"ReadAction\",\"target\":[\"https:\/\/sare.eus\/es\/la-arabako-itzulia-presenta-su-recorrido\/\"]}]},{\"@type\":\"ImageObject\",\"inLanguage\":\"es\",\"@id\":\"https:\/\/sare.eus\/es\/la-arabako-itzulia-presenta-su-recorrido\/#primaryimage\",\"url\":\"https:\/\/sare.eus\/wp-content\/uploads\/2021\/10\/gasteiaz-agerraldia-uai-516x387-1.jpg\",\"contentUrl\":\"https:\/\/sare.eus\/wp-content\/uploads\/2021\/10\/gasteiaz-agerraldia-uai-516x387-1.jpg\",\"width\":516,\"height\":387},{\"@type\":\"BreadcrumbList\",\"@id\":\"https:\/\/sare.eus\/es\/la-arabako-itzulia-presenta-su-recorrido\/#breadcrumb\",\"itemListElement\":[{\"@type\":\"ListItem\",\"position\":1,\"name\":\"Home\",\"item\":\"https:\/\/sare.eus\/\"},{\"@type\":\"ListItem\",\"position\":2,\"name\":\"La Arabako Itzulia presenta su recorrido\"}]},{\"@type\":\"WebSite\",\"@id\":\"https:\/\/sare.eus\/#website\",\"url\":\"https:\/\/sare.eus\/\",\"name\":\"Sare Herritarra\",\"description\":\"KONPONBIDEAREN ETA GIZA ESKUBIDEEN ALDEKO SARE HERRITARRA\",\"publisher\":{\"@id\":\"https:\/\/sare.eus\/#organization\"},\"potentialAction\":[{\"@type\":\"SearchAction\",\"target\":{\"@type\":\"EntryPoint\",\"urlTemplate\":\"https:\/\/sare.eus\/?s={search_term_string}\"},\"query-input\":{\"@type\":\"PropertyValueSpecification\",\"valueRequired\":true,\"valueName\":\"search_term_string\"}}],\"inLanguage\":\"es\"},{\"@type\":\"Organization\",\"@id\":\"https:\/\/sare.eus\/#organization\",\"name\":\"Sare Herritarra\",\"url\":\"https:\/\/sare.eus\/\",\"logo\":{\"@type\":\"ImageObject\",\"inLanguage\":\"es\",\"@id\":\"https:\/\/sare.eus\/#\/schema\/logo\/image\/\",\"url\":\"https:\/\/sare.eus\/wp-content\/uploads\/2021\/08\/sare.png\",\"contentUrl\":\"https:\/\/sare.eus\/wp-content\/uploads\/2021\/08\/sare.png\",\"width\":120,\"height\":142,\"caption\":\"Sare Herritarra\"},\"image\":{\"@id\":\"https:\/\/sare.eus\/#\/schema\/logo\/image\/\"}},{\"@type\":\"Person\",\"@id\":\"https:\/\/sare.eus\/#\/schema\/person\/5a711e7396face0569eb43391127616d\",\"name\":\"admin\",\"image\":{\"@type\":\"ImageObject\",\"inLanguage\":\"es\",\"@id\":\"https:\/\/sare.eus\/#\/schema\/person\/image\/\",\"url\":\"https:\/\/secure.gravatar.com\/avatar\/d22a8cc353ba20fa3181b73b7b53a33b5b98923d9a2f9945443604d7359581c4?s=96&d=mm&r=g\",\"contentUrl\":\"https:\/\/secure.gravatar.com\/avatar\/d22a8cc353ba20fa3181b73b7b53a33b5b98923d9a2f9945443604d7359581c4?s=96&d=mm&r=g\",\"caption\":\"admin\"},\"url\":\"https:\/\/sare.eus\/es\/author\/prueba3371_a2783y7n\/\"}]}<\/script>\n<!-- \/ Yoast SEO plugin. -->","yoast_head_json":{"title":"La Arabako Itzulia presenta su recorrido - Sare Herritarra","robots":{"index":"index","follow":"follow","max-snippet":"max-snippet:-1","max-image-preview":"max-image-preview:large","max-video-preview":"max-video-preview:-1"},"canonical":"https:\/\/sare.eus\/es\/la-arabako-itzulia-presenta-su-recorrido\/","og_locale":"es_ES","og_type":"article","og_title":"La Arabako Itzulia presenta su recorrido - Sare Herritarra","og_description":"Es sabido que estas \u00faltimas semanas el movimiento ciudadano a favor de los derechos de las y los presos vascos ha sido objeto de manipulaci\u00f3n y criminalizaci\u00f3n por parte del [&hellip;]","og_url":"https:\/\/sare.eus\/es\/la-arabako-itzulia-presenta-su-recorrido\/","og_site_name":"Sare Herritarra","article_published_time":"2021-09-23T10:10:19+00:00","article_modified_time":"2021-10-20T15:58:09+00:00","og_image":[{"width":516,"height":387,"url":"https:\/\/sare.eus\/wp-content\/uploads\/2021\/10\/gasteiaz-agerraldia-uai-516x387-1.jpg","type":"image\/jpeg"}],"author":"admin","twitter_card":"summary_large_image","twitter_misc":{"Escrito por":"admin","Tiempo de lectura":"2 minutos"},"schema":{"@context":"https:\/\/schema.org","@graph":[{"@type":"Article","@id":"https:\/\/sare.eus\/es\/la-arabako-itzulia-presenta-su-recorrido\/#article","isPartOf":{"@id":"https:\/\/sare.eus\/es\/la-arabako-itzulia-presenta-su-recorrido\/"},"author":{"name":"admin","@id":"https:\/\/sare.eus\/#\/schema\/person\/5a711e7396face0569eb43391127616d"},"headline":"La Arabako Itzulia presenta su recorrido","datePublished":"2021-09-23T10:10:19+00:00","dateModified":"2021-10-20T15:58:09+00:00","mainEntityOfPage":{"@id":"https:\/\/sare.eus\/es\/la-arabako-itzulia-presenta-su-recorrido\/"},"wordCount":503,"commentCount":0,"publisher":{"@id":"https:\/\/sare.eus\/#organization"},"image":{"@id":"https:\/\/sare.eus\/es\/la-arabako-itzulia-presenta-su-recorrido\/#primaryimage"},"thumbnailUrl":"https:\/\/sare.eus\/wp-content\/uploads\/2021\/10\/gasteiaz-agerraldia-uai-516x387-1.jpg","articleSection":["Etxera"],"inLanguage":"es","potentialAction":[{"@type":"CommentAction","name":"Comment","target":["https:\/\/sare.eus\/es\/la-arabako-itzulia-presenta-su-recorrido\/#respond"]}]},{"@type":"WebPage","@id":"https:\/\/sare.eus\/es\/la-arabako-itzulia-presenta-su-recorrido\/","url":"https:\/\/sare.eus\/es\/la-arabako-itzulia-presenta-su-recorrido\/","name":"La Arabako Itzulia presenta su recorrido - Sare Herritarra","isPartOf":{"@id":"https:\/\/sare.eus\/#website"},"primaryImageOfPage":{"@id":"https:\/\/sare.eus\/es\/la-arabako-itzulia-presenta-su-recorrido\/#primaryimage"},"image":{"@id":"https:\/\/sare.eus\/es\/la-arabako-itzulia-presenta-su-recorrido\/#primaryimage"},"thumbnailUrl":"https:\/\/sare.eus\/wp-content\/uploads\/2021\/10\/gasteiaz-agerraldia-uai-516x387-1.jpg","datePublished":"2021-09-23T10:10:19+00:00","dateModified":"2021-10-20T15:58:09+00:00","breadcrumb":{"@id":"https:\/\/sare.eus\/es\/la-arabako-itzulia-presenta-su-recorrido\/#breadcrumb"},"inLanguage":"es","potentialAction":[{"@type":"ReadAction","target":["https:\/\/sare.eus\/es\/la-arabako-itzulia-presenta-su-recorrido\/"]}]},{"@type":"ImageObject","inLanguage":"es","@id":"https:\/\/sare.eus\/es\/la-arabako-itzulia-presenta-su-recorrido\/#primaryimage","url":"https:\/\/sare.eus\/wp-content\/uploads\/2021\/10\/gasteiaz-agerraldia-uai-516x387-1.jpg","contentUrl":"https:\/\/sare.eus\/wp-content\/uploads\/2021\/10\/gasteiaz-agerraldia-uai-516x387-1.jpg","width":516,"height":387},{"@type":"BreadcrumbList","@id":"https:\/\/sare.eus\/es\/la-arabako-itzulia-presenta-su-recorrido\/#breadcrumb","itemListElement":[{"@type":"ListItem","position":1,"name":"Home","item":"https:\/\/sare.eus\/"},{"@type":"ListItem","position":2,"name":"La Arabako Itzulia presenta su recorrido"}]},{"@type":"WebSite","@id":"https:\/\/sare.eus\/#website","url":"https:\/\/sare.eus\/","name":"Sare Herritarra","description":"KONPONBIDEAREN ETA GIZA ESKUBIDEEN ALDEKO SARE HERRITARRA","publisher":{"@id":"https:\/\/sare.eus\/#organization"},"potentialAction":[{"@type":"SearchAction","target":{"@type":"EntryPoint","urlTemplate":"https:\/\/sare.eus\/?s={search_term_string}"},"query-input":{"@type":"PropertyValueSpecification","valueRequired":true,"valueName":"search_term_string"}}],"inLanguage":"es"},{"@type":"Organization","@id":"https:\/\/sare.eus\/#organization","name":"Sare Herritarra","url":"https:\/\/sare.eus\/","logo":{"@type":"ImageObject","inLanguage":"es","@id":"https:\/\/sare.eus\/#\/schema\/logo\/image\/","url":"https:\/\/sare.eus\/wp-content\/uploads\/2021\/08\/sare.png","contentUrl":"https:\/\/sare.eus\/wp-content\/uploads\/2021\/08\/sare.png","width":120,"height":142,"caption":"Sare Herritarra"},"image":{"@id":"https:\/\/sare.eus\/#\/schema\/logo\/image\/"}},{"@type":"Person","@id":"https:\/\/sare.eus\/#\/schema\/person\/5a711e7396face0569eb43391127616d","name":"admin","image":{"@type":"ImageObject","inLanguage":"es","@id":"https:\/\/sare.eus\/#\/schema\/person\/image\/","url":"https:\/\/secure.gravatar.com\/avatar\/d22a8cc353ba20fa3181b73b7b53a33b5b98923d9a2f9945443604d7359581c4?s=96&d=mm&r=g","contentUrl":"https:\/\/secure.gravatar.com\/avatar\/d22a8cc353ba20fa3181b73b7b53a33b5b98923d9a2f9945443604d7359581c4?s=96&d=mm&r=g","caption":"admin"},"url":"https:\/\/sare.eus\/es\/author\/prueba3371_a2783y7n\/"}]}},"_links":{"self":[{"href":"https:\/\/sare.eus\/es\/wp-json\/wp\/v2\/posts\/1231","targetHints":{"allow":["GET"]}}],"collection":[{"href":"https:\/\/sare.eus\/es\/wp-json\/wp\/v2\/posts"}],"about":[{"href":"https:\/\/sare.eus\/es\/wp-json\/wp\/v2\/types\/post"}],"author":[{"embeddable":true,"href":"https:\/\/sare.eus\/es\/wp-json\/wp\/v2\/users\/1"}],"replies":[{"embeddable":true,"href":"https:\/\/sare.eus\/es\/wp-json\/wp\/v2\/comments?post=1231"}],"version-history":[{"count":1,"href":"https:\/\/sare.eus\/es\/wp-json\/wp\/v2\/posts\/1231\/revisions"}],"predecessor-version":[{"id":1232,"href":"https:\/\/sare.eus\/es\/wp-json\/wp\/v2\/posts\/1231\/revisions\/1232"}],"wp:featuredmedia":[{"embeddable":true,"href":"https:\/\/sare.eus\/es\/wp-json\/wp\/v2\/media\/778"}],"wp:attachment":[{"href":"https:\/\/sare.eus\/es\/wp-json\/wp\/v2\/media?parent=1231"}],"wp:term":[{"taxonomy":"category","embeddable":true,"href":"https:\/\/sare.eus\/es\/wp-json\/wp\/v2\/categories?post=1231"},{"taxonomy":"post_tag","embeddable":true,"href":"https:\/\/sare.eus\/es\/wp-json\/wp\/v2\/tags?post=1231"}],"curies":[{"name":"wp","href":"https:\/\/api.w.org\/{rel}","templated":true}]}}