{"id":1225,"date":"2021-10-19T09:50:07","date_gmt":"2021-10-19T09:50:07","guid":{"rendered":"http:\/\/650tontor.sare.eus\/sare-quiere-compartir-su-lectura-en-el-contexto-del-20-de-octubre-y-extender-el-ultimo-llamamiento-a-la-manifestacion-convocada-el-sabado\/"},"modified":"2021-10-20T15:59:04","modified_gmt":"2021-10-20T15:59:04","slug":"sare-quiere-compartir-su-lectura-en-el-contexto-del-20-de-octubre-y-extender-el-ultimo-llamamiento-a-la-manifestacion-convocada-el-sabado","status":"publish","type":"post","link":"https:\/\/sare.eus\/es\/sare-quiere-compartir-su-lectura-en-el-contexto-del-20-de-octubre-y-extender-el-ultimo-llamamiento-a-la-manifestacion-convocada-el-sabado\/","title":{"rendered":"SARE quiere compartir su lectura en el contexto del 20 de octubre y extender el \u00faltimo llamamiento a la manifestaci\u00f3n convocada el s\u00e1bado"},"content":{"rendered":"<p>Ma\u00f1ana se cumplen diez a\u00f1os de la decisi\u00f3n de ETA, de poner fin a su actividad. Diez a\u00f1os de un cambio en la realidad de este pa\u00eds, que ha abierto una oportunidad \u00fanica para avanzar; tanto en la convivencia y la paz, como en el respeto al sufrimiento acumulado en d\u00e9cadas anteriores y a los DDHH de todas las personas. Una oportunidad \u00fanica que, toca decir, hemos aprovechado en parte, ya que a\u00fan, se siguen manteniendo vulneraciones de derechos, tanto en la pol\u00edtica penitenciaria, como en el reconocimiento de todas las v\u00edctimas. Debemos abordar todas las consecuencias y dar soluci\u00f3n a todas las vulneraciones si de verdad queremos avanzar hacia esa convivencia tan necesaria.<\/p>\n<p>Hoy, queremos iniciar dando las gracias a todas las personas que durante estos diez a\u00f1os handado, de manera responsable y realizando un gran esfuerzo, un paso adelante y han aprovechado esta oportunidad para avanzar;\u2028\u2022 \u2013 desde su \u00e1mbito de trabajo, responsabilidad representativa o militancia\u2028\u2022 \u2013 en la calle, desde la activaci\u00f3n social\u2028\u2022 \u2013 o como en el caso de muchas v\u00edctima, con sendos ejercicios de empat\u00eda.<\/p>\n<p>Pero, como dec\u00edamos, esta oportunidad \u00fanica que se abr\u00eda hace diez a\u00f1os, la hemos aprovechado en parte. Porque, tambi\u00e9n creemos que nadie esperaba, que tras estos diez a\u00f1os, la situaci\u00f3n de los presos y presas vascos pertenecientes a aquella organizaci\u00f3n ya desaparecida, estar\u00eda todav\u00eda hoy, a falta de lograr soluciones justas ante una vulneraci\u00f3n de derechos, dif\u00edcilmente compatible con un Estado democr\u00e1tico que quiera homologarse a las democracias europeas.<\/p>\n<p>Es cierto que ha habido avances y as\u00ed lo hemos manifestado desde Sare. Podemos hablar de un comienzo de cambio en la pol\u00edtica penitenciaria que abre un camino hacia un cambio real, pero que solo seguir\u00e1 avanzando si seguimos caminando todos y todas juntas.<br \/>\nPero el fin de actividad de ETA, tambi\u00e9n deb\u00eda ser en fin de la pol\u00edtica penitenciaria de excepci\u00f3n. Si hace 10 a\u00f1os nos hubieran dicho, que el 56% de estos presos\/as, estar\u00eda hoy a\u00fan en c\u00e1rceles fuera de EH y a una distancia media de sus casas de entre 250 y 600 kms., no nos lo hubi\u00e9ramos cre\u00eddo.<\/p>\n<p>La pregunta que tenemos que hacernos es: \u00bfpor qu\u00e9 los familiares de estos presos y presas tienen que continuar recorriendo estas largas distancias, cuando podr\u00edan estar aqu\u00ed?.<br \/>\nEsto quiere decir, que a pesar del tiempo transcurrido desde la decisi\u00f3n de ETA, el alejamiento se mantiene. Son 104 presos\/as, los que a\u00fan se encuentran fuera de los CCPP de EH.<br \/>\nQueremos transmitirles a Vds., que la pr\u00e1ctica totalidad de estos 104 presos\/as, a excepci\u00f3n de tres o cuatro, han solicitado ya, o lo est\u00e1n haciendo estos d\u00edas, su traslado a c\u00e1rceles vascas. Estas peticiones deber\u00e1 aprobarla en primera instancia el Gobierno Espa\u00f1ol y despu\u00e9s el Gobierno Vasco. Tenemos confianza en que el GV no rechazar\u00e1 ninguna petici\u00f3n. En todo caso, estaremos muy atentos a estos movimientos.<\/p>\n<p>Desgraciadamente la pol\u00edtica penitenciaria de excepci\u00f3n tambi\u00e9n se aplica en otras materias que afecta de manera negativa a estos presos\/as y sus familias.<\/p>\n<p>\u2022 Solo 10 presos, est\u00e1n en tercer grado penitenciario, cuando m\u00e1s de un tercio, unos 70 presos, deber\u00edan estar en esa situaci\u00f3n y, 52 de ellos, con la aplicaci\u00f3n de la libertad condicional. Esto quiere decir, que mientras que en el conjunto de las c\u00e1rceles del Estado, el 93% de los presos, hacen con normalidad su transito de primer a tercer grado penitenciario, los presos vascos, contin\u00faan siendo una excepci\u00f3n y unicamente el 6% ha realizado este tr\u00e1nsito completo.<br \/>\n\u2022 Tambi\u00e9n, el 90% tiene derecho a disfrutar de permisos penitenciarios, tras haber cumplido la parte correspondiente de su condena, para ello. Y no est\u00e1 siendo as\u00ed.<br \/>\n\u2022 Nos encontramos adem\u00e1s con el bloqueo por parte de la Audiencia Nacional, que enmienda las decisiones de las JJTT y bloquea cualquier avance.<br \/>\n\u2022 Pedimos, en este y en los dem\u00e1s casos, justicia y humanidad.<br \/>\nEs por todo esto que hoy, en v\u00edsperas de este aniversario, queremos lanzar un mensaje claro; estamos ante la necesidad de consolidar este cambio de la pol\u00edtica penitenciaria. No podemos seguir alargando m\u00e1s esta situaci\u00f3n. Porque cada d\u00eda que pasa, son 24 horas m\u00e1s de vulneraci\u00f3n de derechos.<\/p>\n<p>Y para ello es imprescindible que como sociedad sigamos saliendo a la calle con esta reivindicaci\u00f3n y que los y las responsables sindicales, pol\u00edticos y sociales se impliquen tambi\u00e9n de manera activa.<\/p>\n<p>En definitiva, hay motivos de sobra para decir que no se puede continuar manteniendo esta situaci\u00f3n de vulneraci\u00f3n de derechos. Que la convivencia en nuestro Pa\u00eds, exige que se cierre este capitulo de confrontaci\u00f3n y sufrimiento. Y esto puede hacerse si hay voluntad para ello.<br \/>\nNos compete a todos, porque hablamos de derechos. De DDHH. De Convivencia. De Resoluci\u00f3n. De paz.<\/p>\n<p>Y es por ello, que para este 23 de octubre, no solo hemos invitado al conjunto de la ciudadan\u00eda a participar en dichas reivindicaciones. Tambi\u00e9n hemos trasladado esta invitaci\u00f3n a los y las representantes sindicales, pol\u00edticos y sociales de Euskal Herria. Aunque a\u00fan no tenemos la respuesta de todas ellas, podemos adelantaros hoy que a esta manifestaci\u00f3n asistir\u00e1 una amplia representaci\u00f3n de ex presos catalanes.<\/p>\n<p>Desde aqu\u00ed, queremos agradecer su apoyo y su compromiso con el cambio de la pol\u00edtica penitenciaria y los DDHH de todos y todas las personas presas.<\/p>\n<p>Tambi\u00e9n queremos comunicar que los miembros del grupo musical Gatibu nos acompa\u00f1ar\u00e1n este s\u00e1bado en el acto final, compartiendo con todos nosotros varias canciones.<br \/>\nMila esker, a todos y todas. Nos encontraremos el s\u00e1bado a las 17.00 en el T\u00fanel de la Antiguo.<\/p>\n","protected":false},"excerpt":{"rendered":"<p>Ma\u00f1ana se cumplen diez a\u00f1os de la decisi\u00f3n de ETA, de poner fin a su actividad. Diez a\u00f1os de un cambio en la realidad de este pa\u00eds, que ha abierto [&hellip;]<\/p>\n","protected":false},"author":1,"featured_media":1223,"comment_status":"closed","ping_status":"closed","sticky":false,"template":"","format":"standard","meta":{"_acf_changed":false,"_et_pb_use_builder":"off","_et_pb_old_content":"","_et_gb_content_width":"","footnotes":""},"categories":[60],"tags":[],"class_list":["post-1225","post","type-post","status-publish","format-standard","has-post-thumbnail","hentry","category-etxera-es","et-has-post-format-content","et_post_format-et-post-format-standard"],"acf":[],"yoast_head":"<!-- This site is optimized with the Yoast SEO plugin v26.4 - https:\/\/yoast.com\/wordpress\/plugins\/seo\/ -->\n<title>SARE quiere compartir su lectura en el contexto del 20 de octubre y extender el \u00faltimo llamamiento a la manifestaci\u00f3n convocada el s\u00e1bado - Sare Herritarra<\/title>\n<meta name=\"robots\" content=\"index, follow, max-snippet:-1, max-image-preview:large, max-video-preview:-1\" \/>\n<link rel=\"canonical\" href=\"https:\/\/sare.eus\/es\/sare-quiere-compartir-su-lectura-en-el-contexto-del-20-de-octubre-y-extender-el-ultimo-llamamiento-a-la-manifestacion-convocada-el-sabado\/\" \/>\n<meta property=\"og:locale\" content=\"es_ES\" \/>\n<meta property=\"og:type\" content=\"article\" \/>\n<meta property=\"og:title\" content=\"SARE quiere compartir su lectura en el contexto del 20 de octubre y extender el \u00faltimo llamamiento a la manifestaci\u00f3n convocada el s\u00e1bado - Sare Herritarra\" \/>\n<meta property=\"og:description\" content=\"Ma\u00f1ana se cumplen diez a\u00f1os de la decisi\u00f3n de ETA, de poner fin a su actividad. Diez a\u00f1os de un cambio en la realidad de este pa\u00eds, que ha abierto [&hellip;]\" \/>\n<meta property=\"og:url\" content=\"https:\/\/sare.eus\/es\/sare-quiere-compartir-su-lectura-en-el-contexto-del-20-de-octubre-y-extender-el-ultimo-llamamiento-a-la-manifestacion-convocada-el-sabado\/\" \/>\n<meta property=\"og:site_name\" content=\"Sare Herritarra\" \/>\n<meta property=\"article:published_time\" content=\"2021-10-19T09:50:07+00:00\" \/>\n<meta property=\"article:modified_time\" content=\"2021-10-20T15:59:04+00:00\" \/>\n<meta property=\"og:image\" content=\"https:\/\/sare.eus\/wp-content\/uploads\/2021\/10\/URRIAK-19-DONOSTIA-5-uai-516x387-1.jpeg\" \/>\n\t<meta property=\"og:image:width\" content=\"516\" \/>\n\t<meta property=\"og:image:height\" content=\"387\" \/>\n\t<meta property=\"og:image:type\" content=\"image\/jpeg\" \/>\n<meta name=\"author\" content=\"admin\" \/>\n<meta name=\"twitter:card\" content=\"summary_large_image\" \/>\n<meta name=\"twitter:label1\" content=\"Escrito por\" \/>\n\t<meta name=\"twitter:data1\" content=\"admin\" \/>\n\t<meta name=\"twitter:label2\" content=\"Tiempo de lectura\" \/>\n\t<meta name=\"twitter:data2\" content=\"5 minutos\" \/>\n<script type=\"application\/ld+json\" class=\"yoast-schema-graph\">{\"@context\":\"https:\/\/schema.org\",\"@graph\":[{\"@type\":\"Article\",\"@id\":\"https:\/\/sare.eus\/es\/sare-quiere-compartir-su-lectura-en-el-contexto-del-20-de-octubre-y-extender-el-ultimo-llamamiento-a-la-manifestacion-convocada-el-sabado\/#article\",\"isPartOf\":{\"@id\":\"https:\/\/sare.eus\/es\/sare-quiere-compartir-su-lectura-en-el-contexto-del-20-de-octubre-y-extender-el-ultimo-llamamiento-a-la-manifestacion-convocada-el-sabado\/\"},\"author\":{\"name\":\"admin\",\"@id\":\"https:\/\/sare.eus\/#\/schema\/person\/5a711e7396face0569eb43391127616d\"},\"headline\":\"SARE quiere compartir su lectura en el contexto del 20 de octubre y extender el \u00faltimo llamamiento a la manifestaci\u00f3n convocada el s\u00e1bado\",\"datePublished\":\"2021-10-19T09:50:07+00:00\",\"dateModified\":\"2021-10-20T15:59:04+00:00\",\"mainEntityOfPage\":{\"@id\":\"https:\/\/sare.eus\/es\/sare-quiere-compartir-su-lectura-en-el-contexto-del-20-de-octubre-y-extender-el-ultimo-llamamiento-a-la-manifestacion-convocada-el-sabado\/\"},\"wordCount\":1014,\"publisher\":{\"@id\":\"https:\/\/sare.eus\/#organization\"},\"image\":{\"@id\":\"https:\/\/sare.eus\/es\/sare-quiere-compartir-su-lectura-en-el-contexto-del-20-de-octubre-y-extender-el-ultimo-llamamiento-a-la-manifestacion-convocada-el-sabado\/#primaryimage\"},\"thumbnailUrl\":\"https:\/\/sare.eus\/wp-content\/uploads\/2021\/10\/URRIAK-19-DONOSTIA-5-uai-516x387-1.jpeg\",\"articleSection\":[\"Etxera\"],\"inLanguage\":\"es\"},{\"@type\":\"WebPage\",\"@id\":\"https:\/\/sare.eus\/es\/sare-quiere-compartir-su-lectura-en-el-contexto-del-20-de-octubre-y-extender-el-ultimo-llamamiento-a-la-manifestacion-convocada-el-sabado\/\",\"url\":\"https:\/\/sare.eus\/es\/sare-quiere-compartir-su-lectura-en-el-contexto-del-20-de-octubre-y-extender-el-ultimo-llamamiento-a-la-manifestacion-convocada-el-sabado\/\",\"name\":\"SARE quiere compartir su lectura en el contexto del 20 de octubre y extender el \u00faltimo llamamiento a la manifestaci\u00f3n convocada el s\u00e1bado - Sare Herritarra\",\"isPartOf\":{\"@id\":\"https:\/\/sare.eus\/#website\"},\"primaryImageOfPage\":{\"@id\":\"https:\/\/sare.eus\/es\/sare-quiere-compartir-su-lectura-en-el-contexto-del-20-de-octubre-y-extender-el-ultimo-llamamiento-a-la-manifestacion-convocada-el-sabado\/#primaryimage\"},\"image\":{\"@id\":\"https:\/\/sare.eus\/es\/sare-quiere-compartir-su-lectura-en-el-contexto-del-20-de-octubre-y-extender-el-ultimo-llamamiento-a-la-manifestacion-convocada-el-sabado\/#primaryimage\"},\"thumbnailUrl\":\"https:\/\/sare.eus\/wp-content\/uploads\/2021\/10\/URRIAK-19-DONOSTIA-5-uai-516x387-1.jpeg\",\"datePublished\":\"2021-10-19T09:50:07+00:00\",\"dateModified\":\"2021-10-20T15:59:04+00:00\",\"breadcrumb\":{\"@id\":\"https:\/\/sare.eus\/es\/sare-quiere-compartir-su-lectura-en-el-contexto-del-20-de-octubre-y-extender-el-ultimo-llamamiento-a-la-manifestacion-convocada-el-sabado\/#breadcrumb\"},\"inLanguage\":\"es\",\"potentialAction\":[{\"@type\":\"ReadAction\",\"target\":[\"https:\/\/sare.eus\/es\/sare-quiere-compartir-su-lectura-en-el-contexto-del-20-de-octubre-y-extender-el-ultimo-llamamiento-a-la-manifestacion-convocada-el-sabado\/\"]}]},{\"@type\":\"ImageObject\",\"inLanguage\":\"es\",\"@id\":\"https:\/\/sare.eus\/es\/sare-quiere-compartir-su-lectura-en-el-contexto-del-20-de-octubre-y-extender-el-ultimo-llamamiento-a-la-manifestacion-convocada-el-sabado\/#primaryimage\",\"url\":\"https:\/\/sare.eus\/wp-content\/uploads\/2021\/10\/URRIAK-19-DONOSTIA-5-uai-516x387-1.jpeg\",\"contentUrl\":\"https:\/\/sare.eus\/wp-content\/uploads\/2021\/10\/URRIAK-19-DONOSTIA-5-uai-516x387-1.jpeg\",\"width\":516,\"height\":387},{\"@type\":\"BreadcrumbList\",\"@id\":\"https:\/\/sare.eus\/es\/sare-quiere-compartir-su-lectura-en-el-contexto-del-20-de-octubre-y-extender-el-ultimo-llamamiento-a-la-manifestacion-convocada-el-sabado\/#breadcrumb\",\"itemListElement\":[{\"@type\":\"ListItem\",\"position\":1,\"name\":\"Home\",\"item\":\"https:\/\/sare.eus\/\"},{\"@type\":\"ListItem\",\"position\":2,\"name\":\"SARE quiere compartir su lectura en el contexto del 20 de octubre y extender el \u00faltimo llamamiento a la manifestaci\u00f3n convocada el s\u00e1bado\"}]},{\"@type\":\"WebSite\",\"@id\":\"https:\/\/sare.eus\/#website\",\"url\":\"https:\/\/sare.eus\/\",\"name\":\"Sare Herritarra\",\"description\":\"KONPONBIDEAREN ETA GIZA ESKUBIDEEN ALDEKO SARE HERRITARRA\",\"publisher\":{\"@id\":\"https:\/\/sare.eus\/#organization\"},\"potentialAction\":[{\"@type\":\"SearchAction\",\"target\":{\"@type\":\"EntryPoint\",\"urlTemplate\":\"https:\/\/sare.eus\/?s={search_term_string}\"},\"query-input\":{\"@type\":\"PropertyValueSpecification\",\"valueRequired\":true,\"valueName\":\"search_term_string\"}}],\"inLanguage\":\"es\"},{\"@type\":\"Organization\",\"@id\":\"https:\/\/sare.eus\/#organization\",\"name\":\"Sare Herritarra\",\"url\":\"https:\/\/sare.eus\/\",\"logo\":{\"@type\":\"ImageObject\",\"inLanguage\":\"es\",\"@id\":\"https:\/\/sare.eus\/#\/schema\/logo\/image\/\",\"url\":\"https:\/\/sare.eus\/wp-content\/uploads\/2021\/08\/sare.png\",\"contentUrl\":\"https:\/\/sare.eus\/wp-content\/uploads\/2021\/08\/sare.png\",\"width\":120,\"height\":142,\"caption\":\"Sare Herritarra\"},\"image\":{\"@id\":\"https:\/\/sare.eus\/#\/schema\/logo\/image\/\"}},{\"@type\":\"Person\",\"@id\":\"https:\/\/sare.eus\/#\/schema\/person\/5a711e7396face0569eb43391127616d\",\"name\":\"admin\",\"image\":{\"@type\":\"ImageObject\",\"inLanguage\":\"es\",\"@id\":\"https:\/\/sare.eus\/#\/schema\/person\/image\/\",\"url\":\"https:\/\/secure.gravatar.com\/avatar\/d22a8cc353ba20fa3181b73b7b53a33b5b98923d9a2f9945443604d7359581c4?s=96&d=mm&r=g\",\"contentUrl\":\"https:\/\/secure.gravatar.com\/avatar\/d22a8cc353ba20fa3181b73b7b53a33b5b98923d9a2f9945443604d7359581c4?s=96&d=mm&r=g\",\"caption\":\"admin\"},\"url\":\"https:\/\/sare.eus\/es\/author\/prueba3371_a2783y7n\/\"}]}<\/script>\n<!-- \/ Yoast SEO plugin. -->","yoast_head_json":{"title":"SARE quiere compartir su lectura en el contexto del 20 de octubre y extender el \u00faltimo llamamiento a la manifestaci\u00f3n convocada el s\u00e1bado - Sare Herritarra","robots":{"index":"index","follow":"follow","max-snippet":"max-snippet:-1","max-image-preview":"max-image-preview:large","max-video-preview":"max-video-preview:-1"},"canonical":"https:\/\/sare.eus\/es\/sare-quiere-compartir-su-lectura-en-el-contexto-del-20-de-octubre-y-extender-el-ultimo-llamamiento-a-la-manifestacion-convocada-el-sabado\/","og_locale":"es_ES","og_type":"article","og_title":"SARE quiere compartir su lectura en el contexto del 20 de octubre y extender el \u00faltimo llamamiento a la manifestaci\u00f3n convocada el s\u00e1bado - Sare Herritarra","og_description":"Ma\u00f1ana se cumplen diez a\u00f1os de la decisi\u00f3n de ETA, de poner fin a su actividad. Diez a\u00f1os de un cambio en la realidad de este pa\u00eds, que ha abierto [&hellip;]","og_url":"https:\/\/sare.eus\/es\/sare-quiere-compartir-su-lectura-en-el-contexto-del-20-de-octubre-y-extender-el-ultimo-llamamiento-a-la-manifestacion-convocada-el-sabado\/","og_site_name":"Sare Herritarra","article_published_time":"2021-10-19T09:50:07+00:00","article_modified_time":"2021-10-20T15:59:04+00:00","og_image":[{"width":516,"height":387,"url":"https:\/\/sare.eus\/wp-content\/uploads\/2021\/10\/URRIAK-19-DONOSTIA-5-uai-516x387-1.jpeg","type":"image\/jpeg"}],"author":"admin","twitter_card":"summary_large_image","twitter_misc":{"Escrito por":"admin","Tiempo de lectura":"5 minutos"},"schema":{"@context":"https:\/\/schema.org","@graph":[{"@type":"Article","@id":"https:\/\/sare.eus\/es\/sare-quiere-compartir-su-lectura-en-el-contexto-del-20-de-octubre-y-extender-el-ultimo-llamamiento-a-la-manifestacion-convocada-el-sabado\/#article","isPartOf":{"@id":"https:\/\/sare.eus\/es\/sare-quiere-compartir-su-lectura-en-el-contexto-del-20-de-octubre-y-extender-el-ultimo-llamamiento-a-la-manifestacion-convocada-el-sabado\/"},"author":{"name":"admin","@id":"https:\/\/sare.eus\/#\/schema\/person\/5a711e7396face0569eb43391127616d"},"headline":"SARE quiere compartir su lectura en el contexto del 20 de octubre y extender el \u00faltimo llamamiento a la manifestaci\u00f3n convocada el s\u00e1bado","datePublished":"2021-10-19T09:50:07+00:00","dateModified":"2021-10-20T15:59:04+00:00","mainEntityOfPage":{"@id":"https:\/\/sare.eus\/es\/sare-quiere-compartir-su-lectura-en-el-contexto-del-20-de-octubre-y-extender-el-ultimo-llamamiento-a-la-manifestacion-convocada-el-sabado\/"},"wordCount":1014,"publisher":{"@id":"https:\/\/sare.eus\/#organization"},"image":{"@id":"https:\/\/sare.eus\/es\/sare-quiere-compartir-su-lectura-en-el-contexto-del-20-de-octubre-y-extender-el-ultimo-llamamiento-a-la-manifestacion-convocada-el-sabado\/#primaryimage"},"thumbnailUrl":"https:\/\/sare.eus\/wp-content\/uploads\/2021\/10\/URRIAK-19-DONOSTIA-5-uai-516x387-1.jpeg","articleSection":["Etxera"],"inLanguage":"es"},{"@type":"WebPage","@id":"https:\/\/sare.eus\/es\/sare-quiere-compartir-su-lectura-en-el-contexto-del-20-de-octubre-y-extender-el-ultimo-llamamiento-a-la-manifestacion-convocada-el-sabado\/","url":"https:\/\/sare.eus\/es\/sare-quiere-compartir-su-lectura-en-el-contexto-del-20-de-octubre-y-extender-el-ultimo-llamamiento-a-la-manifestacion-convocada-el-sabado\/","name":"SARE quiere compartir su lectura en el contexto del 20 de octubre y extender el \u00faltimo llamamiento a la manifestaci\u00f3n convocada el s\u00e1bado - Sare Herritarra","isPartOf":{"@id":"https:\/\/sare.eus\/#website"},"primaryImageOfPage":{"@id":"https:\/\/sare.eus\/es\/sare-quiere-compartir-su-lectura-en-el-contexto-del-20-de-octubre-y-extender-el-ultimo-llamamiento-a-la-manifestacion-convocada-el-sabado\/#primaryimage"},"image":{"@id":"https:\/\/sare.eus\/es\/sare-quiere-compartir-su-lectura-en-el-contexto-del-20-de-octubre-y-extender-el-ultimo-llamamiento-a-la-manifestacion-convocada-el-sabado\/#primaryimage"},"thumbnailUrl":"https:\/\/sare.eus\/wp-content\/uploads\/2021\/10\/URRIAK-19-DONOSTIA-5-uai-516x387-1.jpeg","datePublished":"2021-10-19T09:50:07+00:00","dateModified":"2021-10-20T15:59:04+00:00","breadcrumb":{"@id":"https:\/\/sare.eus\/es\/sare-quiere-compartir-su-lectura-en-el-contexto-del-20-de-octubre-y-extender-el-ultimo-llamamiento-a-la-manifestacion-convocada-el-sabado\/#breadcrumb"},"inLanguage":"es","potentialAction":[{"@type":"ReadAction","target":["https:\/\/sare.eus\/es\/sare-quiere-compartir-su-lectura-en-el-contexto-del-20-de-octubre-y-extender-el-ultimo-llamamiento-a-la-manifestacion-convocada-el-sabado\/"]}]},{"@type":"ImageObject","inLanguage":"es","@id":"https:\/\/sare.eus\/es\/sare-quiere-compartir-su-lectura-en-el-contexto-del-20-de-octubre-y-extender-el-ultimo-llamamiento-a-la-manifestacion-convocada-el-sabado\/#primaryimage","url":"https:\/\/sare.eus\/wp-content\/uploads\/2021\/10\/URRIAK-19-DONOSTIA-5-uai-516x387-1.jpeg","contentUrl":"https:\/\/sare.eus\/wp-content\/uploads\/2021\/10\/URRIAK-19-DONOSTIA-5-uai-516x387-1.jpeg","width":516,"height":387},{"@type":"BreadcrumbList","@id":"https:\/\/sare.eus\/es\/sare-quiere-compartir-su-lectura-en-el-contexto-del-20-de-octubre-y-extender-el-ultimo-llamamiento-a-la-manifestacion-convocada-el-sabado\/#breadcrumb","itemListElement":[{"@type":"ListItem","position":1,"name":"Home","item":"https:\/\/sare.eus\/"},{"@type":"ListItem","position":2,"name":"SARE quiere compartir su lectura en el contexto del 20 de octubre y extender el \u00faltimo llamamiento a la manifestaci\u00f3n convocada el s\u00e1bado"}]},{"@type":"WebSite","@id":"https:\/\/sare.eus\/#website","url":"https:\/\/sare.eus\/","name":"Sare Herritarra","description":"KONPONBIDEAREN ETA GIZA ESKUBIDEEN ALDEKO SARE HERRITARRA","publisher":{"@id":"https:\/\/sare.eus\/#organization"},"potentialAction":[{"@type":"SearchAction","target":{"@type":"EntryPoint","urlTemplate":"https:\/\/sare.eus\/?s={search_term_string}"},"query-input":{"@type":"PropertyValueSpecification","valueRequired":true,"valueName":"search_term_string"}}],"inLanguage":"es"},{"@type":"Organization","@id":"https:\/\/sare.eus\/#organization","name":"Sare Herritarra","url":"https:\/\/sare.eus\/","logo":{"@type":"ImageObject","inLanguage":"es","@id":"https:\/\/sare.eus\/#\/schema\/logo\/image\/","url":"https:\/\/sare.eus\/wp-content\/uploads\/2021\/08\/sare.png","contentUrl":"https:\/\/sare.eus\/wp-content\/uploads\/2021\/08\/sare.png","width":120,"height":142,"caption":"Sare Herritarra"},"image":{"@id":"https:\/\/sare.eus\/#\/schema\/logo\/image\/"}},{"@type":"Person","@id":"https:\/\/sare.eus\/#\/schema\/person\/5a711e7396face0569eb43391127616d","name":"admin","image":{"@type":"ImageObject","inLanguage":"es","@id":"https:\/\/sare.eus\/#\/schema\/person\/image\/","url":"https:\/\/secure.gravatar.com\/avatar\/d22a8cc353ba20fa3181b73b7b53a33b5b98923d9a2f9945443604d7359581c4?s=96&d=mm&r=g","contentUrl":"https:\/\/secure.gravatar.com\/avatar\/d22a8cc353ba20fa3181b73b7b53a33b5b98923d9a2f9945443604d7359581c4?s=96&d=mm&r=g","caption":"admin"},"url":"https:\/\/sare.eus\/es\/author\/prueba3371_a2783y7n\/"}]}},"_links":{"self":[{"href":"https:\/\/sare.eus\/es\/wp-json\/wp\/v2\/posts\/1225","targetHints":{"allow":["GET"]}}],"collection":[{"href":"https:\/\/sare.eus\/es\/wp-json\/wp\/v2\/posts"}],"about":[{"href":"https:\/\/sare.eus\/es\/wp-json\/wp\/v2\/types\/post"}],"author":[{"embeddable":true,"href":"https:\/\/sare.eus\/es\/wp-json\/wp\/v2\/users\/1"}],"replies":[{"embeddable":true,"href":"https:\/\/sare.eus\/es\/wp-json\/wp\/v2\/comments?post=1225"}],"version-history":[{"count":1,"href":"https:\/\/sare.eus\/es\/wp-json\/wp\/v2\/posts\/1225\/revisions"}],"predecessor-version":[{"id":1363,"href":"https:\/\/sare.eus\/es\/wp-json\/wp\/v2\/posts\/1225\/revisions\/1363"}],"wp:featuredmedia":[{"embeddable":true,"href":"https:\/\/sare.eus\/es\/wp-json\/wp\/v2\/media\/1223"}],"wp:attachment":[{"href":"https:\/\/sare.eus\/es\/wp-json\/wp\/v2\/media?parent=1225"}],"wp:term":[{"taxonomy":"category","embeddable":true,"href":"https:\/\/sare.eus\/es\/wp-json\/wp\/v2\/categories?post=1225"},{"taxonomy":"post_tag","embeddable":true,"href":"https:\/\/sare.eus\/es\/wp-json\/wp\/v2\/tags?post=1225"}],"curies":[{"name":"wp","href":"https:\/\/api.w.org\/{rel}","templated":true}]}}