{"id":1191,"date":"2021-10-11T15:29:39","date_gmt":"2021-10-11T15:29:39","guid":{"rendered":"http:\/\/650tontor.sare.eus\/despues-de-tres-dias-de-marcha-y-185-kms-el-sabado-termino-arabako-itzulia-en-gasteiz\/"},"modified":"2021-10-20T15:59:22","modified_gmt":"2021-10-20T15:59:22","slug":"despues-de-tres-dias-de-marcha-y-185-kms-el-sabado-termino-arabako-itzulia-en-gasteiz","status":"publish","type":"post","link":"https:\/\/sare.eus\/es\/despues-de-tres-dias-de-marcha-y-185-kms-el-sabado-termino-arabako-itzulia-en-gasteiz\/","title":{"rendered":"Despu\u00e9s de tres d\u00edas de marcha y 185 kms. El s\u00e1bado termino Arabako Itzulia en Gasteiz"},"content":{"rendered":"<p>Despu\u00e9s de tres d\u00edas de marcha y 185 kms. recorridos, el s\u00e1bado terminamos en Araba esta din\u00e1mica. Agurain, Kanpezu, Trebi\u00f1u o Amurrio, son algunos de los lugares por los que hemos pasado.<\/p>\n<p>Despu\u00e9s de tres d\u00edas de marcha y 185 kms. recorridos, el s\u00e1bado terminamos en Araba esta din\u00e1mica. Agurain, Kanpezu, Trebi\u00f1u o Amurrio, son algunos de los lugares por los que hemos pasado.<\/p>\n<p>Reiteramos que estamos ante un momento clave. Importante. Tras d\u00e9cadas de inmovilismo, la pol\u00edtica penitenciaria ha comenzado a dar pasos en la direcci\u00f3n correcta, hacia la apertura del camino de regreso a casa de los presos\/as vascas. Es por ello, que con esta marcha y el lema \u201cIbilian-Ibilian etxerako bidean\u201d, queremos impulsar este proceso que est\u00e1 dando sus primeros pasos.<\/p>\n<p>El \u00e9xito de estos objetivos, requiere continuar impulsando acuerdos entre diferentes, as\u00ed como activando a la mayor\u00eda de la sociedad vasca. El objetivo merece la pena: convivencia, resoluci\u00f3n y paz. El camino que nos espera es largo y no carente de dificultades, pero en cada paso que damos estamos consiguiendo avanzar. Por ello, aprovechemos este momento y pongamos fin a tantas vulneraciones de derechos.<\/p>\n<blockquote>\n<p><strong> El 23 de octubre, tenemos una pr\u00f3xima cita. La manifestaci\u00f3n que recorrer\u00e1 desde las 17.00 de la tarde las calles de Donostia, lo har\u00e1 con el mismo objetivo: convivencia, paz y resoluci\u00f3n. <\/strong><\/p>\n<\/blockquote>\n\n<figure class=\"wp-block-embed is-type-video is-provider-youtube wp-block-embed-youtube wp-embed-aspect-16-9 wp-has-aspect-ratio\"><div class=\"wp-block-embed__wrapper\">\r\n<iframe loading=\"lazy\" title=\"Arabako Itzulia Bideo labuerpena  1 go Eguna\" width=\"1080\" height=\"608\" src=\"https:\/\/www.youtube.com\/embed\/O7lJIHnHhxY?list=PLfo14lvzTrOy4rDFBbDtNE8fsDuvxd5aV\" frameborder=\"0\" allow=\"accelerometer; autoplay; clipboard-write; encrypted-media; gyroscope; picture-in-picture\" allowfullscreen><\/iframe>\r\n<\/div><\/figure>\r\n","protected":false},"excerpt":{"rendered":"<p>Despu\u00e9s de tres d\u00edas de marcha y 185 kms. recorridos, el s\u00e1bado terminamos en Araba esta din\u00e1mica. Agurain, Kanpezu, Trebi\u00f1u o Amurrio, son algunos de los lugares por los que [&hellip;]<\/p>\n","protected":false},"author":1,"featured_media":793,"comment_status":"open","ping_status":"open","sticky":false,"template":"","format":"standard","meta":{"_acf_changed":false,"_et_pb_use_builder":"off","_et_pb_old_content":"","_et_gb_content_width":"","footnotes":""},"categories":[60],"tags":[61],"class_list":["post-1191","post","type-post","status-publish","format-standard","has-post-thumbnail","hentry","category-etxera-es","tag-portada-es","et-has-post-format-content","et_post_format-et-post-format-standard"],"acf":[],"yoast_head":"<!-- This site is optimized with the Yoast SEO plugin v26.4 - https:\/\/yoast.com\/wordpress\/plugins\/seo\/ -->\n<title>Despu\u00e9s de tres d\u00edas de marcha y 185 kms. El s\u00e1bado termino Arabako Itzulia en Gasteiz - Sare Herritarra<\/title>\n<meta name=\"robots\" content=\"index, follow, max-snippet:-1, max-image-preview:large, max-video-preview:-1\" \/>\n<link rel=\"canonical\" href=\"https:\/\/sare.eus\/es\/despues-de-tres-dias-de-marcha-y-185-kms-el-sabado-termino-arabako-itzulia-en-gasteiz\/\" \/>\n<meta property=\"og:locale\" content=\"es_ES\" \/>\n<meta property=\"og:type\" content=\"article\" \/>\n<meta property=\"og:title\" content=\"Despu\u00e9s de tres d\u00edas de marcha y 185 kms. El s\u00e1bado termino Arabako Itzulia en Gasteiz - Sare Herritarra\" \/>\n<meta property=\"og:description\" content=\"Despu\u00e9s de tres d\u00edas de marcha y 185 kms. recorridos, el s\u00e1bado terminamos en Araba esta din\u00e1mica. Agurain, Kanpezu, Trebi\u00f1u o Amurrio, son algunos de los lugares por los que [&hellip;]\" \/>\n<meta property=\"og:url\" content=\"https:\/\/sare.eus\/es\/despues-de-tres-dias-de-marcha-y-185-kms-el-sabado-termino-arabako-itzulia-en-gasteiz\/\" \/>\n<meta property=\"og:site_name\" content=\"Sare Herritarra\" \/>\n<meta property=\"article:published_time\" content=\"2021-10-11T15:29:39+00:00\" \/>\n<meta property=\"article:modified_time\" content=\"2021-10-20T15:59:22+00:00\" \/>\n<meta property=\"og:image\" content=\"https:\/\/sare.eus\/wp-content\/uploads\/2021\/10\/Arabako-Itzulia-0-2.jpg\" \/>\n\t<meta property=\"og:image:width\" content=\"800\" \/>\n\t<meta property=\"og:image:height\" content=\"600\" \/>\n\t<meta property=\"og:image:type\" content=\"image\/jpeg\" \/>\n<meta name=\"author\" content=\"admin\" \/>\n<meta name=\"twitter:card\" content=\"summary_large_image\" \/>\n<meta name=\"twitter:label1\" content=\"Escrito por\" \/>\n\t<meta name=\"twitter:data1\" content=\"admin\" \/>\n\t<meta name=\"twitter:label2\" content=\"Tiempo de lectura\" \/>\n\t<meta name=\"twitter:data2\" content=\"1 minuto\" \/>\n<script type=\"application\/ld+json\" class=\"yoast-schema-graph\">{\"@context\":\"https:\/\/schema.org\",\"@graph\":[{\"@type\":\"Article\",\"@id\":\"https:\/\/sare.eus\/es\/despues-de-tres-dias-de-marcha-y-185-kms-el-sabado-termino-arabako-itzulia-en-gasteiz\/#article\",\"isPartOf\":{\"@id\":\"https:\/\/sare.eus\/es\/despues-de-tres-dias-de-marcha-y-185-kms-el-sabado-termino-arabako-itzulia-en-gasteiz\/\"},\"author\":{\"name\":\"admin\",\"@id\":\"https:\/\/sare.eus\/#\/schema\/person\/5a711e7396face0569eb43391127616d\"},\"headline\":\"Despu\u00e9s de tres d\u00edas de marcha y 185 kms. El s\u00e1bado termino Arabako Itzulia en Gasteiz\",\"datePublished\":\"2021-10-11T15:29:39+00:00\",\"dateModified\":\"2021-10-20T15:59:22+00:00\",\"mainEntityOfPage\":{\"@id\":\"https:\/\/sare.eus\/es\/despues-de-tres-dias-de-marcha-y-185-kms-el-sabado-termino-arabako-itzulia-en-gasteiz\/\"},\"wordCount\":268,\"commentCount\":0,\"publisher\":{\"@id\":\"https:\/\/sare.eus\/#organization\"},\"image\":{\"@id\":\"https:\/\/sare.eus\/es\/despues-de-tres-dias-de-marcha-y-185-kms-el-sabado-termino-arabako-itzulia-en-gasteiz\/#primaryimage\"},\"thumbnailUrl\":\"https:\/\/sare.eus\/wp-content\/uploads\/2021\/10\/Arabako-Itzulia-0-2.jpg\",\"keywords\":[\"portada\"],\"articleSection\":[\"Etxera\"],\"inLanguage\":\"es\",\"potentialAction\":[{\"@type\":\"CommentAction\",\"name\":\"Comment\",\"target\":[\"https:\/\/sare.eus\/es\/despues-de-tres-dias-de-marcha-y-185-kms-el-sabado-termino-arabako-itzulia-en-gasteiz\/#respond\"]}]},{\"@type\":\"WebPage\",\"@id\":\"https:\/\/sare.eus\/es\/despues-de-tres-dias-de-marcha-y-185-kms-el-sabado-termino-arabako-itzulia-en-gasteiz\/\",\"url\":\"https:\/\/sare.eus\/es\/despues-de-tres-dias-de-marcha-y-185-kms-el-sabado-termino-arabako-itzulia-en-gasteiz\/\",\"name\":\"Despu\u00e9s de tres d\u00edas de marcha y 185 kms. El s\u00e1bado termino Arabako Itzulia en Gasteiz - Sare Herritarra\",\"isPartOf\":{\"@id\":\"https:\/\/sare.eus\/#website\"},\"primaryImageOfPage\":{\"@id\":\"https:\/\/sare.eus\/es\/despues-de-tres-dias-de-marcha-y-185-kms-el-sabado-termino-arabako-itzulia-en-gasteiz\/#primaryimage\"},\"image\":{\"@id\":\"https:\/\/sare.eus\/es\/despues-de-tres-dias-de-marcha-y-185-kms-el-sabado-termino-arabako-itzulia-en-gasteiz\/#primaryimage\"},\"thumbnailUrl\":\"https:\/\/sare.eus\/wp-content\/uploads\/2021\/10\/Arabako-Itzulia-0-2.jpg\",\"datePublished\":\"2021-10-11T15:29:39+00:00\",\"dateModified\":\"2021-10-20T15:59:22+00:00\",\"breadcrumb\":{\"@id\":\"https:\/\/sare.eus\/es\/despues-de-tres-dias-de-marcha-y-185-kms-el-sabado-termino-arabako-itzulia-en-gasteiz\/#breadcrumb\"},\"inLanguage\":\"es\",\"potentialAction\":[{\"@type\":\"ReadAction\",\"target\":[\"https:\/\/sare.eus\/es\/despues-de-tres-dias-de-marcha-y-185-kms-el-sabado-termino-arabako-itzulia-en-gasteiz\/\"]}]},{\"@type\":\"ImageObject\",\"inLanguage\":\"es\",\"@id\":\"https:\/\/sare.eus\/es\/despues-de-tres-dias-de-marcha-y-185-kms-el-sabado-termino-arabako-itzulia-en-gasteiz\/#primaryimage\",\"url\":\"https:\/\/sare.eus\/wp-content\/uploads\/2021\/10\/Arabako-Itzulia-0-2.jpg\",\"contentUrl\":\"https:\/\/sare.eus\/wp-content\/uploads\/2021\/10\/Arabako-Itzulia-0-2.jpg\",\"width\":800,\"height\":600},{\"@type\":\"BreadcrumbList\",\"@id\":\"https:\/\/sare.eus\/es\/despues-de-tres-dias-de-marcha-y-185-kms-el-sabado-termino-arabako-itzulia-en-gasteiz\/#breadcrumb\",\"itemListElement\":[{\"@type\":\"ListItem\",\"position\":1,\"name\":\"Home\",\"item\":\"https:\/\/sare.eus\/\"},{\"@type\":\"ListItem\",\"position\":2,\"name\":\"Despu\u00e9s de tres d\u00edas de marcha y 185 kms. El s\u00e1bado termino Arabako Itzulia en Gasteiz\"}]},{\"@type\":\"WebSite\",\"@id\":\"https:\/\/sare.eus\/#website\",\"url\":\"https:\/\/sare.eus\/\",\"name\":\"Sare Herritarra\",\"description\":\"KONPONBIDEAREN ETA GIZA ESKUBIDEEN ALDEKO SARE HERRITARRA\",\"publisher\":{\"@id\":\"https:\/\/sare.eus\/#organization\"},\"potentialAction\":[{\"@type\":\"SearchAction\",\"target\":{\"@type\":\"EntryPoint\",\"urlTemplate\":\"https:\/\/sare.eus\/?s={search_term_string}\"},\"query-input\":{\"@type\":\"PropertyValueSpecification\",\"valueRequired\":true,\"valueName\":\"search_term_string\"}}],\"inLanguage\":\"es\"},{\"@type\":\"Organization\",\"@id\":\"https:\/\/sare.eus\/#organization\",\"name\":\"Sare Herritarra\",\"url\":\"https:\/\/sare.eus\/\",\"logo\":{\"@type\":\"ImageObject\",\"inLanguage\":\"es\",\"@id\":\"https:\/\/sare.eus\/#\/schema\/logo\/image\/\",\"url\":\"https:\/\/sare.eus\/wp-content\/uploads\/2021\/08\/sare.png\",\"contentUrl\":\"https:\/\/sare.eus\/wp-content\/uploads\/2021\/08\/sare.png\",\"width\":120,\"height\":142,\"caption\":\"Sare Herritarra\"},\"image\":{\"@id\":\"https:\/\/sare.eus\/#\/schema\/logo\/image\/\"}},{\"@type\":\"Person\",\"@id\":\"https:\/\/sare.eus\/#\/schema\/person\/5a711e7396face0569eb43391127616d\",\"name\":\"admin\",\"image\":{\"@type\":\"ImageObject\",\"inLanguage\":\"es\",\"@id\":\"https:\/\/sare.eus\/#\/schema\/person\/image\/\",\"url\":\"https:\/\/secure.gravatar.com\/avatar\/d22a8cc353ba20fa3181b73b7b53a33b5b98923d9a2f9945443604d7359581c4?s=96&d=mm&r=g\",\"contentUrl\":\"https:\/\/secure.gravatar.com\/avatar\/d22a8cc353ba20fa3181b73b7b53a33b5b98923d9a2f9945443604d7359581c4?s=96&d=mm&r=g\",\"caption\":\"admin\"},\"url\":\"https:\/\/sare.eus\/es\/author\/prueba3371_a2783y7n\/\"}]}<\/script>\n<!-- \/ Yoast SEO plugin. -->","yoast_head_json":{"title":"Despu\u00e9s de tres d\u00edas de marcha y 185 kms. El s\u00e1bado termino Arabako Itzulia en Gasteiz - Sare Herritarra","robots":{"index":"index","follow":"follow","max-snippet":"max-snippet:-1","max-image-preview":"max-image-preview:large","max-video-preview":"max-video-preview:-1"},"canonical":"https:\/\/sare.eus\/es\/despues-de-tres-dias-de-marcha-y-185-kms-el-sabado-termino-arabako-itzulia-en-gasteiz\/","og_locale":"es_ES","og_type":"article","og_title":"Despu\u00e9s de tres d\u00edas de marcha y 185 kms. El s\u00e1bado termino Arabako Itzulia en Gasteiz - Sare Herritarra","og_description":"Despu\u00e9s de tres d\u00edas de marcha y 185 kms. recorridos, el s\u00e1bado terminamos en Araba esta din\u00e1mica. Agurain, Kanpezu, Trebi\u00f1u o Amurrio, son algunos de los lugares por los que [&hellip;]","og_url":"https:\/\/sare.eus\/es\/despues-de-tres-dias-de-marcha-y-185-kms-el-sabado-termino-arabako-itzulia-en-gasteiz\/","og_site_name":"Sare Herritarra","article_published_time":"2021-10-11T15:29:39+00:00","article_modified_time":"2021-10-20T15:59:22+00:00","og_image":[{"width":800,"height":600,"url":"https:\/\/sare.eus\/wp-content\/uploads\/2021\/10\/Arabako-Itzulia-0-2.jpg","type":"image\/jpeg"}],"author":"admin","twitter_card":"summary_large_image","twitter_misc":{"Escrito por":"admin","Tiempo de lectura":"1 minuto"},"schema":{"@context":"https:\/\/schema.org","@graph":[{"@type":"Article","@id":"https:\/\/sare.eus\/es\/despues-de-tres-dias-de-marcha-y-185-kms-el-sabado-termino-arabako-itzulia-en-gasteiz\/#article","isPartOf":{"@id":"https:\/\/sare.eus\/es\/despues-de-tres-dias-de-marcha-y-185-kms-el-sabado-termino-arabako-itzulia-en-gasteiz\/"},"author":{"name":"admin","@id":"https:\/\/sare.eus\/#\/schema\/person\/5a711e7396face0569eb43391127616d"},"headline":"Despu\u00e9s de tres d\u00edas de marcha y 185 kms. El s\u00e1bado termino Arabako Itzulia en Gasteiz","datePublished":"2021-10-11T15:29:39+00:00","dateModified":"2021-10-20T15:59:22+00:00","mainEntityOfPage":{"@id":"https:\/\/sare.eus\/es\/despues-de-tres-dias-de-marcha-y-185-kms-el-sabado-termino-arabako-itzulia-en-gasteiz\/"},"wordCount":268,"commentCount":0,"publisher":{"@id":"https:\/\/sare.eus\/#organization"},"image":{"@id":"https:\/\/sare.eus\/es\/despues-de-tres-dias-de-marcha-y-185-kms-el-sabado-termino-arabako-itzulia-en-gasteiz\/#primaryimage"},"thumbnailUrl":"https:\/\/sare.eus\/wp-content\/uploads\/2021\/10\/Arabako-Itzulia-0-2.jpg","keywords":["portada"],"articleSection":["Etxera"],"inLanguage":"es","potentialAction":[{"@type":"CommentAction","name":"Comment","target":["https:\/\/sare.eus\/es\/despues-de-tres-dias-de-marcha-y-185-kms-el-sabado-termino-arabako-itzulia-en-gasteiz\/#respond"]}]},{"@type":"WebPage","@id":"https:\/\/sare.eus\/es\/despues-de-tres-dias-de-marcha-y-185-kms-el-sabado-termino-arabako-itzulia-en-gasteiz\/","url":"https:\/\/sare.eus\/es\/despues-de-tres-dias-de-marcha-y-185-kms-el-sabado-termino-arabako-itzulia-en-gasteiz\/","name":"Despu\u00e9s de tres d\u00edas de marcha y 185 kms. El s\u00e1bado termino Arabako Itzulia en Gasteiz - Sare Herritarra","isPartOf":{"@id":"https:\/\/sare.eus\/#website"},"primaryImageOfPage":{"@id":"https:\/\/sare.eus\/es\/despues-de-tres-dias-de-marcha-y-185-kms-el-sabado-termino-arabako-itzulia-en-gasteiz\/#primaryimage"},"image":{"@id":"https:\/\/sare.eus\/es\/despues-de-tres-dias-de-marcha-y-185-kms-el-sabado-termino-arabako-itzulia-en-gasteiz\/#primaryimage"},"thumbnailUrl":"https:\/\/sare.eus\/wp-content\/uploads\/2021\/10\/Arabako-Itzulia-0-2.jpg","datePublished":"2021-10-11T15:29:39+00:00","dateModified":"2021-10-20T15:59:22+00:00","breadcrumb":{"@id":"https:\/\/sare.eus\/es\/despues-de-tres-dias-de-marcha-y-185-kms-el-sabado-termino-arabako-itzulia-en-gasteiz\/#breadcrumb"},"inLanguage":"es","potentialAction":[{"@type":"ReadAction","target":["https:\/\/sare.eus\/es\/despues-de-tres-dias-de-marcha-y-185-kms-el-sabado-termino-arabako-itzulia-en-gasteiz\/"]}]},{"@type":"ImageObject","inLanguage":"es","@id":"https:\/\/sare.eus\/es\/despues-de-tres-dias-de-marcha-y-185-kms-el-sabado-termino-arabako-itzulia-en-gasteiz\/#primaryimage","url":"https:\/\/sare.eus\/wp-content\/uploads\/2021\/10\/Arabako-Itzulia-0-2.jpg","contentUrl":"https:\/\/sare.eus\/wp-content\/uploads\/2021\/10\/Arabako-Itzulia-0-2.jpg","width":800,"height":600},{"@type":"BreadcrumbList","@id":"https:\/\/sare.eus\/es\/despues-de-tres-dias-de-marcha-y-185-kms-el-sabado-termino-arabako-itzulia-en-gasteiz\/#breadcrumb","itemListElement":[{"@type":"ListItem","position":1,"name":"Home","item":"https:\/\/sare.eus\/"},{"@type":"ListItem","position":2,"name":"Despu\u00e9s de tres d\u00edas de marcha y 185 kms. El s\u00e1bado termino Arabako Itzulia en Gasteiz"}]},{"@type":"WebSite","@id":"https:\/\/sare.eus\/#website","url":"https:\/\/sare.eus\/","name":"Sare Herritarra","description":"KONPONBIDEAREN ETA GIZA ESKUBIDEEN ALDEKO SARE HERRITARRA","publisher":{"@id":"https:\/\/sare.eus\/#organization"},"potentialAction":[{"@type":"SearchAction","target":{"@type":"EntryPoint","urlTemplate":"https:\/\/sare.eus\/?s={search_term_string}"},"query-input":{"@type":"PropertyValueSpecification","valueRequired":true,"valueName":"search_term_string"}}],"inLanguage":"es"},{"@type":"Organization","@id":"https:\/\/sare.eus\/#organization","name":"Sare Herritarra","url":"https:\/\/sare.eus\/","logo":{"@type":"ImageObject","inLanguage":"es","@id":"https:\/\/sare.eus\/#\/schema\/logo\/image\/","url":"https:\/\/sare.eus\/wp-content\/uploads\/2021\/08\/sare.png","contentUrl":"https:\/\/sare.eus\/wp-content\/uploads\/2021\/08\/sare.png","width":120,"height":142,"caption":"Sare Herritarra"},"image":{"@id":"https:\/\/sare.eus\/#\/schema\/logo\/image\/"}},{"@type":"Person","@id":"https:\/\/sare.eus\/#\/schema\/person\/5a711e7396face0569eb43391127616d","name":"admin","image":{"@type":"ImageObject","inLanguage":"es","@id":"https:\/\/sare.eus\/#\/schema\/person\/image\/","url":"https:\/\/secure.gravatar.com\/avatar\/d22a8cc353ba20fa3181b73b7b53a33b5b98923d9a2f9945443604d7359581c4?s=96&d=mm&r=g","contentUrl":"https:\/\/secure.gravatar.com\/avatar\/d22a8cc353ba20fa3181b73b7b53a33b5b98923d9a2f9945443604d7359581c4?s=96&d=mm&r=g","caption":"admin"},"url":"https:\/\/sare.eus\/es\/author\/prueba3371_a2783y7n\/"}]}},"_links":{"self":[{"href":"https:\/\/sare.eus\/es\/wp-json\/wp\/v2\/posts\/1191","targetHints":{"allow":["GET"]}}],"collection":[{"href":"https:\/\/sare.eus\/es\/wp-json\/wp\/v2\/posts"}],"about":[{"href":"https:\/\/sare.eus\/es\/wp-json\/wp\/v2\/types\/post"}],"author":[{"embeddable":true,"href":"https:\/\/sare.eus\/es\/wp-json\/wp\/v2\/users\/1"}],"replies":[{"embeddable":true,"href":"https:\/\/sare.eus\/es\/wp-json\/wp\/v2\/comments?post=1191"}],"version-history":[{"count":3,"href":"https:\/\/sare.eus\/es\/wp-json\/wp\/v2\/posts\/1191\/revisions"}],"predecessor-version":[{"id":1227,"href":"https:\/\/sare.eus\/es\/wp-json\/wp\/v2\/posts\/1191\/revisions\/1227"}],"wp:featuredmedia":[{"embeddable":true,"href":"https:\/\/sare.eus\/es\/wp-json\/wp\/v2\/media\/793"}],"wp:attachment":[{"href":"https:\/\/sare.eus\/es\/wp-json\/wp\/v2\/media?parent=1191"}],"wp:term":[{"taxonomy":"category","embeddable":true,"href":"https:\/\/sare.eus\/es\/wp-json\/wp\/v2\/categories?post=1191"},{"taxonomy":"post_tag","embeddable":true,"href":"https:\/\/sare.eus\/es\/wp-json\/wp\/v2\/tags?post=1191"}],"curies":[{"name":"wp","href":"https:\/\/api.w.org\/{rel}","templated":true}]}}